{"id":36450,"date":"2022-03-22T11:04:28","date_gmt":"2022-03-22T10:04:28","guid":{"rendered":"https:\/\/www.sitem.fr\/?p=36450"},"modified":"2022-03-22T11:04:28","modified_gmt":"2022-03-22T10:04:28","slug":"iris-morphee-cree-les-escales-olfactives-pour-la-saison-2022-du-parc-zoologique-de-paris","status":"publish","type":"post","link":"https:\/\/www.sitem.fr\/en\/iris-morphee-cree-les-escales-olfactives-pour-la-saison-2022-du-parc-zoologique-de-paris\/","title":{"rendered":"Iris &#038; Morph\u00e9e cr\u00e9e les escales olfactives pour la saison 2022 du Parc Zoologique de Paris"},"content":{"rendered":"<p>En 2022, le <strong>Parc Zoologique de Paris<\/strong> se d\u00e9voile autrement et invite les visiteurs \u00e0 un voyage sensoriel, \u00e0 la d\u00e9couverte de\u00a0leurs sens et de ceux des autres animaux.<\/p>\n<p>Les visiteurs partiront \u00e0 la d\u00e9couverte de nouveaut\u00e9s, dont plusieurs escales sensorielles permettant de s\u2019immerger dans l\u2019atmosph\u00e8re de chaque biozone \u00e0 travers les sons et les odeurs : <strong>Iris &amp; Morph\u00e9e a cr\u00e9\u00e9 sur-mesure les ambiances olfactives des Biozones Patagonie, Europe et Afrique.<\/strong><\/p>\n<p><strong><br \/>\n<\/strong>Les senteurs de l&#8217;oc\u00e9an Atlantique, de la savane apr\u00e8s la pluie et de la for\u00eat europ\u00e9enne sont donc diffus\u00e9es en ext\u00e9rieur.<br \/>\nVoyagez avec votre nez, vos yeux et vos oreilles jusqu&#8217;\u00e0 l&#8217;automneau coeur de ce <strong>parcours de visite immersif et multi-sensoriel.\u00a0<\/strong><\/p>\n<p>&nbsp;<\/p>\n<p>&nbsp;<\/p>\n<p class=\"entry-title\">Parc Zoologique de Paris \u2013 &#8220;Une saison toute en sensations&#8221;<br \/>\nLe week-end des 19 et 20 mars a lanc\u00e9 a le d\u00e9but de cette<strong> saison toute en sensations !<\/strong><\/p>\n","protected":false},"excerpt":{"rendered":"En 2022, le Parc Zoologique de Paris se d\u00e9voile autrement et invite les visiteurs \u00e0 un voyage sensoriel, \u00e0 la d\u00e9couverte de\u00a0leurs sens et de ceux des autres animaux. Les visiteurs partiront \u00e0 la d\u00e9couverte de nouveaut\u00e9s, dont plusieurs escales sensorielles permettant de s\u2019immerger dans l\u2019atmosph\u00e8re de chaque biozone \u00e0 travers les sons et les&#8230; <br><a class=\"readm\" href=\"https:\/\/www.sitem.fr\/en\/iris-morphee-cree-les-escales-olfactives-pour-la-saison-2022-du-parc-zoologique-de-paris\/\">Read more<\/a>","protected":false},"author":4435,"featured_media":36445,"comment_status":"closed","ping_status":"closed","sticky":false,"template":"","format":"standard","meta":{"_acf_changed":false,"footnotes":""},"categories":[1111,1,1034,367,925,1327],"tags":[2119,2338,2334,2163,2337,1943,1113,2336,2335],"class_list":["post-36450","post","type-post","status-publish","format-standard","has-post-thumbnail","hentry","category-actualites-recentes","category-non-classifiee","category-oeuvres","category-parcours-dinterpretation","category-pedagogie","category-valorisation-et-etude-des-collections-museales-et-patrimoniales","tag-ambiances","tag-atmosphere","tag-escales-olfactives","tag-iris-morphee","tag-multi-sensoriel","tag-parc-zoologique-de-paris","tag-prestataire","tag-visite-immersif","tag-voyage-sensoriel"],"acf":[],"_links":{"self":[{"href":"https:\/\/www.sitem.fr\/en\/wp-json\/wp\/v2\/posts\/36450","targetHints":{"allow":["GET"]}}],"collection":[{"href":"https:\/\/www.sitem.fr\/en\/wp-json\/wp\/v2\/posts"}],"about":[{"href":"https:\/\/www.sitem.fr\/en\/wp-json\/wp\/v2\/types\/post"}],"author":[{"embeddable":true,"href":"https:\/\/www.sitem.fr\/en\/wp-json\/wp\/v2\/users\/4435"}],"replies":[{"embeddable":true,"href":"https:\/\/www.sitem.fr\/en\/wp-json\/wp\/v2\/comments?post=36450"}],"version-history":[{"count":3,"href":"https:\/\/www.sitem.fr\/en\/wp-json\/wp\/v2\/posts\/36450\/revisions"}],"predecessor-version":[{"id":36460,"href":"https:\/\/www.sitem.fr\/en\/wp-json\/wp\/v2\/posts\/36450\/revisions\/36460"}],"wp:featuredmedia":[{"embeddable":true,"href":"https:\/\/www.sitem.fr\/en\/wp-json\/wp\/v2\/media\/36445"}],"wp:attachment":[{"href":"https:\/\/www.sitem.fr\/en\/wp-json\/wp\/v2\/media?parent=36450"}],"wp:term":[{"taxonomy":"category","embeddable":true,"href":"https:\/\/www.sitem.fr\/en\/wp-json\/wp\/v2\/categories?post=36450"},{"taxonomy":"post_tag","embeddable":true,"href":"https:\/\/www.sitem.fr\/en\/wp-json\/wp\/v2\/tags?post=36450"}],"curies":[{"name":"wp","href":"https:\/\/api.w.org\/{rel}","templated":true}]}}