{"id":3654,"date":"2014-07-31T15:29:51","date_gmt":"2014-07-31T13:29:51","guid":{"rendered":"https:\/\/www.sitem.fr\/?p=3654"},"modified":"2014-08-01T12:03:01","modified_gmt":"2014-08-01T10:03:01","slug":"kascen-fondations-memorial-dinant","status":"publish","type":"post","link":"https:\/\/www.sitem.fr\/en\/kascen-fondations-memorial-dinant\/","title":{"rendered":"Kascen pr\u00e9pare le terrain du M\u00e9morial de Dinant."},"content":{"rendered":"<p>L\u2019\u00e9quipe Kascen effectue les travaux de terrassement et de pr\u00e9paration des fondations pour le futur m\u00e9morial de Dinant (Belgique), en hommage aux 674 civils qui ont p\u00e9ri <a href=\"http:\/\/www.dinant.be\/patrimoine\/histoire-dinantaise\/sac-du-23-aout-1914\" target=\"_blank\">le 23 ao\u00fbt 1914<\/a>, victimes d\u2019exactions commises par l\u2019arm\u00e9e allemande.<\/p>\n<div id=\"attachment_3663\" style=\"width: 610px\" class=\"wp-caption alignnone\"><a href=\"http:\/\/www.ka-scenographes.com\/\" target=\"_blank\"><img loading=\"lazy\" decoding=\"async\" aria-describedby=\"caption-attachment-3663\" class=\"wp-image-3663 size-full\" src=\"https:\/\/www.sitem.fr\/wp-content\/uploads\/2014\/07\/140714_Actu_tablettes_Kascen.jpg\" alt=\"Simulation de la mise en lumi\u00e8re du M\u00e9morial de Dinant \u00a9 Kascen\" width=\"600\" height=\"365\" srcset=\"https:\/\/www.sitem.fr\/wp-content\/uploads\/2014\/07\/140714_Actu_tablettes_Kascen.jpg 600w, https:\/\/www.sitem.fr\/wp-content\/uploads\/2014\/07\/140714_Actu_tablettes_Kascen-300x182.jpg 300w\" sizes=\"auto, (max-width: 600px) 100vw, 600px\" \/><\/a><p id=\"caption-attachment-3663\" class=\"wp-caption-text\">Simulation de la mise en lumi\u00e8re du M\u00e9morial de Dinant \u00a9 Kascen<\/p><\/div>\n<div id=\"attachment_3659\" style=\"width: 233px\" class=\"wp-caption alignleft\"><a href=\"https:\/\/www.sitem.fr\/wp-content\/uploads\/2014\/07\/Memorial_fondations2.jpg\"><img loading=\"lazy\" decoding=\"async\" aria-describedby=\"caption-attachment-3659\" class=\"size-medium wp-image-3659\" src=\"https:\/\/www.sitem.fr\/wp-content\/uploads\/2014\/07\/Memorial_fondations2-223x300.jpg\" alt=\"\u00a9 Kascen\" width=\"223\" height=\"300\" srcset=\"https:\/\/www.sitem.fr\/wp-content\/uploads\/2014\/07\/Memorial_fondations2-223x300.jpg 223w, https:\/\/www.sitem.fr\/wp-content\/uploads\/2014\/07\/Memorial_fondations2.jpg 486w\" sizes=\"auto, (max-width: 223px) 100vw, 223px\" \/><\/a><p id=\"caption-attachment-3659\" class=\"wp-caption-text\">\u00a9 Kascen<\/p><\/div>\n<p>L&#8217;inauguration de cette conception-r\u00e9alisation sign\u00e9e Kascen est pr\u00e9vue pour le centenaire du sac. Le monument investit un jardin en terrasse surplombant la Meuse.<\/p>\n<p>Ce monument sera non seulement un lieu de recueillement mais \u00e9galement un lieu de vie. Il formera un nouveau point de rep\u00e8re dans le paysage urbain de Dinant.<\/p>\n<p><a href=\"http:\/\/www.ka-scenographes.com\/\" target=\"_blank\">www.ka-scenographes.com\/<\/a><\/p>\n<p><a href=\"http:\/\/www.dinant.be\/patrimoine\/histoire-dinantaise\/sac-du-23-aout-1914\" target=\"_blank\">www.dinant.be\/patrimoine\/histoire-dinantaise\/sac-du-23-aout-1914<\/a><\/p>\n<p><a href=\"http:\/\/www.dinant.be\/\" target=\"_blank\">www.dinant.be\/<\/a><\/p>\n<p>&nbsp;<\/p>\n<p>&nbsp;<\/p>\n<p>&nbsp;<\/p>\n<p><strong>Consultez la Fiche Annuaire de KASCEN :<\/strong><br \/>\n<a href=\"http:\/\/www.museumexperts.com\/annuaire\/prestataire\/4887\" target=\"_blank\">www.museumexperts.com\/annuaire\/prestataire\/4887<\/a><\/p>\n","protected":false},"excerpt":{"rendered":"L\u2019\u00e9quipe Kascen effectue les travaux de terrassement et de pr\u00e9paration des fondations pour le futur m\u00e9morial de Dinant (Belgique), en hommage aux 674 civils qui ont p\u00e9ri le 23 ao\u00fbt 1914, victimes d\u2019exactions commises par l\u2019arm\u00e9e allemande. L&#8217;inauguration de cette conception-r\u00e9alisation sign\u00e9e Kascen est pr\u00e9vue pour le centenaire du sac. Le monument investit un jardin&#8230; <br><a class=\"readm\" href=\"https:\/\/www.sitem.fr\/en\/kascen-fondations-memorial-dinant\/\">Read more<\/a>","protected":false},"author":2,"featured_media":3663,"comment_status":"open","ping_status":"open","sticky":false,"template":"","format":"standard","meta":{"_acf_changed":false,"footnotes":""},"categories":[136],"tags":[31],"class_list":["post-3654","post","type-post","status-publish","format-standard","has-post-thumbnail","hentry","category-architecture-2","tag-kascen"],"acf":[],"_links":{"self":[{"href":"https:\/\/www.sitem.fr\/en\/wp-json\/wp\/v2\/posts\/3654","targetHints":{"allow":["GET"]}}],"collection":[{"href":"https:\/\/www.sitem.fr\/en\/wp-json\/wp\/v2\/posts"}],"about":[{"href":"https:\/\/www.sitem.fr\/en\/wp-json\/wp\/v2\/types\/post"}],"author":[{"embeddable":true,"href":"https:\/\/www.sitem.fr\/en\/wp-json\/wp\/v2\/users\/2"}],"replies":[{"embeddable":true,"href":"https:\/\/www.sitem.fr\/en\/wp-json\/wp\/v2\/comments?post=3654"}],"version-history":[{"count":27,"href":"https:\/\/www.sitem.fr\/en\/wp-json\/wp\/v2\/posts\/3654\/revisions"}],"predecessor-version":[{"id":4033,"href":"https:\/\/www.sitem.fr\/en\/wp-json\/wp\/v2\/posts\/3654\/revisions\/4033"}],"wp:featuredmedia":[{"embeddable":true,"href":"https:\/\/www.sitem.fr\/en\/wp-json\/wp\/v2\/media\/3663"}],"wp:attachment":[{"href":"https:\/\/www.sitem.fr\/en\/wp-json\/wp\/v2\/media?parent=3654"}],"wp:term":[{"taxonomy":"category","embeddable":true,"href":"https:\/\/www.sitem.fr\/en\/wp-json\/wp\/v2\/categories?post=3654"},{"taxonomy":"post_tag","embeddable":true,"href":"https:\/\/www.sitem.fr\/en\/wp-json\/wp\/v2\/tags?post=3654"}],"curies":[{"name":"wp","href":"https:\/\/api.w.org\/{rel}","templated":true}]}}