{"id":36793,"date":"2022-04-14T08:21:25","date_gmt":"2022-04-14T06:21:25","guid":{"rendered":"https:\/\/www.sitem.fr\/?p=36793"},"modified":"2022-05-03T08:48:44","modified_gmt":"2022-05-03T06:48:44","slug":"exposition-1882-un-ete-nordique-au-chateau-de-maisons-par-latelier-deltaedre","status":"publish","type":"post","link":"https:\/\/www.sitem.fr\/en\/exposition-1882-un-ete-nordique-au-chateau-de-maisons-par-latelier-deltaedre\/","title":{"rendered":"Exposition &#8220;1882, un \u00e9t\u00e9 nordique au ch\u00e2teau de Maisons&#8221; par l&#8217;atelier Delta\u00e8dre"},"content":{"rendered":"<p>Au cours de l&#8217;\u00e9t\u00e9 1882, le ch\u00e2teau de Maisons Laffitte vit l&#8217;arriv\u00e9e de plusieurs artistes finlandais, convi\u00e9s par le propri\u00e9taire de l\u2019\u00e9poque, le collectionneur et peintre Wilhelm Tilman Gromm\u00e9. L\u2019exposition raconte cet \u00e9pisode m\u00e9connu de l&#8217;histoire du ch\u00e2teau, et traduit la pr\u00e9sence \u00e9ph\u00e9m\u00e8re des artistes par le biais des \u0153uvres peintes produites pendant leur s\u00e9jour, mais aussi par les photographies, les costumes, les objets et les correspondances.<\/p>\n<p>&nbsp;<\/p>\n<p>La sc\u00e9nographie d\u00e9velopp\u00e9e par l&#8217;<strong><a href=\"https:\/\/atelier-deltaedre.com\/\">Atelier Delta\u00e8dre<\/a><\/strong>, d\u00e9ploie des modules autonomes qui s\u2019int\u00e8grent dans les salles permanentes du parcours tout en prenant soin de conserver l\u2019authenticit\u00e9 des lieux. Ces structures m\u00e9talliques ind\u00e9pendantes permettent l\u2019accrochage des \u0153uvres et leur mise en lumi\u00e8re. Par leur composition dans l&#8217;espace, elles sont con\u00e7ues de sorte \u00e0 laisser passer le regard en conservant des perspectives ouvertes sur les salles. De grands d\u00e9cors photographiques semi-transparents \u00e9voquent avec l\u00e9g\u00e8ret\u00e9 la pr\u00e9sence \u00e9vanescente et furtive des artistes durant cet \u00e9t\u00e9 1882&#8230;<\/p>\n<div><\/div>\n<div><\/div>\n<div><\/div>\n<p><img loading=\"lazy\" decoding=\"async\" width=\"660\" height=\"440\" class=\"size-medium wp-image-36787 aligncenter\" src=\"https:\/\/www.sitem.fr\/wp-content\/uploads\/2022\/04\/\u00e9t\u00e9-nordique-Mars22\u00a9blondinBD-0025b-660x440.jpg\" alt=\"\" srcset=\"https:\/\/www.sitem.fr\/wp-content\/uploads\/2022\/04\/\u00e9t\u00e9-nordique-Mars22\u00a9blondinBD-0025b-660x440.jpg 660w, https:\/\/www.sitem.fr\/wp-content\/uploads\/2022\/04\/\u00e9t\u00e9-nordique-Mars22\u00a9blondinBD-0025b-600x400.jpg 600w, https:\/\/www.sitem.fr\/wp-content\/uploads\/2022\/04\/\u00e9t\u00e9-nordique-Mars22\u00a9blondinBD-0025b-1200x800.jpg 1200w, https:\/\/www.sitem.fr\/wp-content\/uploads\/2022\/04\/\u00e9t\u00e9-nordique-Mars22\u00a9blondinBD-0025b-768x512.jpg 768w, https:\/\/www.sitem.fr\/wp-content\/uploads\/2022\/04\/\u00e9t\u00e9-nordique-Mars22\u00a9blondinBD-0025b.jpg 1400w\" sizes=\"auto, (max-width: 660px) 100vw, 660px\" \/><\/p>\n<p>&nbsp;<\/p>\n<p><img loading=\"lazy\" decoding=\"async\" width=\"660\" height=\"440\" class=\"size-medium wp-image-36789 aligncenter\" src=\"https:\/\/www.sitem.fr\/wp-content\/uploads\/2022\/04\/\u00e9t\u00e9-nordique-Mars22\u00a9blondinBD-0009b-660x440.jpg\" alt=\"\" srcset=\"https:\/\/www.sitem.fr\/wp-content\/uploads\/2022\/04\/\u00e9t\u00e9-nordique-Mars22\u00a9blondinBD-0009b-660x440.jpg 660w, https:\/\/www.sitem.fr\/wp-content\/uploads\/2022\/04\/\u00e9t\u00e9-nordique-Mars22\u00a9blondinBD-0009b-600x400.jpg 600w, https:\/\/www.sitem.fr\/wp-content\/uploads\/2022\/04\/\u00e9t\u00e9-nordique-Mars22\u00a9blondinBD-0009b-1200x800.jpg 1200w, https:\/\/www.sitem.fr\/wp-content\/uploads\/2022\/04\/\u00e9t\u00e9-nordique-Mars22\u00a9blondinBD-0009b-768x512.jpg 768w, https:\/\/www.sitem.fr\/wp-content\/uploads\/2022\/04\/\u00e9t\u00e9-nordique-Mars22\u00a9blondinBD-0009b.jpg 1400w\" sizes=\"auto, (max-width: 660px) 100vw, 660px\" \/><\/p>\n<p>&nbsp;<\/p>\n<p><img loading=\"lazy\" decoding=\"async\" width=\"660\" height=\"440\" class=\"size-medium wp-image-36785 aligncenter\" src=\"https:\/\/www.sitem.fr\/wp-content\/uploads\/2022\/04\/\u00e9t\u00e9-nordique-Mars22\u00a9blondinBD-0026-660x440.jpg\" alt=\"\" srcset=\"https:\/\/www.sitem.fr\/wp-content\/uploads\/2022\/04\/\u00e9t\u00e9-nordique-Mars22\u00a9blondinBD-0026-660x440.jpg 660w, https:\/\/www.sitem.fr\/wp-content\/uploads\/2022\/04\/\u00e9t\u00e9-nordique-Mars22\u00a9blondinBD-0026-600x400.jpg 600w, https:\/\/www.sitem.fr\/wp-content\/uploads\/2022\/04\/\u00e9t\u00e9-nordique-Mars22\u00a9blondinBD-0026-1200x800.jpg 1200w, https:\/\/www.sitem.fr\/wp-content\/uploads\/2022\/04\/\u00e9t\u00e9-nordique-Mars22\u00a9blondinBD-0026-768x512.jpg 768w, https:\/\/www.sitem.fr\/wp-content\/uploads\/2022\/04\/\u00e9t\u00e9-nordique-Mars22\u00a9blondinBD-0026.jpg 1400w\" sizes=\"auto, (max-width: 660px) 100vw, 660px\" \/><\/p>\n","protected":false},"excerpt":{"rendered":"Au cours de l&#8217;\u00e9t\u00e9 1882, le ch\u00e2teau de Maisons Laffitte vit l&#8217;arriv\u00e9e de plusieurs artistes finlandais, convi\u00e9s par le propri\u00e9taire de l\u2019\u00e9poque, le collectionneur et peintre Wilhelm Tilman Gromm\u00e9. L\u2019exposition raconte cet \u00e9pisode m\u00e9connu de l&#8217;histoire du ch\u00e2teau, et traduit la pr\u00e9sence \u00e9ph\u00e9m\u00e8re des artistes par le biais des \u0153uvres peintes produites pendant leur s\u00e9jour,&#8230; <br><a class=\"readm\" href=\"https:\/\/www.sitem.fr\/en\/exposition-1882-un-ete-nordique-au-chateau-de-maisons-par-latelier-deltaedre\/\">Read more<\/a>","protected":false},"author":4456,"featured_media":36783,"comment_status":"closed","ping_status":"closed","sticky":false,"template":"","format":"standard","meta":{"_acf_changed":false,"footnotes":""},"categories":[1111,144,1325,1034],"tags":[1355,53,1805,1368,775,1113,632],"class_list":["post-36793","post","type-post","status-publish","format-standard","has-post-thumbnail","hentry","category-actualites-recentes","category-mobilier","category-museographie-scenographie-graphisme-signaletique","category-oeuvres","tag-atelier-deltaedre","tag-exposition","tag-maisons-laffitte","tag-mise-en-lumiere","tag-parcours","tag-prestataire","tag-scenographie"],"acf":[],"_links":{"self":[{"href":"https:\/\/www.sitem.fr\/en\/wp-json\/wp\/v2\/posts\/36793","targetHints":{"allow":["GET"]}}],"collection":[{"href":"https:\/\/www.sitem.fr\/en\/wp-json\/wp\/v2\/posts"}],"about":[{"href":"https:\/\/www.sitem.fr\/en\/wp-json\/wp\/v2\/types\/post"}],"author":[{"embeddable":true,"href":"https:\/\/www.sitem.fr\/en\/wp-json\/wp\/v2\/users\/4456"}],"replies":[{"embeddable":true,"href":"https:\/\/www.sitem.fr\/en\/wp-json\/wp\/v2\/comments?post=36793"}],"version-history":[{"count":12,"href":"https:\/\/www.sitem.fr\/en\/wp-json\/wp\/v2\/posts\/36793\/revisions"}],"predecessor-version":[{"id":37579,"href":"https:\/\/www.sitem.fr\/en\/wp-json\/wp\/v2\/posts\/36793\/revisions\/37579"}],"wp:featuredmedia":[{"embeddable":true,"href":"https:\/\/www.sitem.fr\/en\/wp-json\/wp\/v2\/media\/36783"}],"wp:attachment":[{"href":"https:\/\/www.sitem.fr\/en\/wp-json\/wp\/v2\/media?parent=36793"}],"wp:term":[{"taxonomy":"category","embeddable":true,"href":"https:\/\/www.sitem.fr\/en\/wp-json\/wp\/v2\/categories?post=36793"},{"taxonomy":"post_tag","embeddable":true,"href":"https:\/\/www.sitem.fr\/en\/wp-json\/wp\/v2\/tags?post=36793"}],"curies":[{"name":"wp","href":"https:\/\/api.w.org\/{rel}","templated":true}]}}