{"id":3684,"date":"2014-07-31T14:43:01","date_gmt":"2014-07-31T12:43:01","guid":{"rendered":"https:\/\/www.sitem.fr\/?p=3684"},"modified":"2014-08-01T12:08:08","modified_gmt":"2014-08-01T10:08:08","slug":"promuseum-musee-temps-besancon","status":"publish","type":"post","link":"https:\/\/www.sitem.fr\/en\/promuseum-musee-temps-besancon\/","title":{"rendered":"Promuseum \u00e9quipe le Mus\u00e9e du Temps de Besan\u00e7on."},"content":{"rendered":"<p>Le Mus\u00e9e du temps de Besan\u00e7on propose de d\u00e9couvrir jusqu\u2019au 5 octobre 2014 des ouvrages de grands collectionneurs dans le cadre de l&#8217;exposition &#8220;La Biblioth\u00e8que des Granvelle, reliures et manuscrits&#8221;. Ces livres anciens ont \u00e9t\u00e9 collectionn\u00e9s par trois membres de la m\u00eame famille au XVIe si\u00e8cle: Nicolas Granvelle, son fils le cardinal Antoine de Granvelle et le neveu de ce dernier, Fran\u00e7ois de Cantecroy.<\/p>\n<div id=\"attachment_3686\" style=\"width: 610px\" class=\"wp-caption aligncenter\"><a href=\"https:\/\/www.sitem.fr\/wp-content\/uploads\/2014\/07\/Actupromuseumjuil.jpg\"><img loading=\"lazy\" decoding=\"async\" aria-describedby=\"caption-attachment-3686\" class=\"wp-image-3686 \" src=\"https:\/\/www.sitem.fr\/wp-content\/uploads\/2014\/07\/Actupromuseumjuil.jpg\" alt=\"Vitrines \u00e9quip\u00e9es de leds adapt\u00e9es pour l'exposition &quot;La Biblioth\u00e8que des Granvelle, reliures et manuscrits&quot; \u00a9 Promuseum\" width=\"600\" height=\"450\" srcset=\"https:\/\/www.sitem.fr\/wp-content\/uploads\/2014\/07\/Actupromuseumjuil.jpg 600w, https:\/\/www.sitem.fr\/wp-content\/uploads\/2014\/07\/Actupromuseumjuil-587x440.jpg 587w, https:\/\/www.sitem.fr\/wp-content\/uploads\/2014\/07\/Actupromuseumjuil-300x225.jpg 300w, https:\/\/www.sitem.fr\/wp-content\/uploads\/2014\/07\/Actupromuseumjuil-80x60.jpg 80w\" sizes=\"auto, (max-width: 600px) 100vw, 600px\" \/><\/a><p id=\"caption-attachment-3686\" class=\"wp-caption-text\">Vitrines \u00e9quip\u00e9es de leds adapt\u00e9es pour l&#8217;exposition &#8220;La Biblioth\u00e8que des Granvelle, reliures et manuscrits&#8221; \u00a9 Promuseum<\/p><\/div>\n<p>L&#8217;exposition pr\u00e9sente des manuscrits parisiens et leurs miniatures ainsi que des manuscrits italiens du XVe si\u00e8cle et leurs enluminures issus de la biblioth\u00e8que des rois de Naples. Sont \u00e9galement expos\u00e9es des reliures fabriqu\u00e9es par des artisans v\u00e9nitiens et parisiens.<\/p>\n<p>Promuseum a \u00e9quip\u00e9 l&#8217;exposition de portiques <a href=\"http:\/\/www.promuseum.fr\/fiche\/E191-kit-barre-de-leds.html\/\" target=\"_blank\">d&#8217;\u00e9clairages leds<\/a> sur des vitrines existantes. Le portique pour barre leds, sp\u00e9cialement con\u00e7u pour l&#8217;\u00e9clairage des vitrines, est orientable et favorise le bon \u00e9clairage des \u0153uvres sans \u00e9blouir le visiteur. Il ne d\u00e9gage ni chaleur, ni rayonnement UV. Equip\u00e9 d&#8217;un gradateur, il s&#8217;adapte aux normes de conservation pr\u00e9ventive et aux diff\u00e9rentes sc\u00e9nographies.<\/p>\n<p><a href=\"http:\/\/www.mdt.besancon.fr\/\" target=\"_blank\">www.mdt.besancon.fr\/<\/a><\/p>\n<p><a href=\"http:\/\/www.promuseum.fr\/\" target=\"_blank\">www.promuseum.fr\/<\/a><\/p>\n<p><strong>Consultez la Fiche Annuaire de PROMUSEUM :<\/strong><\/p>\n<p><a href=\"http:\/\/www.museumexperts.com\/annuaire\/prestataire\/2018\" target=\"_blank\">www.museumexperts.com\/annuaire\/prestataire\/2018\/<\/a><\/p>\n","protected":false},"excerpt":{"rendered":"Le Mus\u00e9e du temps de Besan\u00e7on propose de d\u00e9couvrir jusqu\u2019au 5 octobre 2014 des ouvrages de grands collectionneurs dans le cadre de l&#8217;exposition &#8220;La Biblioth\u00e8que des Granvelle, reliures et manuscrits&#8221;. Ces livres anciens ont \u00e9t\u00e9 collectionn\u00e9s par trois membres de la m\u00eame famille au XVIe si\u00e8cle: Nicolas Granvelle, son fils le cardinal Antoine de Granvelle&#8230; <br><a class=\"readm\" href=\"https:\/\/www.sitem.fr\/en\/promuseum-musee-temps-besancon\/\">Read more<\/a>","protected":false},"author":2,"featured_media":3686,"comment_status":"open","ping_status":"open","sticky":false,"template":"","format":"standard","meta":{"_acf_changed":false,"footnotes":""},"categories":[156],"tags":[53,61],"class_list":["post-3684","post","type-post","status-publish","format-standard","has-post-thumbnail","hentry","category-vitrines","tag-exposition","tag-promuseum"],"acf":[],"_links":{"self":[{"href":"https:\/\/www.sitem.fr\/en\/wp-json\/wp\/v2\/posts\/3684","targetHints":{"allow":["GET"]}}],"collection":[{"href":"https:\/\/www.sitem.fr\/en\/wp-json\/wp\/v2\/posts"}],"about":[{"href":"https:\/\/www.sitem.fr\/en\/wp-json\/wp\/v2\/types\/post"}],"author":[{"embeddable":true,"href":"https:\/\/www.sitem.fr\/en\/wp-json\/wp\/v2\/users\/2"}],"replies":[{"embeddable":true,"href":"https:\/\/www.sitem.fr\/en\/wp-json\/wp\/v2\/comments?post=3684"}],"version-history":[{"count":12,"href":"https:\/\/www.sitem.fr\/en\/wp-json\/wp\/v2\/posts\/3684\/revisions"}],"predecessor-version":[{"id":4040,"href":"https:\/\/www.sitem.fr\/en\/wp-json\/wp\/v2\/posts\/3684\/revisions\/4040"}],"wp:featuredmedia":[{"embeddable":true,"href":"https:\/\/www.sitem.fr\/en\/wp-json\/wp\/v2\/media\/3686"}],"wp:attachment":[{"href":"https:\/\/www.sitem.fr\/en\/wp-json\/wp\/v2\/media?parent=3684"}],"wp:term":[{"taxonomy":"category","embeddable":true,"href":"https:\/\/www.sitem.fr\/en\/wp-json\/wp\/v2\/categories?post=3684"},{"taxonomy":"post_tag","embeddable":true,"href":"https:\/\/www.sitem.fr\/en\/wp-json\/wp\/v2\/tags?post=3684"}],"curies":[{"name":"wp","href":"https:\/\/api.w.org\/{rel}","templated":true}]}}