{"id":36995,"date":"2022-04-28T17:32:13","date_gmt":"2022-04-28T15:32:13","guid":{"rendered":"https:\/\/www.sitem.fr\/?p=36995"},"modified":"2022-04-28T17:32:13","modified_gmt":"2022-04-28T15:32:13","slug":"archi-tact-realise-la-maquette-tactile-de-la-villa-majorelle-a-nancy","status":"publish","type":"post","link":"https:\/\/www.sitem.fr\/en\/archi-tact-realise-la-maquette-tactile-de-la-villa-majorelle-a-nancy\/","title":{"rendered":"Archi-Tact r\u00e9alise la maquette tactile de la Villa Majorelle \u00e0 Nancy"},"content":{"rendered":"<p>Pour la r\u00e9ouverture de la <strong>Villa Majorelle<\/strong> \u00e0 Nancy, Archi-Tact a travaill\u00e9 sur sa repr\u00e9sentation tactile. Afin de montrer toutes les caract\u00e9ristiques de l&#8217;Art Nouveau aux personnes d\u00e9ficientes visuelles l&#8217;entreprise a choisi minutieusement chaque mati\u00e8re. Ainsi un groupe de personnes mal et non voyantes ont test\u00e9 la repr\u00e9sentation de la brique, des carreaux de c\u00e9ramique, de l&#8217;ardoise, des vitraux ainsi que le travail de ferronnerie.<\/p>\n<p>&nbsp;<\/p>\n<p><img loading=\"lazy\" decoding=\"async\" width=\"330\" height=\"440\" class=\"size-medium wp-image-36998 aligncenter\" src=\"https:\/\/www.sitem.fr\/wp-content\/uploads\/2022\/04\/IMG_7286-330x440.jpg\" alt=\"\" srcset=\"https:\/\/www.sitem.fr\/wp-content\/uploads\/2022\/04\/IMG_7286-330x440.jpg 330w, https:\/\/www.sitem.fr\/wp-content\/uploads\/2022\/04\/IMG_7286-scaled-600x800.jpg 600w, https:\/\/www.sitem.fr\/wp-content\/uploads\/2022\/04\/IMG_7286-768x1024.jpg 768w, https:\/\/www.sitem.fr\/wp-content\/uploads\/2022\/04\/IMG_7286-1152x1536.jpg 1152w, https:\/\/www.sitem.fr\/wp-content\/uploads\/2022\/04\/IMG_7286-1536x2048.jpg 1536w, https:\/\/www.sitem.fr\/wp-content\/uploads\/2022\/04\/IMG_7286-scaled.jpg 1920w\" sizes=\"auto, (max-width: 330px) 100vw, 330px\" \/><\/p>\n<p>&nbsp;<\/p>\n<p>La maquette est repr\u00e9sent\u00e9e \u00e0 l&#8217;\u00e9chelle 3cm pour 1m. Elle mesure 70cm x 45cm pour une hauteur de 52cm. Elle est expos\u00e9e sur la terrasse vitr\u00e9e de la villa. Une l\u00e9gende montrant les diff\u00e9rentes mati\u00e8res et les vrais mat\u00e9riaux est dispos\u00e9e \u00e0 sa droite.<\/p>\n<p>&nbsp;<\/p>\n<p><strong><a href=\"https:\/\/musee-ecole-de-nancy.nancy.fr\/la-villa-majorelle-2887.html\">https:\/\/musee-ecole-de-nancy.nancy.fr\/la-villa-majorelle-2887.html<\/a><\/strong><\/p>\n<p>&nbsp;<\/p>\n<p><img loading=\"lazy\" decoding=\"async\" width=\"587\" height=\"440\" class=\"size-medium wp-image-36993 aligncenter\" src=\"https:\/\/www.sitem.fr\/wp-content\/uploads\/2022\/04\/IMG_7278-587x440.jpg\" alt=\"\" srcset=\"https:\/\/www.sitem.fr\/wp-content\/uploads\/2022\/04\/IMG_7278-587x440.jpg 587w, https:\/\/www.sitem.fr\/wp-content\/uploads\/2022\/04\/IMG_7278-scaled-600x450.jpg 600w, https:\/\/www.sitem.fr\/wp-content\/uploads\/2022\/04\/IMG_7278-1067x800.jpg 1067w, https:\/\/www.sitem.fr\/wp-content\/uploads\/2022\/04\/IMG_7278-768x576.jpg 768w, https:\/\/www.sitem.fr\/wp-content\/uploads\/2022\/04\/IMG_7278-1536x1152.jpg 1536w, https:\/\/www.sitem.fr\/wp-content\/uploads\/2022\/04\/IMG_7278-2048x1536.jpg 2048w\" sizes=\"auto, (max-width: 587px) 100vw, 587px\" \/><\/p>\n<p><img loading=\"lazy\" decoding=\"async\" width=\"355\" height=\"440\" class=\"size-medium wp-image-37000 aligncenter\" src=\"https:\/\/www.sitem.fr\/wp-content\/uploads\/2022\/04\/IMG_7288-355x440.jpg\" alt=\"\" srcset=\"https:\/\/www.sitem.fr\/wp-content\/uploads\/2022\/04\/IMG_7288-355x440.jpg 355w, https:\/\/www.sitem.fr\/wp-content\/uploads\/2022\/04\/IMG_7288-scaled-600x745.jpg 600w, https:\/\/www.sitem.fr\/wp-content\/uploads\/2022\/04\/IMG_7288-645x800.jpg 645w, https:\/\/www.sitem.fr\/wp-content\/uploads\/2022\/04\/IMG_7288-768x953.jpg 768w, https:\/\/www.sitem.fr\/wp-content\/uploads\/2022\/04\/IMG_7288-1238x1536.jpg 1238w, https:\/\/www.sitem.fr\/wp-content\/uploads\/2022\/04\/IMG_7288-1651x2048.jpg 1651w\" sizes=\"auto, (max-width: 355px) 100vw, 355px\" \/><\/p>\n<p>&nbsp;<\/p>\n<p>&nbsp;<\/p>\n<p><strong><a href=\"http:\/\/www.archi-tact.com\/\">http:\/\/www.archi-tact.com\/<\/a><\/strong><\/p>\n<p>&nbsp;<\/p>\n","protected":false},"excerpt":{"rendered":"Pour la r\u00e9ouverture de la Villa Majorelle \u00e0 Nancy, Archi-Tact a travaill\u00e9 sur sa repr\u00e9sentation tactile. Afin de montrer toutes les caract\u00e9ristiques de l&#8217;Art Nouveau aux personnes d\u00e9ficientes visuelles l&#8217;entreprise a choisi minutieusement chaque mati\u00e8re. Ainsi un groupe de personnes mal et non voyantes ont test\u00e9 la repr\u00e9sentation de la brique, des carreaux de c\u00e9ramique,&#8230; <br><a class=\"readm\" href=\"https:\/\/www.sitem.fr\/en\/archi-tact-realise-la-maquette-tactile-de-la-villa-majorelle-a-nancy\/\">Read more<\/a>","protected":false},"author":445,"featured_media":36991,"comment_status":"closed","ping_status":"closed","sticky":false,"template":"","format":"standard","meta":{"_acf_changed":false,"footnotes":""},"categories":[1328,1111,1695,925],"tags":[9,2397,2398,811,2399,1113,2400,530],"class_list":["post-36995","post","type-post","status-publish","format-standard","has-post-thumbnail","hentry","category-accessibilite-gestion-des-publics-aide-a-la-visite","category-actualites-recentes","category-aide-a-la-visite","category-pedagogie","tag-archi-tact","tag-art-nouveau","tag-deficientes-visuelles","tag-maquette","tag-matieres","tag-prestataire","tag-representation","tag-villa-majorelle"],"acf":[],"_links":{"self":[{"href":"https:\/\/www.sitem.fr\/en\/wp-json\/wp\/v2\/posts\/36995","targetHints":{"allow":["GET"]}}],"collection":[{"href":"https:\/\/www.sitem.fr\/en\/wp-json\/wp\/v2\/posts"}],"about":[{"href":"https:\/\/www.sitem.fr\/en\/wp-json\/wp\/v2\/types\/post"}],"author":[{"embeddable":true,"href":"https:\/\/www.sitem.fr\/en\/wp-json\/wp\/v2\/users\/445"}],"replies":[{"embeddable":true,"href":"https:\/\/www.sitem.fr\/en\/wp-json\/wp\/v2\/comments?post=36995"}],"version-history":[{"count":5,"href":"https:\/\/www.sitem.fr\/en\/wp-json\/wp\/v2\/posts\/36995\/revisions"}],"predecessor-version":[{"id":37510,"href":"https:\/\/www.sitem.fr\/en\/wp-json\/wp\/v2\/posts\/36995\/revisions\/37510"}],"wp:featuredmedia":[{"embeddable":true,"href":"https:\/\/www.sitem.fr\/en\/wp-json\/wp\/v2\/media\/36991"}],"wp:attachment":[{"href":"https:\/\/www.sitem.fr\/en\/wp-json\/wp\/v2\/media?parent=36995"}],"wp:term":[{"taxonomy":"category","embeddable":true,"href":"https:\/\/www.sitem.fr\/en\/wp-json\/wp\/v2\/categories?post=36995"},{"taxonomy":"post_tag","embeddable":true,"href":"https:\/\/www.sitem.fr\/en\/wp-json\/wp\/v2\/tags?post=36995"}],"curies":[{"name":"wp","href":"https:\/\/api.w.org\/{rel}","templated":true}]}}