{"id":37151,"date":"2022-04-28T21:36:40","date_gmt":"2022-04-28T19:36:40","guid":{"rendered":"https:\/\/www.sitem.fr\/?p=37151"},"modified":"2022-04-28T21:36:40","modified_gmt":"2022-04-28T19:36:40","slug":"promuseum-vitrines-patrimoniales-a-la-maison-dizieu","status":"publish","type":"post","link":"https:\/\/www.sitem.fr\/en\/promuseum-vitrines-patrimoniales-a-la-maison-dizieu\/","title":{"rendered":"Promuseum : vitrines patrimoniales \u00e0 la Maison d&#8217;Izieu"},"content":{"rendered":"<div class=\"entry-content\" style=\"text-align: left;\">\r\n<p>Le 6 avril 2022 se d\u00e9roulaient \u00e0 la Maison d\u2019Izieu dans l\u2019Ain, les comm\u00e9morations du 78e anniversaire de la rafle de 44 enfants juifs et de 7 adultes de la Colonie d\u2019Izieu, ordonn\u00e9e par Klaus Barbie, avec la complicit\u00e9 de Vichy.<br \/><br \/>L\u2019exposition <em><a href=\"https:\/\/www.memorializieu.eu\/event\/expositions-dans-les-collections-de-la-bnf\/\"><strong>Couleurs de l\u2019insouciance, paroles et images des enfants de la Maison d\u2019Izieu (6 avril 2022 au 6 juillet 2022<\/strong><\/a><strong>)<\/strong> <\/em>pr\u00e9sente pour la premi\u00e8re fois au public les lettres et dessins originaux des enfants d\u00e9port\u00e9s. Il \u00e9tait indispensable que ces tr\u00e9sors inestimables ne soient en rien d\u00e9t\u00e9rior\u00e9s par les conditions d\u2019exposition. La Biblioth\u00e8que Nationale de France (BNF) a donc conditionn\u00e9 le pr\u00eat de ces documents graphiques \u00e0 un cahier des charges de conservation pr\u00e9ventive tr\u00e8s stricte. Le bureau d\u2019\u00e9tude de Promuseum a \u00e9t\u00e9 sollicit\u00e9 pour porter un diagnostic et apporter une solution technique garantissant la bonne conservation des collections durant l\u2019exposition.<\/p>\r\n<p class=\"wp-block-image size-large\"><br \/><br \/><\/p>\r\n<figure class=\"wp-block-image size-large\"><img loading=\"lazy\" decoding=\"async\" class=\"wp-image-790 jetpack-lazy-image jetpack-lazy-image--handled aligncenter\" src=\"https:\/\/i0.wp.com\/promuseumcreation.com\/wp-content\/uploads\/2022\/04\/LA9B5669cMaison_Izieu-Y.Perrin.jpg?resize=900%2C599&amp;ssl=1\" alt=\"\" width=\"900\" height=\"599\" data-attachment-id=\"790\" data-permalink=\"https:\/\/promuseumcreation.com\/2022\/04\/21\/memorial-des-enfants-dizieu-2022%ef%bf%bc\/la9b5669cmaison_izieu-y-perrin\/\" data-orig-file=\"https:\/\/i0.wp.com\/promuseumcreation.com\/wp-content\/uploads\/2022\/04\/LA9B5669cMaison_Izieu-Y.Perrin.jpg?fit=2000%2C1333&amp;ssl=1\" data-orig-size=\"2000,1333\" data-comments-opened=\"1\" data-image-meta=\"{&quot;aperture&quot;:&quot;3.5&quot;,&quot;credit&quot;:&quot;&quot;,&quot;camera&quot;:&quot;Canon EOS 5D Mark III&quot;,&quot;caption&quot;:&quot;&quot;,&quot;created_timestamp&quot;:&quot;1649236299&quot;,&quot;copyright&quot;:&quot;(c)Maison_d_Izieu-Y.Perrin&quot;,&quot;focal_length&quot;:&quot;18&quot;,&quot;iso&quot;:&quot;8000&quot;,&quot;shutter_speed&quot;:&quot;0.0125&quot;,&quot;title&quot;:&quot;&quot;,&quot;orientation&quot;:&quot;1&quot;}\" data-image-title=\"LA9B5669cMaison_Izieu-Y.Perrin\" data-image-description=\"\" data-image-caption=\"\" data-medium-file=\"https:\/\/i0.wp.com\/promuseumcreation.com\/wp-content\/uploads\/2022\/04\/LA9B5669cMaison_Izieu-Y.Perrin.jpg?fit=300%2C200&amp;ssl=1\" data-large-file=\"https:\/\/i0.wp.com\/promuseumcreation.com\/wp-content\/uploads\/2022\/04\/LA9B5669cMaison_Izieu-Y.Perrin.jpg?fit=900%2C599&amp;ssl=1\" data-recalc-dims=\"1\" data-lazy-loaded=\"1\" \/>\r\n<figcaption>\u00a9Maison d\u2019Izieu-Y.Perrin<\/figcaption>\r\n<\/figure>\r\n<\/div>\r\n<div>\u00a0<\/div>\r\n<h2 class=\"entry-content\" style=\"text-align: left;\"><strong>Etude climatique<\/strong><\/h2>\r\n<div class=\"entry-content\" style=\"text-align: left;\">A partir des relev\u00e9s climatiques du site (salle d\u2019exposition et climat ext\u00e9rieur) nous avons \u00e9tabli que pour prot\u00e9ger les collections il fallait temporiser les fluctuations d\u2019humidit\u00e9 relative de mani\u00e8re constante compte tenu des fluctuations diurnes et nocturnes du site de la temp\u00e9rature et de l\u2019humidit\u00e9 relative.<\/div>\r\n<div>\u00a0<\/div>\r\n<div class=\"entry-content\" style=\"text-align: left;\">Bien que situ\u00e9 dans un b\u00e2timent r\u00e9cent, l\u2019emplacement pressenti pour pr\u00e9senter ces collections ne b\u00e9n\u00e9ficie pas d\u2019un contr\u00f4le climatique suffisant avec des courants d\u2019air emp\u00eachant toute stabilisation. Nous avons propos\u00e9 \u00e0 la BNF de traiter l\u2019air contenu dans l\u2019espace d\u2019exposition \u00e0 partir du syst\u00e8me de membranes Fluxor\u00ae qui enrichit et appauvrit l\u2019eau contenue dans l\u2019air gr\u00e2ce au proc\u00e9d\u00e9 d\u2019ionisation. Cette technologie offre le double avantage d\u2019une r\u00e9gulation lente mettant \u00e0 l\u2019abri de toute exposition \u00e0 des variations brutales et d\u2019une stabilisation permanente \u00e0 +\/- 1% d\u2019HR.<\/div>\r\n<div>\u00a0<\/div>\r\n<div class=\"entry-content\" style=\"text-align: left;\"> Le laboratoire de la BNF \u00e0 partir de ses propres tests \u00e0 donner son accord et c\u2019est cette solution, associ\u00e9e \u00e0 de la Propadyn\u00ae comme r\u00e9gulateur passif, qui a \u00e9t\u00e9 d\u00e9ploy\u00e9e. Les conditions climatiques \u00e0 l\u2019ext\u00e9rieur de la vitrine varient depuis le d\u00e9but de l\u2019exposition de 30 \u00e0 60% d\u2019HR pour une temp\u00e9rature comprise entre 19 \u00e0 23\u00b0C.\u00a0<strong>A l\u2019int\u00e9rieur de l\u2019espace d\u2019exposition, la zone contr\u00f4l\u00e9e oscille entre 49,52 et 50,27% d\u2019HR<\/strong>\u00a0quand les valeurs cibles sont de 50% +\/- 1% d\u2019HR.<\/div>\r\n<div>\u00a0<\/div>\r\n<div>\u00a0<\/div>\r\n<div class=\"entry-content\" style=\"text-align: left;\">\r\n<figure class=\"wp-block-image size-large\"><img decoding=\"async\" class=\"wp-image-782 aligncenter\" src=\"https:\/\/promuseumcreation.com\/wp-content\/uploads\/2022\/04\/Sans-titre-1024x511.png\" alt=\"\" \/><\/figure>\r\n<\/div>\r\n<p>&nbsp;<\/p>\r\n<div class=\"entry-content\" style=\"text-align: left;\">Gr\u00e2ce \u00e0 la plateforme Preservarium\u00ae le site comme les pr\u00eateurs ont acc\u00e8s aux donn\u00e9es en temps r\u00e9el, re\u00e7oivent les alarmes \u00e9ventuelles de d\u00e9passement de seuil et peuvent \u00e9galement si n\u00e9cessaire modifier le param\u00e9trage de r\u00e9gulation des Fluxor\u00ae mis en place (valeurs cible, seuils d\u2019alarme, hyst\u00e9r\u00e9sis).<\/div>\r\n<div>\u00a0<\/div>\r\n<h2>\u00a0<\/h2>\r\n<h2 class=\"entry-content\" style=\"text-align: left;\"><strong>Vitrine patrimoniale<\/strong><\/h2>\r\n<div class=\"entry-content\" style=\"text-align: left;\">Pour assurer le bon fonctionnement du contr\u00f4le hygrom\u00e9trique les collections devaient \u00e9galement \u00eatre pr\u00e9sent\u00e9es dans des vitrines conformes aux normes de conservation pr\u00e9ventive et permettre de prot\u00e9ger les collections de l\u2019exposition \u00e0 la lumi\u00e8re ou aux COVs. Nous avons propos\u00e9 une\u00a0<strong>vitrine patrimoniale<\/strong>, enti\u00e8rement t\u00f4l\u00e9e et inerte, pr\u00e9sentant une \u00e9tanch\u00e9it\u00e9 \u00e0 l\u2019air de 0,1 volume d\u2019air jour pour garantir le bon fonctionnement des membranes. Nous avons ajout\u00e9 une ventilation de brassage d\u2019air. L\u2019<strong>\u00e9clairage<\/strong>\u00a0choisi est un double portique orientable\u00a0<strong>Corporate Friends<\/strong><strong>\u00ae<\/strong>\u00a0pour un IRC de tr\u00e8s haute qualit\u00e9 et un d\u00e9gagement de chaleur minimal. \u00a0La gradation lumineuse permet de descendre \u00e0 50 lux tr\u00e8s facilement, le verre feuillet\u00e9 bloquant quant \u00e0 lui les UV ext\u00e9rieurs. En plus d\u2019une \u00e9tude technique approuv\u00e9e par la BNF, ces vitrines au design appropri\u00e9 et peu commun ont permis une meilleure mise en valeur des \u0153uvres et facilit\u00e9 l\u2019approche des visiteurs lors de leur passage au mus\u00e9e.<\/div>\r\n<div>\u00a0<\/div>\r\n<div>\u00a0<\/div>\r\n<p><strong><a href=\"https:\/\/promuseumcreation.com\/2022\/04\/21\/memorial-des-enfants-dizieu-2022%ef%bf%bc\/\">Plus d&#8217;articles sur notre blog<\/a> <\/strong><\/p>\r\n<p><strong>Revue de presse :<\/strong><\/p>\r\n<ul>\r\n<li><strong><a href=\"https:\/\/www.franceculture.fr\/emissions\/le-reportage-de-la-redaction\/maison-d-izieu-une-histoire-au-dela-de-la-rafle\">https:\/\/www.franceculture.fr\/emissions\/le-reportage-de-la-redaction\/maison-d-izieu-une-histoire-au-dela-de-la-rafle<\/a><\/strong><\/li>\r\n<li><strong> <a href=\"https:\/\/www.lemonde.fr\/culture\/article\/2022\/03\/31\/exposition-l-histoire-miraculeuse-des-dessins-et-de-la-lanterne-magique-des-enfants-d-izieu_6120012_3246.html\">https:\/\/www.lemonde.fr\/culture\/article\/2022\/03\/31\/exposition-l-histoire-miraculeuse-des-dessins-et-de-la-lanterne-magique-des-enfants-d-izieu_6120012_3246.html<\/a> <\/strong><\/li>\r\n<li><strong><a href=\"https:\/\/www.leparisien.fr\/culture-loisirs\/les-magnifiques-dessins-des-enfants-dizieu-devoiles-dans-une-exposition-06-04-2022-7RXTLSTJLRH25DOIORMMWYY3KA.php\">https:\/\/www.leparisien.fr\/culture-loisirs\/les-magnifiques-dessins-des-enfants-dizieu-devoiles-dans-une-exposition-06-04-2022-7RXTLSTJLRH25DOIORMMWYY3KA.php<\/a> \u00a0<\/strong><\/li>\r\n<\/ul>\r\n<p>&nbsp;<\/p>\r\n\r\n<figure class=\"wp-block-image size-large\"><img decoding=\"async\" class=\"wp-image-780\" src=\"https:\/\/promuseumcreation.com\/wp-content\/uploads\/2022\/04\/20220311_182352-1024x768.jpg\" alt=\"\" \/><\/figure>\r\n","protected":false},"excerpt":{"rendered":"Le 6 avril 2022 se d\u00e9roulaient \u00e0 la Maison d\u2019Izieu dans l\u2019Ain, les comm\u00e9morations du 78e anniversaire de la rafle de 44 enfants juifs et de 7 adultes de la Colonie d\u2019Izieu, ordonn\u00e9e par Klaus Barbie, avec la complicit\u00e9 de Vichy. L\u2019exposition Couleurs de l\u2019insouciance, paroles et images des enfants de la Maison d\u2019Izieu (6&#8230; <br><a class=\"readm\" href=\"https:\/\/www.sitem.fr\/en\/promuseum-vitrines-patrimoniales-a-la-maison-dizieu\/\">Read more<\/a>","protected":false},"author":4575,"featured_media":37145,"comment_status":"closed","ping_status":"closed","sticky":false,"template":"","format":"standard","meta":{"_acf_changed":false,"footnotes":""},"categories":[1111,62,1329,156],"tags":[1756,1690,2412,2410,2409,1113,61,2411],"class_list":["post-37151","post","type-post","status-publish","format-standard","has-post-thumbnail","hentry","category-actualites-recentes","category-conservation-preventive","category-equipement-conservation-gestion-des-collections-et-du-patrimoine","category-vitrines","tag-conservation-preventive","tag-espace-dexposition","tag-etancheite","tag-etude-climatique","tag-maison-dizieu","tag-prestataire","tag-promuseum","tag-vitrine-patrimoniale"],"acf":[],"_links":{"self":[{"href":"https:\/\/www.sitem.fr\/en\/wp-json\/wp\/v2\/posts\/37151","targetHints":{"allow":["GET"]}}],"collection":[{"href":"https:\/\/www.sitem.fr\/en\/wp-json\/wp\/v2\/posts"}],"about":[{"href":"https:\/\/www.sitem.fr\/en\/wp-json\/wp\/v2\/types\/post"}],"author":[{"embeddable":true,"href":"https:\/\/www.sitem.fr\/en\/wp-json\/wp\/v2\/users\/4575"}],"replies":[{"embeddable":true,"href":"https:\/\/www.sitem.fr\/en\/wp-json\/wp\/v2\/comments?post=37151"}],"version-history":[{"count":4,"href":"https:\/\/www.sitem.fr\/en\/wp-json\/wp\/v2\/posts\/37151\/revisions"}],"predecessor-version":[{"id":37517,"href":"https:\/\/www.sitem.fr\/en\/wp-json\/wp\/v2\/posts\/37151\/revisions\/37517"}],"wp:featuredmedia":[{"embeddable":true,"href":"https:\/\/www.sitem.fr\/en\/wp-json\/wp\/v2\/media\/37145"}],"wp:attachment":[{"href":"https:\/\/www.sitem.fr\/en\/wp-json\/wp\/v2\/media?parent=37151"}],"wp:term":[{"taxonomy":"category","embeddable":true,"href":"https:\/\/www.sitem.fr\/en\/wp-json\/wp\/v2\/categories?post=37151"},{"taxonomy":"post_tag","embeddable":true,"href":"https:\/\/www.sitem.fr\/en\/wp-json\/wp\/v2\/tags?post=37151"}],"curies":[{"name":"wp","href":"https:\/\/api.w.org\/{rel}","templated":true}]}}