{"id":37373,"date":"2022-04-28T22:40:55","date_gmt":"2022-04-28T20:40:55","guid":{"rendered":"https:\/\/www.sitem.fr\/?p=37373"},"modified":"2022-04-28T22:40:55","modified_gmt":"2022-04-28T20:40:55","slug":"mba-le-musee-de-la-legion-etrangere-a-aubagne-acquiert-les-cloisons-mila-wall","status":"publish","type":"post","link":"https:\/\/www.sitem.fr\/en\/mba-le-musee-de-la-legion-etrangere-a-aubagne-acquiert-les-cloisons-mila-wall\/","title":{"rendered":"MBA: Le Mus\u00e9e de la L\u00e9gion Etrang\u00e8re \u00e0 Aubagne acquiert les cloisons Mila-wall"},"content":{"rendered":"<p>Le Mus\u00e9e de la L\u00e9gion Etrang\u00e8re\u00a0 ses portes \u00e0 Aubagne en 1966, 4 ans apr\u00e8s le rapatriement de la L\u00e9gion Etrang\u00e8re en m\u00e9tropole. Il pr\u00e9sente l&#8217;histoire et les faits d&#8217;armes de cette institution au travers de ses collections et expositions. Le mus\u00e9e obtient le label Mus\u00e9e de France par d\u00e9cret du Ministre de la Culture en 2011.<\/p>\n<p>Un vaste parcours permanent pr\u00e9sente l&#8217;histoire de la L\u00e9gion \u00e9trang\u00e8re depuis sa cr\u00e9ation jusqu&#8217;aux p\u00e9riodes contemporaines. La visite s&#8217;ach\u00e8ve par la salle d&#8217;honneur dans laquelle les L\u00e9gionnaires obtiennent leur 1<sup>er<\/sup> contrat d\u2019engagement. Elle d\u00e9bouche sur la crypte o\u00f9 sont grav\u00e9s les noms de tous les officiers de L\u00e9gion tomb\u00e9s pour la France. Y est \u00e9galement conserv\u00e9e la main de bois articul\u00e9e du Capitaine Danjou, relique de la L\u00e9gion, pr\u00e9sent\u00e9e aux troupes lors de la c\u00e9r\u00e9monie solennelle de Camerone, le 30 avril.<\/p>\n<p>De nombreuses expositions temporaires y sont \u00e9galement pr\u00e9sent\u00e9es r\u00e9guli\u00e8rement, \u00e0 cet effet, le Mus\u00e9e a d\u00e9cid\u00e9 de faire confiance au syst\u00e8me de cloisons modulaires Mila-wall\u00a0 s\u00e9rie 100 de MBA.<\/p>\n<p>&nbsp;<\/p>\n<p style=\"text-align: left;\"><strong><a href=\"http:\/\/www.mba-france.fr\">www.mba-france.fr<\/a><\/strong><\/p>\n<p><strong><a href=\"https:\/\/www.legion-etrangere.com\/mdl\/pages_dossier.php?id=72&amp;titre=Musee-de-la-Legion-etrangere\">https:\/\/www.legion-etrangere.com\/mdl\/pages_dossier.php?id=72&amp;titre=Musee-de-la-Legion-etrangere<\/a><\/strong><\/p>\n<p>Copyright Photo: MBA<\/p>\n","protected":false},"excerpt":{"rendered":"Le Mus\u00e9e de la L\u00e9gion Etrang\u00e8re\u00a0 ses portes \u00e0 Aubagne en 1966, 4 ans apr\u00e8s le rapatriement de la L\u00e9gion Etrang\u00e8re en m\u00e9tropole. Il pr\u00e9sente l&#8217;histoire et les faits d&#8217;armes de cette institution au travers de ses collections et expositions. Le mus\u00e9e obtient le label Mus\u00e9e de France par d\u00e9cret du Ministre de la Culture&#8230; <br><a class=\"readm\" href=\"https:\/\/www.sitem.fr\/en\/mba-le-musee-de-la-legion-etrangere-a-aubagne-acquiert-les-cloisons-mila-wall\/\">Read more<\/a>","protected":false},"author":1453,"featured_media":37371,"comment_status":"closed","ping_status":"closed","sticky":false,"template":"","format":"standard","meta":{"_acf_changed":false,"footnotes":""},"categories":[1111,139,1329,1034],"tags":[1637,915,1803,15,2437,868,1766,1113],"class_list":["post-37373","post","type-post","status-publish","format-standard","has-post-thumbnail","hentry","category-actualites-recentes","category-cloisons","category-equipement-conservation-gestion-des-collections-et-du-patrimoine","category-oeuvres","tag-cloisons","tag-expositions","tag-mba","tag-mila-wall","tag-ministre-de-la-culture","tag-musee-de-la-legion-etrangere","tag-parcours-permanent","tag-prestataire"],"acf":[],"_links":{"self":[{"href":"https:\/\/www.sitem.fr\/en\/wp-json\/wp\/v2\/posts\/37373","targetHints":{"allow":["GET"]}}],"collection":[{"href":"https:\/\/www.sitem.fr\/en\/wp-json\/wp\/v2\/posts"}],"about":[{"href":"https:\/\/www.sitem.fr\/en\/wp-json\/wp\/v2\/types\/post"}],"author":[{"embeddable":true,"href":"https:\/\/www.sitem.fr\/en\/wp-json\/wp\/v2\/users\/1453"}],"replies":[{"embeddable":true,"href":"https:\/\/www.sitem.fr\/en\/wp-json\/wp\/v2\/comments?post=37373"}],"version-history":[{"count":3,"href":"https:\/\/www.sitem.fr\/en\/wp-json\/wp\/v2\/posts\/37373\/revisions"}],"predecessor-version":[{"id":37533,"href":"https:\/\/www.sitem.fr\/en\/wp-json\/wp\/v2\/posts\/37373\/revisions\/37533"}],"wp:featuredmedia":[{"embeddable":true,"href":"https:\/\/www.sitem.fr\/en\/wp-json\/wp\/v2\/media\/37371"}],"wp:attachment":[{"href":"https:\/\/www.sitem.fr\/en\/wp-json\/wp\/v2\/media?parent=37373"}],"wp:term":[{"taxonomy":"category","embeddable":true,"href":"https:\/\/www.sitem.fr\/en\/wp-json\/wp\/v2\/categories?post=37373"},{"taxonomy":"post_tag","embeddable":true,"href":"https:\/\/www.sitem.fr\/en\/wp-json\/wp\/v2\/tags?post=37373"}],"curies":[{"name":"wp","href":"https:\/\/api.w.org\/{rel}","templated":true}]}}