{"id":37931,"date":"2022-05-18T16:39:04","date_gmt":"2022-05-18T14:39:04","guid":{"rendered":"https:\/\/www.sitem.fr\/?p=37931"},"modified":"2022-05-18T16:41:29","modified_gmt":"2022-05-18T14:41:29","slug":"convelio-un-nouveau-calder-authentifie","status":"publish","type":"post","link":"https:\/\/www.sitem.fr\/en\/convelio-un-nouveau-calder-authentifie\/","title":{"rendered":"Convelio : Un nouveau Calder authentifi\u00e9 ?"},"content":{"rendered":"<p><span style=\"font-weight: 400;\">Le t\u00e9l\u00e9phone sonne. A l\u2019autre bout du fil, une voix demande pr\u00e9cipitamment un devis express pour effectuer un aller-retour entre Paris et New York pour l\u2019une de ses \u0153uvres. Un Calder. Il s\u2019agirait d\u2019authentifier une grande gouache bleue et rouge des ann\u00e9es 60. La voix ajoute que les sp\u00e9cialistes de la Fondation Calder \u00e0 New York ne seront disponibles uniquement qu\u2019entre 14 et 16h le 28 avril. Seule la Fondation Calder a le droit de d\u00e9cerner des certificats d\u2019authenticit\u00e9 pour cet artiste, les autres experts qui seraient mandat\u00e9s pour cela n\u2019auraient pas de l\u00e9gitimit\u00e9.\u00a0<\/span><\/p>\n<p>&nbsp;<\/p>\n<p><span style=\"font-weight: 400;\">Avec cette petite plage horaire, il faut prendre toutes les dispositions au pr\u00e9alable pour que les op\u00e9rations se passent sans encombre tant pour la livraison que pour r\u00e9cup\u00e9rer l&#8217;\u0153uvre apr\u00e8s son expertise. Chez <a href=\"https:\/\/www.convelio.com\/en\/home\/?utm_source=external&amp;utm_medium=link&amp;utm_campaign=SITEM_january_2022\"><strong>Convelio<\/strong><\/a>, cela fuse. Les dimensions de l&#8217;\u0153uvre attribu\u00e9e \u00e0 Calder sont doublement v\u00e9rifi\u00e9es pour lancer la fabrication de la caisse de transport. En parall\u00e8le, sont coordonn\u00e9s la collecte \u00e0 la galerie parisienne et le vol vers New York. Les formalit\u00e9s douani\u00e8res pour l\u2019exportation et l\u2019importation sont effectu\u00e9es. Tous les potentiels retards sont anticip\u00e9s depuis le d\u00e9douanement jusqu\u2019\u00e0 l\u2019annulation potentielle du vol, pour s\u2019assurer que la gouache arrivera sur le sol am\u00e9ricain sans obstacle.\u00a0<\/span><\/p>\n<p>&nbsp;<\/p>\n<p><span style=\"font-weight: 400;\">Le 28 avril \u00e0 13h30, l&#8217;\u0153uvre est pr\u00eate \u00e0 \u00eatre livr\u00e9e comme pr\u00e9vu \u00e0 la Fondation Calder. Les sp\u00e9cialistes l\u2019\u00e9tudient deux heures durant et la redonnent aux \u00e9quipes Convelio \u00e0 16h10. Apr\u00e8s l\u2019avoir emball\u00e9e pr\u00e9cautionneusement, le dessin retrouve sa place dans la caisse de transport qui avait \u00e9t\u00e9 conserv\u00e9e pendant les diff\u00e9rentes op\u00e9rations. Entre temps, la Fondation transmettait son rapport &#8211; secret &#8211; \u00e0 la galerie \u00e0 l\u2019origine de la demande d\u2019expertise. Le retour s\u2019est d\u00e9roul\u00e9 dans les meilleures conditions. Bien que le myst\u00e8re demeure quant \u00e0 l\u2019authenticit\u00e9, la beaut\u00e9 de la gouache, elle, demeure.\u00a0<\/span><\/p>\n","protected":false},"excerpt":{"rendered":"Le t\u00e9l\u00e9phone sonne. A l\u2019autre bout du fil, une voix demande pr\u00e9cipitamment un devis express pour effectuer un aller-retour entre Paris et New York pour l\u2019une de ses \u0153uvres. Un Calder. Il s\u2019agirait d\u2019authentifier une grande gouache bleue et rouge des ann\u00e9es 60. La voix ajoute que les sp\u00e9cialistes de la Fondation Calder \u00e0 New&#8230; <br><a class=\"readm\" href=\"https:\/\/www.sitem.fr\/en\/convelio-un-nouveau-calder-authentifie\/\">Read more<\/a>","protected":false},"author":4735,"featured_media":37929,"comment_status":"closed","ping_status":"closed","sticky":false,"template":"","format":"standard","meta":{"_acf_changed":false,"footnotes":""},"categories":[1111,1034,155,1327],"tags":[2466,2469,1748,2468,938,1113,2467,1483],"class_list":["post-37931","post","type-post","status-publish","format-standard","has-post-thumbnail","hentry","category-actualites-recentes","category-oeuvres","category-transport-2","category-valorisation-et-etude-des-collections-museales-et-patrimoniales","tag-art","tag-calder","tag-convelio","tag-galerie","tag-oeuvre","tag-prestataire","tag-toile","tag-transport"],"acf":[],"_links":{"self":[{"href":"https:\/\/www.sitem.fr\/en\/wp-json\/wp\/v2\/posts\/37931","targetHints":{"allow":["GET"]}}],"collection":[{"href":"https:\/\/www.sitem.fr\/en\/wp-json\/wp\/v2\/posts"}],"about":[{"href":"https:\/\/www.sitem.fr\/en\/wp-json\/wp\/v2\/types\/post"}],"author":[{"embeddable":true,"href":"https:\/\/www.sitem.fr\/en\/wp-json\/wp\/v2\/users\/4735"}],"replies":[{"embeddable":true,"href":"https:\/\/www.sitem.fr\/en\/wp-json\/wp\/v2\/comments?post=37931"}],"version-history":[{"count":2,"href":"https:\/\/www.sitem.fr\/en\/wp-json\/wp\/v2\/posts\/37931\/revisions"}],"predecessor-version":[{"id":37971,"href":"https:\/\/www.sitem.fr\/en\/wp-json\/wp\/v2\/posts\/37931\/revisions\/37971"}],"wp:featuredmedia":[{"embeddable":true,"href":"https:\/\/www.sitem.fr\/en\/wp-json\/wp\/v2\/media\/37929"}],"wp:attachment":[{"href":"https:\/\/www.sitem.fr\/en\/wp-json\/wp\/v2\/media?parent=37931"}],"wp:term":[{"taxonomy":"category","embeddable":true,"href":"https:\/\/www.sitem.fr\/en\/wp-json\/wp\/v2\/categories?post=37931"},{"taxonomy":"post_tag","embeddable":true,"href":"https:\/\/www.sitem.fr\/en\/wp-json\/wp\/v2\/tags?post=37931"}],"curies":[{"name":"wp","href":"https:\/\/api.w.org\/{rel}","templated":true}]}}