{"id":38744,"date":"2022-07-04T12:44:41","date_gmt":"2022-07-04T10:44:41","guid":{"rendered":"https:\/\/www.sitem.fr\/?p=38744"},"modified":"2022-07-04T12:58:00","modified_gmt":"2022-07-04T10:58:00","slug":"le-chapeau-a-plume-initie-les-enfants-a-larchitecture-au-musee-de-lhotel-dieu-a-mantes-la-jolie","status":"publish","type":"post","link":"https:\/\/www.sitem.fr\/en\/le-chapeau-a-plume-initie-les-enfants-a-larchitecture-au-musee-de-lhotel-dieu-a-mantes-la-jolie\/","title":{"rendered":"Le Chapeau \u00e0 Plume initie les enfants \u00e0 l&#8217;architecture au Mus\u00e9e de l&#8217;H\u00f4tel-Dieu \u00e0 Mantes-la-Jolie"},"content":{"rendered":"<p>Connaissez-vous Alphonse Durand\u00a0? Ce grand architecte contemporain de Viollet-le-Duc a \u00e9t\u00e9 oubli\u00e9 par l\u2019Histoire&#8230; Et pourtant il a activement contribu\u00e9 \u00e0 la restauration de nombreux chefs d\u2019\u0153uvre du Patrimoine \u00e0 travers toute la France, notamment la somptueuse coll\u00e9giale de Mantes-la-Jolie\u00a0!<\/p>\n<p>&nbsp;<\/p>\n<p><a href=\"https:\/\/www.manteslajolie.fr\/ma-ville\/decouvrir-mantes-la-jolie-1\/le-musee-de-lhotel-dieu\"><strong>Le Mus\u00e9e de l\u2019H\u00f4tel-Dieu<\/strong><\/a> lui rend aujourd\u2019hui hommage, \u00e0 l\u2019occasion d\u2019une exposition qui met en lumi\u00e8re l\u2019\u0153uvre d\u2019une vie \u2013 une vie pass\u00e9e au service des monuments. Gr\u00e2ce au formidable travail de recherche des trois commissaires de l\u2019exposition, qui ont patiemment \u00e9pluch\u00e9 archives, correspondances et plans d\u2019\u00e9poque, on peut mesurer l\u2019ampleur du travail accompli par cet homme passionn\u00e9. L\u2019exposition b\u00e9n\u00e9ficie du label \u00ab\u00a0exposition d\u2019int\u00e9r\u00eat national\u00a0\u00bb d\u00e9cern\u00e9 par le Minist\u00e8re de la Culture.<\/p>\n<p>&nbsp;<\/p>\n<p><a href=\"https:\/\/www.lechapeauaplume.fr\/\"><strong>Le Chapeau \u00e0 Plume<\/strong><\/a> est heureux d\u2019avoir d\u00e9velopp\u00e9 pour cette exposition un livret-jeu illustr\u00e9 \u00e0 l\u2019intention des jeunes publics\u00a0: \u00ab\u00a0Les 3 cl\u00e9s de l\u2019Architecte\u00a0\u00bb. Deux enfants y sont guid\u00e9s par le myst\u00e9rieux Monsieur Alphonse \u00e0 travers les souvenirs, les archives et les objets de l\u2019exposition. Les activit\u00e9s propos\u00e9es sont l\u2019occasion d\u2019initier les enfants au vocabulaire de l\u2019architecture, de leur faire d\u00e9couvrir les m\u00e9tiers du b\u00e2timent, mais aussi de stimuler leur cr\u00e9ativit\u00e9. \u00c0 l\u2019issue du parcours, chaque enfant recevra en r\u00e9compense son propre dipl\u00f4me d\u2019architecte\u00a0!<\/p>\n<p>&nbsp;<\/p>\n<p>&nbsp;<\/p>\n<p><img loading=\"lazy\" decoding=\"async\" class=\"alignnone wp-image-38702 alignleft\" src=\"https:\/\/www.sitem.fr\/wp-content\/uploads\/2022\/06\/tailleur-de-pierre-\u00a9-Le-Chapeau-\u00e0-Plume-290x440.jpg\" alt=\"\" width=\"204\" height=\"310\" srcset=\"https:\/\/www.sitem.fr\/wp-content\/uploads\/2022\/06\/tailleur-de-pierre-\u00a9-Le-Chapeau-\u00e0-Plume-290x440.jpg 290w, https:\/\/www.sitem.fr\/wp-content\/uploads\/2022\/06\/tailleur-de-pierre-\u00a9-Le-Chapeau-\u00e0-Plume-600x911.jpg 600w, https:\/\/www.sitem.fr\/wp-content\/uploads\/2022\/06\/tailleur-de-pierre-\u00a9-Le-Chapeau-\u00e0-Plume-527x800.jpg 527w, https:\/\/www.sitem.fr\/wp-content\/uploads\/2022\/06\/tailleur-de-pierre-\u00a9-Le-Chapeau-\u00e0-Plume-768x1166.jpg 768w, https:\/\/www.sitem.fr\/wp-content\/uploads\/2022\/06\/tailleur-de-pierre-\u00a9-Le-Chapeau-\u00e0-Plume-1012x1536.jpg 1012w, https:\/\/www.sitem.fr\/wp-content\/uploads\/2022\/06\/tailleur-de-pierre-\u00a9-Le-Chapeau-\u00e0-Plume-1349x2048.jpg 1349w, https:\/\/www.sitem.fr\/wp-content\/uploads\/2022\/06\/tailleur-de-pierre-\u00a9-Le-Chapeau-\u00e0-Plume.jpg 1472w\" sizes=\"auto, (max-width: 204px) 100vw, 204px\" \/> <img loading=\"lazy\" decoding=\"async\" class=\"alignnone wp-image-38700 alignleft\" src=\"https:\/\/www.sitem.fr\/wp-content\/uploads\/2022\/06\/ma\u00eetre-verrier-\u00a9-Le-Chapeau-\u00e0-Plume-386x440.jpg\" alt=\"\" width=\"256\" height=\"291\" srcset=\"https:\/\/www.sitem.fr\/wp-content\/uploads\/2022\/06\/ma\u00eetre-verrier-\u00a9-Le-Chapeau-\u00e0-Plume-386x440.jpg 386w, https:\/\/www.sitem.fr\/wp-content\/uploads\/2022\/06\/ma\u00eetre-verrier-\u00a9-Le-Chapeau-\u00e0-Plume-600x685.jpg 600w, https:\/\/www.sitem.fr\/wp-content\/uploads\/2022\/06\/ma\u00eetre-verrier-\u00a9-Le-Chapeau-\u00e0-Plume-701x800.jpg 701w, https:\/\/www.sitem.fr\/wp-content\/uploads\/2022\/06\/ma\u00eetre-verrier-\u00a9-Le-Chapeau-\u00e0-Plume-768x877.jpg 768w, https:\/\/www.sitem.fr\/wp-content\/uploads\/2022\/06\/ma\u00eetre-verrier-\u00a9-Le-Chapeau-\u00e0-Plume-1346x1536.jpg 1346w, https:\/\/www.sitem.fr\/wp-content\/uploads\/2022\/06\/ma\u00eetre-verrier-\u00a9-Le-Chapeau-\u00e0-Plume.jpg 1387w\" sizes=\"auto, (max-width: 256px) 100vw, 256px\" \/><img loading=\"lazy\" decoding=\"async\" class=\"alignnone wp-image-38698 alignleft\" src=\"https:\/\/www.sitem.fr\/wp-content\/uploads\/2022\/06\/ma\u00e7on-\u00a9-Le-Chapeau-\u00e0-Plume-345x440.jpg\" alt=\"\" width=\"249\" height=\"318\" srcset=\"https:\/\/www.sitem.fr\/wp-content\/uploads\/2022\/06\/ma\u00e7on-\u00a9-Le-Chapeau-\u00e0-Plume-345x440.jpg 345w, https:\/\/www.sitem.fr\/wp-content\/uploads\/2022\/06\/ma\u00e7on-\u00a9-Le-Chapeau-\u00e0-Plume-600x766.jpg 600w, https:\/\/www.sitem.fr\/wp-content\/uploads\/2022\/06\/ma\u00e7on-\u00a9-Le-Chapeau-\u00e0-Plume-626x800.jpg 626w, https:\/\/www.sitem.fr\/wp-content\/uploads\/2022\/06\/ma\u00e7on-\u00a9-Le-Chapeau-\u00e0-Plume-768x981.jpg 768w, https:\/\/www.sitem.fr\/wp-content\/uploads\/2022\/06\/ma\u00e7on-\u00a9-Le-Chapeau-\u00e0-Plume-1203x1536.jpg 1203w, https:\/\/www.sitem.fr\/wp-content\/uploads\/2022\/06\/ma\u00e7on-\u00a9-Le-Chapeau-\u00e0-Plume.jpg 1404w\" sizes=\"auto, (max-width: 249px) 100vw, 249px\" \/><\/p>\n<p>&nbsp;<\/p>\n<p>&nbsp;<\/p>\n<p>&nbsp;<\/p>\n<p>&nbsp;<\/p>\n<p>&nbsp;<\/p>\n<p>&nbsp;<\/p>\n<p>&nbsp;<\/p>\n<p>&nbsp;<\/p>\n<p>&nbsp;<\/p>\n<p>Exposition en cours au Mus\u00e9e de l\u2019H\u00f4tel-Dieu de Mantes-la-Jolie du 1<sup>er<\/sup> juin au 18 septembre 2022.<\/p>\n<p>&nbsp;<\/p>\n<p><img loading=\"lazy\" decoding=\"async\" class=\"alignnone wp-image-38692 aligncenter\" src=\"https:\/\/www.sitem.fr\/wp-content\/uploads\/2022\/06\/dipl\u00f4me-darchitecte-631x440.jpg\" alt=\"\" width=\"512\" height=\"357\" srcset=\"https:\/\/www.sitem.fr\/wp-content\/uploads\/2022\/06\/dipl\u00f4me-darchitecte-631x440.jpg 631w, https:\/\/www.sitem.fr\/wp-content\/uploads\/2022\/06\/dipl\u00f4me-darchitecte-600x418.jpg 600w, https:\/\/www.sitem.fr\/wp-content\/uploads\/2022\/06\/dipl\u00f4me-darchitecte-1147x800.jpg 1147w, https:\/\/www.sitem.fr\/wp-content\/uploads\/2022\/06\/dipl\u00f4me-darchitecte-768x536.jpg 768w, https:\/\/www.sitem.fr\/wp-content\/uploads\/2022\/06\/dipl\u00f4me-darchitecte-1536x1071.jpg 1536w, https:\/\/www.sitem.fr\/wp-content\/uploads\/2022\/06\/dipl\u00f4me-darchitecte.jpg 1748w\" sizes=\"auto, (max-width: 512px) 100vw, 512px\" \/><\/p>\n<p>&nbsp;<\/p>\n<p>&nbsp;<\/p>\n<p>Retrouvez d&#8217;autres r\u00e9alisations du Chapeau \u00e0 Plume sur <strong><a href=\"https:\/\/www.lechapeauaplume.fr\/\">www.lechapeauaplume.fr<\/a><\/strong><\/p>\n<p><a href=\"https:\/\/www.lechapeauaplume.fr\/\"><img loading=\"lazy\" decoding=\"async\" class=\"wp-image-30908 aligncenter\" src=\"https:\/\/www.sitem.fr\/wp-content\/uploads\/2020\/11\/logo-SITEM-e1653377944108-680x403.png\" alt=\"\" width=\"305\" height=\"181\" srcset=\"https:\/\/www.sitem.fr\/wp-content\/uploads\/2020\/11\/logo-SITEM-e1653377944108-680x403.png 680w, https:\/\/www.sitem.fr\/wp-content\/uploads\/2020\/11\/logo-SITEM-e1653377944108-600x355.png 600w, https:\/\/www.sitem.fr\/wp-content\/uploads\/2020\/11\/logo-SITEM-e1653377944108-768x455.png 768w, https:\/\/www.sitem.fr\/wp-content\/uploads\/2020\/11\/logo-SITEM-e1653377944108.png 1000w\" sizes=\"auto, (max-width: 305px) 100vw, 305px\" \/><\/a><\/p>\n","protected":false},"excerpt":{"rendered":"Connaissez-vous Alphonse Durand\u00a0? Ce grand architecte contemporain de Viollet-le-Duc a \u00e9t\u00e9 oubli\u00e9 par l\u2019Histoire&#8230; Et pourtant il a activement contribu\u00e9 \u00e0 la restauration de nombreux chefs d\u2019\u0153uvre du Patrimoine \u00e0 travers toute la France, notamment la somptueuse coll\u00e9giale de Mantes-la-Jolie\u00a0! &nbsp; Le Mus\u00e9e de l\u2019H\u00f4tel-Dieu lui rend aujourd\u2019hui hommage, \u00e0 l\u2019occasion d\u2019une exposition qui met&#8230; <br><a class=\"readm\" href=\"https:\/\/www.sitem.fr\/en\/le-chapeau-a-plume-initie-les-enfants-a-larchitecture-au-musee-de-lhotel-dieu-a-mantes-la-jolie\/\">Read more<\/a>","protected":false},"author":4708,"featured_media":38696,"comment_status":"closed","ping_status":"closed","sticky":false,"template":"","format":"standard","meta":{"_acf_changed":false,"footnotes":""},"categories":[1328,1695,696,1,367,925],"tags":[1421,2490,1423,2488,2491,2489,775,1113],"class_list":["post-38744","post","type-post","status-publish","format-standard","has-post-thumbnail","hentry","category-accessibilite-gestion-des-publics-aide-a-la-visite","category-aide-a-la-visite","category-jeu","category-non-classifiee","category-parcours-dinterpretation","category-pedagogie","tag-chapeau-a-plume","tag-illustre","tag-livret-jeu","tag-mantes-la-jolie","tag-monsieur-alphonse","tag-musee-de-lhotel-dieu","tag-parcours","tag-prestataire"],"acf":[],"_links":{"self":[{"href":"https:\/\/www.sitem.fr\/en\/wp-json\/wp\/v2\/posts\/38744","targetHints":{"allow":["GET"]}}],"collection":[{"href":"https:\/\/www.sitem.fr\/en\/wp-json\/wp\/v2\/posts"}],"about":[{"href":"https:\/\/www.sitem.fr\/en\/wp-json\/wp\/v2\/types\/post"}],"author":[{"embeddable":true,"href":"https:\/\/www.sitem.fr\/en\/wp-json\/wp\/v2\/users\/4708"}],"replies":[{"embeddable":true,"href":"https:\/\/www.sitem.fr\/en\/wp-json\/wp\/v2\/comments?post=38744"}],"version-history":[{"count":3,"href":"https:\/\/www.sitem.fr\/en\/wp-json\/wp\/v2\/posts\/38744\/revisions"}],"predecessor-version":[{"id":39517,"href":"https:\/\/www.sitem.fr\/en\/wp-json\/wp\/v2\/posts\/38744\/revisions\/39517"}],"wp:featuredmedia":[{"embeddable":true,"href":"https:\/\/www.sitem.fr\/en\/wp-json\/wp\/v2\/media\/38696"}],"wp:attachment":[{"href":"https:\/\/www.sitem.fr\/en\/wp-json\/wp\/v2\/media?parent=38744"}],"wp:term":[{"taxonomy":"category","embeddable":true,"href":"https:\/\/www.sitem.fr\/en\/wp-json\/wp\/v2\/categories?post=38744"},{"taxonomy":"post_tag","embeddable":true,"href":"https:\/\/www.sitem.fr\/en\/wp-json\/wp\/v2\/tags?post=38744"}],"curies":[{"name":"wp","href":"https:\/\/api.w.org\/{rel}","templated":true}]}}