{"id":38970,"date":"2022-07-04T16:13:30","date_gmt":"2022-07-04T14:13:30","guid":{"rendered":"https:\/\/www.sitem.fr\/?p=38970"},"modified":"2022-07-04T16:13:30","modified_gmt":"2022-07-04T14:13:30","slug":"akken-voyage-sonore-interactif-au-coeur-de-lhistoire-de-labbaye-de-maubuisson-ava-assistante-virtuelle-darcheologie","status":"publish","type":"post","link":"https:\/\/www.sitem.fr\/en\/akken-voyage-sonore-interactif-au-coeur-de-lhistoire-de-labbaye-de-maubuisson-ava-assistante-virtuelle-darcheologie\/","title":{"rendered":"Akken : Voyage sonore interactif au c\u0153ur de l\u2019histoire de l\u2019Abbaye de Maubuisson &#8211; \u00ab AVA, Assistante Virtuelle d\u2019Arch\u00e9ologie \u00bb"},"content":{"rendered":"<p>Akken et le Crabe Fant\u00f4me vous donnent rendez-vous \u00e0 partir du 2 juillet pour d\u00e9couvrir leur nouveau parcours sonore, \u00e0 l\u2019Abbaye de Maubuisson, lieu de patrimoine et site d\u2019art contemporain du Conseil d\u00e9partemental du Val d\u2019Oise.<\/p>\n<p>&nbsp;<\/p>\n<p>Ce parcours sonore interactif est accessible via une application mobile d\u00e9velopp\u00e9e par MGDesign, et s\u2019inspire des \u00abhistoires dont vous \u00eates le h\u00e9ros \u00bb, o\u00f9 r\u00e9pondre \u00e0 des choix permet d\u2019avancer dans sa qu\u00eate et au visiteur d\u2019\u00eatre acteur de sa visite. Casque sur les oreilles, le visiteur suit Ava, une intelligence artificielle qui conna\u00eet tout sur l\u2019abbaye et permet, gr\u00e2ce \u00e0 son programme de reconstitution sonore, d\u2019emmener l\u2019auditeur dans un voyage temporel en donnant vie au patrimoine disparu de l\u2019Abbaye de Maubuisson.<\/p>\n<p>&nbsp;<\/p>\n<p>Ce parcours sonore est accessible \u00e0 tous les visiteurs du parc de l\u2019Abbaye de Maubuisson gratuitement depuis leur t\u00e9l\u00e9phone portable \u00e0 l\u2019adresse <strong><a href=\"https:\/\/ava.valdoise.fr\">https:\/\/ava.valdoise.fr<\/a>. <\/strong>Pour \u00e9couter un avant go\u00fbt du projet, c\u2019est <a href=\"https:\/\/soundcloud.com\/akken-revelateur\/teaser-ava_maubuisson\/s-v8gfKdE87Dl?utm_source=clipboard&amp;utm_medium=text&amp;utm_campaign=social_sharing\"><strong>ici<\/strong><\/a><strong>.<\/strong><\/p>\n<p>&nbsp;<\/p>\n<p><em>Cr\u00e9dit photo : Catherine Brossais &#8211; D\u00e9partement du Val d&#8217;Oise, Abbaye de Maubuisson.<\/em><\/p>\n","protected":false},"excerpt":{"rendered":"Akken et le Crabe Fant\u00f4me vous donnent rendez-vous \u00e0 partir du 2 juillet pour d\u00e9couvrir leur nouveau parcours sonore, \u00e0 l\u2019Abbaye de Maubuisson, lieu de patrimoine et site d\u2019art contemporain du Conseil d\u00e9partemental du Val d\u2019Oise. &nbsp; Ce parcours sonore interactif est accessible via une application mobile d\u00e9velopp\u00e9e par MGDesign, et s\u2019inspire des \u00abhistoires dont&#8230; <br><a class=\"readm\" href=\"https:\/\/www.sitem.fr\/en\/akken-voyage-sonore-interactif-au-coeur-de-lhistoire-de-labbaye-de-maubuisson-ava-assistante-virtuelle-darcheologie\/\">Read more<\/a>","protected":false},"author":4398,"featured_media":38968,"comment_status":"closed","ping_status":"closed","sticky":false,"template":"","format":"standard","meta":{"_acf_changed":false,"footnotes":""},"categories":[1328,1111,1695,23,367,925,154],"tags":[2497,491,2499,2498,2500,571,2273,808,1113,2501],"class_list":["post-38970","post","type-post","status-publish","format-standard","has-post-thumbnail","hentry","category-accessibilite-gestion-des-publics-aide-a-la-visite","category-actualites-recentes","category-aide-a-la-visite","category-applications-mobiles","category-parcours-dinterpretation","category-pedagogie","category-son-2","tag-abbaye-de-maubuisson","tag-akken","tag-assistante-virtuelle-darcheologie","tag-ava","tag-casque-sur-les-oreilles","tag-le-crabe-fantome","tag-parcours-sonore","tag-patrimoine","tag-prestataire","tag-val-doise"],"acf":[],"_links":{"self":[{"href":"https:\/\/www.sitem.fr\/en\/wp-json\/wp\/v2\/posts\/38970","targetHints":{"allow":["GET"]}}],"collection":[{"href":"https:\/\/www.sitem.fr\/en\/wp-json\/wp\/v2\/posts"}],"about":[{"href":"https:\/\/www.sitem.fr\/en\/wp-json\/wp\/v2\/types\/post"}],"author":[{"embeddable":true,"href":"https:\/\/www.sitem.fr\/en\/wp-json\/wp\/v2\/users\/4398"}],"replies":[{"embeddable":true,"href":"https:\/\/www.sitem.fr\/en\/wp-json\/wp\/v2\/comments?post=38970"}],"version-history":[{"count":3,"href":"https:\/\/www.sitem.fr\/en\/wp-json\/wp\/v2\/posts\/38970\/revisions"}],"predecessor-version":[{"id":39523,"href":"https:\/\/www.sitem.fr\/en\/wp-json\/wp\/v2\/posts\/38970\/revisions\/39523"}],"wp:featuredmedia":[{"embeddable":true,"href":"https:\/\/www.sitem.fr\/en\/wp-json\/wp\/v2\/media\/38968"}],"wp:attachment":[{"href":"https:\/\/www.sitem.fr\/en\/wp-json\/wp\/v2\/media?parent=38970"}],"wp:term":[{"taxonomy":"category","embeddable":true,"href":"https:\/\/www.sitem.fr\/en\/wp-json\/wp\/v2\/categories?post=38970"},{"taxonomy":"post_tag","embeddable":true,"href":"https:\/\/www.sitem.fr\/en\/wp-json\/wp\/v2\/tags?post=38970"}],"curies":[{"name":"wp","href":"https:\/\/api.w.org\/{rel}","templated":true}]}}