{"id":39508,"date":"2022-07-04T15:00:40","date_gmt":"2022-07-04T13:00:40","guid":{"rendered":"https:\/\/www.sitem.fr\/?p=39508"},"modified":"2022-07-04T15:00:40","modified_gmt":"2022-07-04T13:00:40","slug":"convelio-en-haut-de-laffiche-les-lalanne","status":"publish","type":"post","link":"https:\/\/www.sitem.fr\/en\/convelio-en-haut-de-laffiche-les-lalanne\/","title":{"rendered":"Convelio : En haut de l\u2019affiche : les Lalanne"},"content":{"rendered":"<p><span style=\"font-weight: 400;\">Immanquables ces derniers mois et ann\u00e9es, les Lalanne, Claude (1925-2019) et Fran\u00e7ois-Xavier (1927-2008), ont occup\u00e9 le haut de l\u2019affiche. Citons bri\u00e8vement la vente organis\u00e9e par Sotheby\u2019s Paris qui a r\u00e9colt\u00e9e plus de 91 millions d\u2019euros en octobre 2019, puis l\u2019exposition au Trianon \u00e0 Versailles en 2021,\u00a0 la dation au Mus\u00e9e des Arts D\u00e9coratif qui a d\u00e9bouch\u00e9e sur une exposition en ce m\u00eame lieu en 2022 ou encore la dispersion de la collection de Daniel Marchesseau pour 5 millions d\u2019euros \u00e0 nouveau chez Sotheby\u2019s Paris au printemps au profit de la r\u00e9novation de l\u2019h\u00f4tel de Mailly-Nesle &#8211; qui accueillera le Centre de recherches et d\u2019archives du Mus\u00e9e d\u2019Orsay. Les Lalanne sont chez les collectionneurs, dans les mus\u00e9es, les galeries, les maisons de ventes aux ench\u00e8res, les foires. Les Lalanne sont partout.\u00a0<\/span><\/p>\n<p>&nbsp;<\/p>\n<p><span style=\"font-weight: 400;\">Couple de designers Fran\u00e7ais partageant le sentiment qu\u2019une \u0153uvre d\u2019art peut avoir une fonction, les Lalanne cherchaient \u00e0 rendre \u00e0 la sculpture un \u00e9ventuel usage. En s\u2019inspirant largement de la nature et plus particuli\u00e8rement du monde animal, ils m\u00e9tamorphosent un rhinoc\u00e9ros en bureau (<\/span><i><span style=\"font-weight: 400;\">le<\/span><\/i> <i><span style=\"font-weight: 400;\">Rhinocr\u00e9taire<\/span><\/i><span style=\"font-weight: 400;\">), <\/span><span style=\"font-weight: 400;\">une mouche en toilettes, des moutons ou un crocodile en fauteuils, un hippopotame en baignoire ou encore un singe en coffre-fort<\/span> <span style=\"font-weight: 400;\">(<\/span><i><span style=\"font-weight: 400;\">le Gorille de s\u00fbret\u00e9<\/span><\/i><span style=\"font-weight: 400;\">) \u2026 Claude parlait de son mari avec les mots suivants : \u00ab Fran\u00e7ois-Xavier sait allier l\u2019\u00e9l\u00e9gance du dessin, \u00e0 la rigueur des formes \u00bb, tandis qu\u2019il \u00e9crivait pour \u00e9voquer le travail de son \u00e9pouse qu\u2019elle \u201ctravaille comme chantent les oiseaux, sans vraiment y penser\u201d. C\u2019est un monde empli de po\u00e9sie, d\u2019inventivit\u00e9 et de surprise que l\u2019on retrouve dans leurs cr\u00e9ations.<\/span><\/p>\n<p>&nbsp;<\/p>\n<p>&nbsp;<\/p>\n<p><img loading=\"lazy\" decoding=\"async\" width=\"361\" height=\"440\" class=\"size-medium wp-image-39506 aligncenter\" src=\"https:\/\/www.sitem.fr\/wp-content\/uploads\/2022\/07\/280407668_738510187182020_4697815660983135856_n-361x440.jpg\" alt=\"\" srcset=\"https:\/\/www.sitem.fr\/wp-content\/uploads\/2022\/07\/280407668_738510187182020_4697815660983135856_n-361x440.jpg 361w, https:\/\/www.sitem.fr\/wp-content\/uploads\/2022\/07\/280407668_738510187182020_4697815660983135856_n-600x732.jpg 600w, https:\/\/www.sitem.fr\/wp-content\/uploads\/2022\/07\/280407668_738510187182020_4697815660983135856_n-656x800.jpg 656w, https:\/\/www.sitem.fr\/wp-content\/uploads\/2022\/07\/280407668_738510187182020_4697815660983135856_n-768x937.jpg 768w, https:\/\/www.sitem.fr\/wp-content\/uploads\/2022\/07\/280407668_738510187182020_4697815660983135856_n.jpg 1080w\" sizes=\"auto, (max-width: 361px) 100vw, 361px\" \/><\/p>\n<p>&nbsp;<\/p>\n<p>&nbsp;<\/p>\n<p><span style=\"font-weight: 400;\">Avec ces diverses manifestations, <\/span><a href=\"https:\/\/www.convelio.com\/en\/home\/?utm_source=external&amp;utm_medium=link&amp;utm_campaign=SITEM_january_2022\"><span style=\"font-weight: 400;\"><strong>Convelio<\/strong><\/span><\/a><span style=\"font-weight: 400;\"> a eu l\u2019occasion de transporter plusieurs des r\u00e9alisations de ces artistes et designers. Souvent fabriqu\u00e9es en bronze, les \u0153uvres sont plus difficiles \u00e0 d\u00e9placer en raison de leur poids et de leur valeur que de leur fragilit\u00e9. Pour maintenir leur \u00e9tat intact, il faut s\u2019assurer que toutes les ouvertures soient ferm\u00e9es de fa\u00e7on s\u00e9curis\u00e9e puis emballer pr\u00e9cautionneusement les pi\u00e8ces pour ensuite les installer dans des caisses de transport sur mesure.\u00a0<\/span><\/p>\n<p>&nbsp;<\/p>\n<p><span style=\"font-weight: 400;\">Si vous souhaitez \u00e9galement transporter des morceaux d\u2019histoire, qu\u2019ils soient volumineux ou non, pensez \u00e0 <\/span><a href=\"https:\/\/www.convelio.com\/en\/home\/?utm_source=external&amp;utm_medium=link&amp;utm_campaign=SITEM_january_2022\"><span style=\"font-weight: 400;\"><strong>Convelio<\/strong><\/span><\/a><span style=\"font-weight: 400;\">, le sp\u00e9cialiste de la logistique simplifi\u00e9e et sur mesure. <\/span><\/p>\n","protected":false},"excerpt":{"rendered":"Immanquables ces derniers mois et ann\u00e9es, les Lalanne, Claude (1925-2019) et Fran\u00e7ois-Xavier (1927-2008), ont occup\u00e9 le haut de l\u2019affiche. Citons bri\u00e8vement la vente organis\u00e9e par Sotheby\u2019s Paris qui a r\u00e9colt\u00e9e plus de 91 millions d\u2019euros en octobre 2019, puis l\u2019exposition au Trianon \u00e0 Versailles en 2021,\u00a0 la dation au Mus\u00e9e des Arts D\u00e9coratif qui a&#8230; <br><a class=\"readm\" href=\"https:\/\/www.sitem.fr\/en\/convelio-en-haut-de-laffiche-les-lalanne\/\">Read more<\/a>","protected":false},"author":4735,"featured_media":39506,"comment_status":"closed","ping_status":"closed","sticky":false,"template":"","format":"standard","meta":{"_acf_changed":false,"footnotes":""},"categories":[1111,1329,1034,881,155],"tags":[2496,1748,2492,1749,1113,2493,2495,2494],"class_list":["post-39508","post","type-post","status-publish","format-standard","has-post-thumbnail","hentry","category-actualites-recentes","category-equipement-conservation-gestion-des-collections-et-du-patrimoine","category-oeuvres","category-plateforme","category-transport-2","tag-centre-de-recherches","tag-convelio","tag-les-lalanne","tag-logistique","tag-prestataire","tag-sothebys","tag-transporter","tag-trianon-a-versailles"],"acf":[],"_links":{"self":[{"href":"https:\/\/www.sitem.fr\/en\/wp-json\/wp\/v2\/posts\/39508","targetHints":{"allow":["GET"]}}],"collection":[{"href":"https:\/\/www.sitem.fr\/en\/wp-json\/wp\/v2\/posts"}],"about":[{"href":"https:\/\/www.sitem.fr\/en\/wp-json\/wp\/v2\/types\/post"}],"author":[{"embeddable":true,"href":"https:\/\/www.sitem.fr\/en\/wp-json\/wp\/v2\/users\/4735"}],"replies":[{"embeddable":true,"href":"https:\/\/www.sitem.fr\/en\/wp-json\/wp\/v2\/comments?post=39508"}],"version-history":[{"count":3,"href":"https:\/\/www.sitem.fr\/en\/wp-json\/wp\/v2\/posts\/39508\/revisions"}],"predecessor-version":[{"id":39519,"href":"https:\/\/www.sitem.fr\/en\/wp-json\/wp\/v2\/posts\/39508\/revisions\/39519"}],"wp:featuredmedia":[{"embeddable":true,"href":"https:\/\/www.sitem.fr\/en\/wp-json\/wp\/v2\/media\/39506"}],"wp:attachment":[{"href":"https:\/\/www.sitem.fr\/en\/wp-json\/wp\/v2\/media?parent=39508"}],"wp:term":[{"taxonomy":"category","embeddable":true,"href":"https:\/\/www.sitem.fr\/en\/wp-json\/wp\/v2\/categories?post=39508"},{"taxonomy":"post_tag","embeddable":true,"href":"https:\/\/www.sitem.fr\/en\/wp-json\/wp\/v2\/tags?post=39508"}],"curies":[{"name":"wp","href":"https:\/\/api.w.org\/{rel}","templated":true}]}}