{"id":39701,"date":"2022-08-24T22:20:02","date_gmt":"2022-08-24T20:20:02","guid":{"rendered":"https:\/\/www.sitem.fr\/?p=39701"},"modified":"2022-08-24T22:20:02","modified_gmt":"2022-08-24T20:20:02","slug":"hovertone-au-fil-de-leaula-vie-la-nouvelle-museographie-de-la-maison-de-la-biodiversite-de-la-grenouillere","status":"publish","type":"post","link":"https:\/\/www.sitem.fr\/en\/hovertone-au-fil-de-leaula-vie-la-nouvelle-museographie-de-la-maison-de-la-biodiversite-de-la-grenouillere\/","title":{"rendered":"Hovertone : \u00ab Au fil de l\u2019eau\u2026la Vie ! \u00bb la nouvelle mus\u00e9ographie de la Maison de la Biodiversit\u00e9 de la Grenouill\u00e8re."},"content":{"rendered":"<p><strong>Depuis ce 3 juillet 2022, la Grenouill\u00e8re, le Centre d\u2019interpr\u00e9tation du Patrimoine Naturel Vend\u00e9en, et lieu d\u2019exposition permanente consacr\u00e9 aux Marais Poitevins, propose \u00e0 ses visiteurs, deux nouvelles exp\u00e9riences interactives.<\/strong><\/p>\n<p>&nbsp;<\/p>\n<p><span style=\"font-weight: 400;\"><img loading=\"lazy\" decoding=\"async\" width=\"482\" height=\"440\" class=\"size-medium wp-image-39697 aligncenter\" src=\"https:\/\/www.sitem.fr\/wp-content\/uploads\/2022\/08\/Grenouill\u00e8re-3-482x440.jpg\" alt=\"\" srcset=\"https:\/\/www.sitem.fr\/wp-content\/uploads\/2022\/08\/Grenouill\u00e8re-3-482x440.jpg 482w, https:\/\/www.sitem.fr\/wp-content\/uploads\/2022\/08\/Grenouill\u00e8re-3-600x548.jpg 600w, https:\/\/www.sitem.fr\/wp-content\/uploads\/2022\/08\/Grenouill\u00e8re-3-877x800.jpg 877w, https:\/\/www.sitem.fr\/wp-content\/uploads\/2022\/08\/Grenouill\u00e8re-3-768x701.jpg 768w, https:\/\/www.sitem.fr\/wp-content\/uploads\/2022\/08\/Grenouill\u00e8re-3-1536x1402.jpg 1536w, https:\/\/www.sitem.fr\/wp-content\/uploads\/2022\/08\/Grenouill\u00e8re-3.jpg 1600w\" sizes=\"auto, (max-width: 482px) 100vw, 482px\" \/><\/span><\/p>\n<p>&nbsp;<\/p>\n<p><span style=\"font-weight: 400;\">Hovertone a particip\u00e9, aux c\u00f4t\u00e9s de La Fabrique Cr\u00e9ative, \u00e0 la r\u00e9novation sc\u00e9nographique de la Maison de la Grenouill\u00e8re, nous avons d\u00e9velopp\u00e9 une table tangible en bois permettant de partir \u00e0 la d\u00e9couverte des marais poitevins et de \u201csuivre les animaux locaux \u00e0 la trace\u201d, ainsi qu\u2019un \u201cmur magique\u201d pour sensibiliser le public aux gestes \u00e9cologiques simples, de mani\u00e8re ludique et po\u00e9tique.<\/span><\/p>\n<p><span style=\"font-weight: 400;\">La Maison d\u2019interpr\u00e9tation de la Grenouill\u00e8re est un lieu o\u00f9 la transmission passe par l\u2019exp\u00e9rimentation sensorielle et la recherche active d\u2019informations, en suscitant \u00e9motion et <\/span><span style=\"font-weight: 400;\">curiosit\u00e9 chez les visiteurs, et notamment aupr\u00e8s du jeune public. Avec ces <\/span><span style=\"font-weight: 400;\">deux nouveaux <\/span><span style=\"font-weight: 400;\">dispositifs innovants et ludiques, <\/span><span style=\"font-weight: 400;\">l<\/span><span style=\"font-weight: 400;\">es<\/span><span style=\"font-weight: 400;\"> enfants comme les adultes, vont pouvoir effectuer un voyage au c\u0153ur de la Nature, pour en r\u00e9v\u00e9ler ses merveilles.\u00a0<\/span><\/p>\n<p>&nbsp;<\/p>\n<p><span style=\"font-weight: 400;\"><img loading=\"lazy\" decoding=\"async\" width=\"635\" height=\"440\" class=\"size-medium wp-image-39695 aligncenter\" src=\"https:\/\/www.sitem.fr\/wp-content\/uploads\/2022\/08\/Grenouill\u00e8re-2-635x440.jpg\" alt=\"\" srcset=\"https:\/\/www.sitem.fr\/wp-content\/uploads\/2022\/08\/Grenouill\u00e8re-2-635x440.jpg 635w, https:\/\/www.sitem.fr\/wp-content\/uploads\/2022\/08\/Grenouill\u00e8re-2-600x416.jpg 600w, https:\/\/www.sitem.fr\/wp-content\/uploads\/2022\/08\/Grenouill\u00e8re-2-1154x800.jpg 1154w, https:\/\/www.sitem.fr\/wp-content\/uploads\/2022\/08\/Grenouill\u00e8re-2-768x532.jpg 768w, https:\/\/www.sitem.fr\/wp-content\/uploads\/2022\/08\/Grenouill\u00e8re-2-1536x1065.jpg 1536w, https:\/\/www.sitem.fr\/wp-content\/uploads\/2022\/08\/Grenouill\u00e8re-2.jpg 1600w\" sizes=\"auto, (max-width: 635px) 100vw, 635px\" \/><\/span><\/p>\n<p>&nbsp;<\/p>\n<p><strong><a href=\"https:\/\/www.destination-vendeegrandlittoral.com\/sit\/activites\/decouvrir-patrimoine\/maison-de-la-biodiversite-de-la-grenouillere\/\">https:\/\/www.destination-vendeegrandlittoral.com\/sit\/activites\/decouvrir-patrimoine\/maison-de-la-biodiversite-de-la-grenouillere\/<\/a>\u00a0\u00a0<\/strong><\/p>\n","protected":false},"excerpt":{"rendered":"Depuis ce 3 juillet 2022, la Grenouill\u00e8re, le Centre d\u2019interpr\u00e9tation du Patrimoine Naturel Vend\u00e9en, et lieu d\u2019exposition permanente consacr\u00e9 aux Marais Poitevins, propose \u00e0 ses visiteurs, deux nouvelles exp\u00e9riences interactives. &nbsp; &nbsp; Hovertone a particip\u00e9, aux c\u00f4t\u00e9s de La Fabrique Cr\u00e9ative, \u00e0 la r\u00e9novation sc\u00e9nographique de la Maison de la Grenouill\u00e8re, nous avons d\u00e9velopp\u00e9 une&#8230; <br><a class=\"readm\" href=\"https:\/\/www.sitem.fr\/en\/hovertone-au-fil-de-leaula-vie-la-nouvelle-museographie-de-la-maison-de-la-biodiversite-de-la-grenouillere\/\">Read more<\/a>","protected":false},"author":4840,"featured_media":39699,"comment_status":"closed","ping_status":"closed","sticky":false,"template":"","format":"standard","meta":{"_acf_changed":false,"footnotes":""},"categories":[1111,1325,367,925],"tags":[2572,2573,2097,2574,56,1113],"class_list":["post-39701","post","type-post","status-publish","format-standard","has-post-thumbnail","hentry","category-actualites-recentes","category-museographie-scenographie-graphisme-signaletique","category-parcours-dinterpretation","category-pedagogie","tag-au-fil-de-leaula-vie","tag-centre-dinterpretation-du-patrimoine-naturel-vendeen","tag-hovertone","tag-maison-de-la-biodiversite","tag-museographie","tag-prestataire"],"acf":[],"_links":{"self":[{"href":"https:\/\/www.sitem.fr\/en\/wp-json\/wp\/v2\/posts\/39701","targetHints":{"allow":["GET"]}}],"collection":[{"href":"https:\/\/www.sitem.fr\/en\/wp-json\/wp\/v2\/posts"}],"about":[{"href":"https:\/\/www.sitem.fr\/en\/wp-json\/wp\/v2\/types\/post"}],"author":[{"embeddable":true,"href":"https:\/\/www.sitem.fr\/en\/wp-json\/wp\/v2\/users\/4840"}],"replies":[{"embeddable":true,"href":"https:\/\/www.sitem.fr\/en\/wp-json\/wp\/v2\/comments?post=39701"}],"version-history":[{"count":3,"href":"https:\/\/www.sitem.fr\/en\/wp-json\/wp\/v2\/posts\/39701\/revisions"}],"predecessor-version":[{"id":39781,"href":"https:\/\/www.sitem.fr\/en\/wp-json\/wp\/v2\/posts\/39701\/revisions\/39781"}],"wp:featuredmedia":[{"embeddable":true,"href":"https:\/\/www.sitem.fr\/en\/wp-json\/wp\/v2\/media\/39699"}],"wp:attachment":[{"href":"https:\/\/www.sitem.fr\/en\/wp-json\/wp\/v2\/media?parent=39701"}],"wp:term":[{"taxonomy":"category","embeddable":true,"href":"https:\/\/www.sitem.fr\/en\/wp-json\/wp\/v2\/categories?post=39701"},{"taxonomy":"post_tag","embeddable":true,"href":"https:\/\/www.sitem.fr\/en\/wp-json\/wp\/v2\/tags?post=39701"}],"curies":[{"name":"wp","href":"https:\/\/api.w.org\/{rel}","templated":true}]}}