{"id":39898,"date":"2022-09-12T16:42:49","date_gmt":"2022-09-12T14:42:49","guid":{"rendered":"https:\/\/www.sitem.fr\/?p=39898"},"modified":"2022-09-12T16:42:49","modified_gmt":"2022-09-12T14:42:49","slug":"mba-france-les-cloisons-mila-wall-au-musee-des-arts-decoratifs-de-prague","status":"publish","type":"post","link":"https:\/\/www.sitem.fr\/en\/mba-france-les-cloisons-mila-wall-au-musee-des-arts-decoratifs-de-prague\/","title":{"rendered":"MBA France : Les cloisons Mila-wall au Mus\u00e9e des Arts D\u00e9coratifs de Prague"},"content":{"rendered":"<p>La nouvelle exposition Martin Janecky au Mus\u00e9e des Arts d\u00e9coratifs de Prague est un parfait exemple de notre but\u00a0: cr\u00e9er un design durable pour toutes les expositions temporaires pr\u00e9sentes et futures.<\/p>\n<p>&nbsp;<\/p>\n<p><img loading=\"lazy\" decoding=\"async\" width=\"680\" height=\"405\" class=\"size-medium wp-image-39894 aligncenter\" src=\"https:\/\/www.sitem.fr\/wp-content\/uploads\/2022\/09\/13-680x405.jpg\" alt=\"\" srcset=\"https:\/\/www.sitem.fr\/wp-content\/uploads\/2022\/09\/13-680x405.jpg 680w, https:\/\/www.sitem.fr\/wp-content\/uploads\/2022\/09\/13-600x357.jpg 600w, https:\/\/www.sitem.fr\/wp-content\/uploads\/2022\/09\/13-1200x715.jpg 1200w, https:\/\/www.sitem.fr\/wp-content\/uploads\/2022\/09\/13-768x457.jpg 768w, https:\/\/www.sitem.fr\/wp-content\/uploads\/2022\/09\/13-1536x915.jpg 1536w, https:\/\/www.sitem.fr\/wp-content\/uploads\/2022\/09\/13.jpg 1548w\" sizes=\"auto, (max-width: 680px) 100vw, 680px\" \/><\/p>\n<p>&nbsp;<\/p>\n<p>&nbsp;<\/p>\n<p>Martin Janeck\u00fd est un artiste verrier tch\u00e8que qui a \u00e9galement beaucoup travaill\u00e9 aux \u00c9tats-Unis. Il cr\u00e9e des sculptures en verre en fa\u00e7onnant les bulles de verre chaudes de l&#8217;int\u00e9rieur. Sa ma\u00eetrise des techniques du verre chaud en fait une ic\u00f4ne internationale dans son domaine.<\/p>\n<p>&nbsp;<\/p>\n<p>&nbsp;<\/p>\n<p><img loading=\"lazy\" decoding=\"async\" width=\"680\" height=\"377\" class=\"size-medium wp-image-39892 aligncenter\" src=\"https:\/\/www.sitem.fr\/wp-content\/uploads\/2022\/09\/12-680x377.jpg\" alt=\"\" srcset=\"https:\/\/www.sitem.fr\/wp-content\/uploads\/2022\/09\/12-680x377.jpg 680w, https:\/\/www.sitem.fr\/wp-content\/uploads\/2022\/09\/12-600x333.jpg 600w, https:\/\/www.sitem.fr\/wp-content\/uploads\/2022\/09\/12-1200x665.jpg 1200w, https:\/\/www.sitem.fr\/wp-content\/uploads\/2022\/09\/12-768x426.jpg 768w, https:\/\/www.sitem.fr\/wp-content\/uploads\/2022\/09\/12-1536x851.jpg 1536w, https:\/\/www.sitem.fr\/wp-content\/uploads\/2022\/09\/12.jpg 1665w\" sizes=\"auto, (max-width: 680px) 100vw, 680px\" \/><\/p>\n<p>&nbsp;<\/p>\n<p>&nbsp;<\/p>\n<p>Utilisateur de longue date des cloisons Mila-wall s\u00e9rie 100 de MBA, le Mus\u00e9e r\u00e9emploi les m\u00eames cloisons dans diff\u00e9rentes configurations, avec un nouveau graphisme, de nouvelles couleurs (changement et\/ou mise en peinture et\/ou impression du rev\u00eatement), pour chaque nouvelle exposition temporaire selon les besoins du th\u00e8me.<\/p>\n<p>&nbsp;<\/p>\n<p>&nbsp;<\/p>\n<p><img loading=\"lazy\" decoding=\"async\" width=\"680\" height=\"378\" class=\"size-medium wp-image-39896 aligncenter\" src=\"https:\/\/www.sitem.fr\/wp-content\/uploads\/2022\/09\/15-680x378.jpg\" alt=\"\" srcset=\"https:\/\/www.sitem.fr\/wp-content\/uploads\/2022\/09\/15-680x378.jpg 680w, https:\/\/www.sitem.fr\/wp-content\/uploads\/2022\/09\/15-600x333.jpg 600w, https:\/\/www.sitem.fr\/wp-content\/uploads\/2022\/09\/15-1200x667.jpg 1200w, https:\/\/www.sitem.fr\/wp-content\/uploads\/2022\/09\/15-768x427.jpg 768w, https:\/\/www.sitem.fr\/wp-content\/uploads\/2022\/09\/15-1536x854.jpg 1536w, https:\/\/www.sitem.fr\/wp-content\/uploads\/2022\/09\/15.jpg 1666w\" sizes=\"auto, (max-width: 680px) 100vw, 680px\" \/><\/p>\n<p>&nbsp;<\/p>\n<p>&nbsp;<\/p>\n<p>&nbsp;<\/p>\n<p><strong><a href=\"http:\/\/www.mba-france.fr\">www.mba-france.fr<\/a><\/strong><br \/>\n<a href=\"https:\/\/www.janecky-studio.com\/en\/martin-janecky\"><strong>https:\/\/www.janecky-studio.com\/en\/martin-janecky<\/strong><\/a><\/p>\n","protected":false},"excerpt":{"rendered":"La nouvelle exposition Martin Janecky au Mus\u00e9e des Arts d\u00e9coratifs de Prague est un parfait exemple de notre but\u00a0: cr\u00e9er un design durable pour toutes les expositions temporaires pr\u00e9sentes et futures. &nbsp; &nbsp; &nbsp; Martin Janeck\u00fd est un artiste verrier tch\u00e8que qui a \u00e9galement beaucoup travaill\u00e9 aux \u00c9tats-Unis. Il cr\u00e9e des sculptures en verre en&#8230; <br><a class=\"readm\" href=\"https:\/\/www.sitem.fr\/en\/mba-france-les-cloisons-mila-wall-au-musee-des-arts-decoratifs-de-prague\/\">Read more<\/a>","protected":false},"author":1453,"featured_media":39890,"comment_status":"closed","ping_status":"closed","sticky":false,"template":"","format":"standard","meta":{"_acf_changed":false,"footnotes":""},"categories":[1111,142,1325,1034],"tags":[1637,53,14,15,444,621,1113],"class_list":["post-39898","post","type-post","status-publish","format-standard","has-post-thumbnail","hentry","category-actualites-recentes","category-agencement","category-museographie-scenographie-graphisme-signaletique","category-oeuvres","tag-cloisons","tag-exposition","tag-mba-france","tag-mila-wall","tag-musee-des-arts-decoratifs","tag-prague","tag-prestataire"],"acf":[],"_links":{"self":[{"href":"https:\/\/www.sitem.fr\/en\/wp-json\/wp\/v2\/posts\/39898","targetHints":{"allow":["GET"]}}],"collection":[{"href":"https:\/\/www.sitem.fr\/en\/wp-json\/wp\/v2\/posts"}],"about":[{"href":"https:\/\/www.sitem.fr\/en\/wp-json\/wp\/v2\/types\/post"}],"author":[{"embeddable":true,"href":"https:\/\/www.sitem.fr\/en\/wp-json\/wp\/v2\/users\/1453"}],"replies":[{"embeddable":true,"href":"https:\/\/www.sitem.fr\/en\/wp-json\/wp\/v2\/comments?post=39898"}],"version-history":[{"count":3,"href":"https:\/\/www.sitem.fr\/en\/wp-json\/wp\/v2\/posts\/39898\/revisions"}],"predecessor-version":[{"id":40026,"href":"https:\/\/www.sitem.fr\/en\/wp-json\/wp\/v2\/posts\/39898\/revisions\/40026"}],"wp:featuredmedia":[{"embeddable":true,"href":"https:\/\/www.sitem.fr\/en\/wp-json\/wp\/v2\/media\/39890"}],"wp:attachment":[{"href":"https:\/\/www.sitem.fr\/en\/wp-json\/wp\/v2\/media?parent=39898"}],"wp:term":[{"taxonomy":"category","embeddable":true,"href":"https:\/\/www.sitem.fr\/en\/wp-json\/wp\/v2\/categories?post=39898"},{"taxonomy":"post_tag","embeddable":true,"href":"https:\/\/www.sitem.fr\/en\/wp-json\/wp\/v2\/tags?post=39898"}],"curies":[{"name":"wp","href":"https:\/\/api.w.org\/{rel}","templated":true}]}}