{"id":40367,"date":"2022-11-30T10:55:34","date_gmt":"2022-11-30T09:55:34","guid":{"rendered":"https:\/\/www.sitem.fr\/?p=40367"},"modified":"2022-11-30T10:56:27","modified_gmt":"2022-11-30T09:56:27","slug":"opixido-a-versailles-avec-un-podcast-le-chateau-pendant-la-seconde-guerre-mondiale","status":"publish","type":"post","link":"https:\/\/www.sitem.fr\/en\/opixido-a-versailles-avec-un-podcast-le-chateau-pendant-la-seconde-guerre-mondiale\/","title":{"rendered":"Opixido \u00e0 Versailles avec un podcast &#8220;Le ch\u00e2teau pendant la seconde guerre mondiale&#8221;"},"content":{"rendered":"<div class=\"gs\">\n<div class=\"gE iv gt\">Depuis le 3 septembre 2022, le ch\u00e2teau de Versailles pr\u00e9sente une s\u00e9rie documentaire, consacr\u00e9e \u00e0 une page m\u00e9connue de son histoire, intitul\u00e9e &#8220;Versailles occup\u00e9. Le Ch\u00e2teau dans la Seconde Guerre mondiale&#8221;. Quatre \u00e9pisodes diffus\u00e9s sur YouTube, auxquels Denis Podalyd\u00e8s, soci\u00e9taire de la Com\u00e9die-Fran\u00e7aise, pr\u00eate sa voix, racontent cette p\u00e9riode troubl\u00e9e, des pr\u00e9paratifs de l\u2019avant-guerre \u00e0 la r\u00e9ouverture du mus\u00e9e en 1946, gr\u00e2ce \u00e0 des documents d\u2019archives fran\u00e7aises, allemandes et am\u00e9ricaines d\u00e9voil\u00e9s pour la premi\u00e8re fois.<\/div>\n<\/div>\n<div class=\"\">\n<div id=\":1gh\" class=\"ii gt adO\">\n<div id=\":1gg\" class=\"a3s aiL \">\n<p>La web-s\u00e9rie est compl\u00e9t\u00e9e par un dispositif num\u00e9rique comprenant notamment un podcast r\u00e9alis\u00e9 par l&#8217;agence Opixido.<\/p>\n<p>Ce podcast original intitul\u00e9 \u00ab Il faut sauver Versailles ! \u00bb m\u00eale fiction et archives originales et met en sc\u00e8ne une discussion entre les protagonistes principaux du mus\u00e9e en juin 1939 (Jacques Jaujard, Charles Mauricheau-Beaupr\u00e9, Pierre Ladou\u00e9 et Patrice Bonnet). On d\u00e9couvre comment, \u00e0 partir de mesures de d\u00e9fense passive envisag\u00e9es au Ch\u00e2teau \u00e0 la veille du conflit, ces hommes de conviction et d\u2019engagement ont permis de pr\u00e9server Versailles pour les g\u00e9n\u00e9rations futures.<\/p>\n<p>&nbsp;<\/p>\n<p>Le podcast est disponible sur toutes les plateformes d\u2019\u00e9coute.<br \/>\nUn second podcast, disponible fin 2022, sera compos\u00e9 d\u2019interviews d\u2019historiens fran\u00e7ais et allemands sur cette p\u00e9riode m\u00e9connue de l\u2019histoire de Versailles.<\/p>\n<p>&nbsp;<\/p>\n<p>L&#8217;agence <strong><a href=\"https:\/\/opixido.com\/fr\/\">Opixido<\/a><\/strong> a assur\u00e9 la gestion de ce\u00a0 projet : le conseil \u00e9ditorial, la direction des com\u00e9diens, le mixage, le sound -design.<\/p>\n<p>&nbsp;<\/p>\n<p><strong><a href=\"https:\/\/podcast.ausha.co\/le-podcast-du-chateau-de-versailles-1\/il-faut-sauver-versailles\">https:\/\/podcast.ausha.co\/le-podcast-du-chateau-de-versailles-1\/il-faut-sauver-versailles<\/a><\/strong><\/p>\n<\/div>\n<\/div>\n<\/div>\n","protected":false},"excerpt":{"rendered":"Depuis le 3 septembre 2022, le ch\u00e2teau de Versailles pr\u00e9sente une s\u00e9rie documentaire, consacr\u00e9e \u00e0 une page m\u00e9connue de son histoire, intitul\u00e9e &#8220;Versailles occup\u00e9. Le Ch\u00e2teau dans la Seconde Guerre mondiale&#8221;. Quatre \u00e9pisodes diffus\u00e9s sur YouTube, auxquels Denis Podalyd\u00e8s, soci\u00e9taire de la Com\u00e9die-Fran\u00e7aise, pr\u00eate sa voix, racontent cette p\u00e9riode troubl\u00e9e, des pr\u00e9paratifs de l\u2019avant-guerre \u00e0&#8230; <br><a class=\"readm\" href=\"https:\/\/www.sitem.fr\/en\/opixido-a-versailles-avec-un-podcast-le-chateau-pendant-la-seconde-guerre-mondiale\/\">Read more<\/a>","protected":false},"author":4855,"featured_media":40363,"comment_status":"closed","ping_status":"closed","sticky":false,"template":"","format":"standard","meta":{"_acf_changed":false,"footnotes":""},"categories":[1111,1695,154,1673,1327],"tags":[1113],"class_list":["post-40367","post","type-post","status-publish","format-standard","has-post-thumbnail","hentry","category-actualites-recentes","category-aide-a-la-visite","category-son-2","category-strategie-numerique","category-valorisation-et-etude-des-collections-museales-et-patrimoniales","tag-prestataire"],"acf":[],"_links":{"self":[{"href":"https:\/\/www.sitem.fr\/en\/wp-json\/wp\/v2\/posts\/40367","targetHints":{"allow":["GET"]}}],"collection":[{"href":"https:\/\/www.sitem.fr\/en\/wp-json\/wp\/v2\/posts"}],"about":[{"href":"https:\/\/www.sitem.fr\/en\/wp-json\/wp\/v2\/types\/post"}],"author":[{"embeddable":true,"href":"https:\/\/www.sitem.fr\/en\/wp-json\/wp\/v2\/users\/4855"}],"replies":[{"embeddable":true,"href":"https:\/\/www.sitem.fr\/en\/wp-json\/wp\/v2\/comments?post=40367"}],"version-history":[{"count":3,"href":"https:\/\/www.sitem.fr\/en\/wp-json\/wp\/v2\/posts\/40367\/revisions"}],"predecessor-version":[{"id":40686,"href":"https:\/\/www.sitem.fr\/en\/wp-json\/wp\/v2\/posts\/40367\/revisions\/40686"}],"wp:featuredmedia":[{"embeddable":true,"href":"https:\/\/www.sitem.fr\/en\/wp-json\/wp\/v2\/media\/40363"}],"wp:attachment":[{"href":"https:\/\/www.sitem.fr\/en\/wp-json\/wp\/v2\/media?parent=40367"}],"wp:term":[{"taxonomy":"category","embeddable":true,"href":"https:\/\/www.sitem.fr\/en\/wp-json\/wp\/v2\/categories?post=40367"},{"taxonomy":"post_tag","embeddable":true,"href":"https:\/\/www.sitem.fr\/en\/wp-json\/wp\/v2\/tags?post=40367"}],"curies":[{"name":"wp","href":"https:\/\/api.w.org\/{rel}","templated":true}]}}