{"id":40465,"date":"2022-11-15T17:53:12","date_gmt":"2022-11-15T16:53:12","guid":{"rendered":"https:\/\/www.sitem.fr\/?p=40465"},"modified":"2022-11-30T15:04:03","modified_gmt":"2022-11-30T14:04:03","slug":"mba-france-installe-les-vitrines-sur-mesure-de-la-nouvelle-bibliotheque-patrimoniale-des-dominicains-a-colmar","status":"publish","type":"post","link":"https:\/\/www.sitem.fr\/en\/mba-france-installe-les-vitrines-sur-mesure-de-la-nouvelle-bibliotheque-patrimoniale-des-dominicains-a-colmar\/","title":{"rendered":"MBA France installe les vitrines sur-mesure de la nouvelle Biblioth\u00e8que Patrimoniale des Dominicains \u00e0 Colmar."},"content":{"rendered":"<p>La <strong><a href=\"https:\/\/dominicains.colmar.fr\/\">Biblioth\u00e8que patrimoniale des Dominicains<\/a><\/strong> a \u00e9t\u00e9 inaugur\u00e9e le 25 juin 2022. Les travaux entrepris en 2018 avaient plusieurs objectifs ; restauration, restructuration et pr\u00e9servation des collections. Le but \u00e9tait d\u2019adapter au mieux les locaux \u00e0 leur r\u00f4le traditionnel de biblioth\u00e8que tout en y int\u00e9grant un espace d\u2019exposition permanente, et d\u2019assurer aussi aux lecteurs et aux chercheurs des conditions de travail optimales.<\/p>\n<p>Cet \u00e9difice rec\u00e8le la m\u00e9moire \u00e9crite de la r\u00e9gion depuis le Moyen \u00c2ge. La collection est estim\u00e9e \u00e0 quelques 400 000 documents comprenant 1 200 manuscrits dont 400 m\u00e9di\u00e9vaux provenant des grandes abbayes de Haute-Alsace, 2 300 incunables (2\u00e8me plus grande collection en France apr\u00e8s celle de la Biblioth\u00e8que nationale de France) ou encore 10 000 livres du XVIe si\u00e8cle.<br \/>\nLa Biblioth\u00e8que des Dominicains offre aux usagers un parcours mus\u00e9ographique remarquable.<br \/>\nSur 500 m\u00b2, au rez-de-chauss\u00e9e, diff\u00e9rents espaces am\u00e9nag\u00e9s pr\u00e9sentent au public le livre<br \/>\nartisanal du Moyen \u00c2ge au XVIIIe si\u00e8cle.<\/p>\n<p>C\u2019est dans ce cadre que <strong><a href=\"http:\/\/www.mba-france.fr\">MBA France<\/a><\/strong>, partenaire exclusif du fabricant de vitrines mus\u00e9ales Sehner, a eu le privil\u00e8ge de travailler sur le projet. Nous avons notamment fabriqu\u00e9 et install\u00e9 des vitrines de grandes dimensions avec une ouverture par v\u00e9rins hydrauliques pouvant supporter une cloche vitr\u00e9e de 500 Kg tout en respectant le souhait du client d\u2019utiliser le moins de mati\u00e8res possibles, ainsi que d\u2019imposantes vitrines murales pour lesquelles il a fallu trouver la solution pour les maintenir aux murs malgr\u00e9 leurs poids, y compris en position ouverte. Diverses vitrines tables et hautes avec supports adapt\u00e9s aux \u0153uvres ainsi que divers mobiliers permettant l\u2019int\u00e9gration d\u2019\u00e9crans multim\u00e9dias de diff\u00e9rentes tailles viennent compl\u00e9ter l\u2019ensemble.<\/p>\n<p><strong><a href=\"http:\/\/www.mba-france.fr\">www.mba-france.fr<\/a><\/strong><\/p>\n<p><strong><a href=\"https:\/\/dominicains.colmar.fr\/parcours-museal\/\">https:\/\/dominicains.colmar.fr\/parcours-museal\/<\/a><\/strong><\/p>\n<p>&nbsp;<\/p>\n<p>Copyright MBA France<img loading=\"lazy\" decoding=\"async\" class=\"alignnone wp-image-40453\" src=\"https:\/\/www.sitem.fr\/wp-content\/uploads\/2022\/11\/R5_0114-3-660x440.jpg\" alt=\"\" width=\"630\" height=\"420\" srcset=\"https:\/\/www.sitem.fr\/wp-content\/uploads\/2022\/11\/R5_0114-3-660x440.jpg 660w, https:\/\/www.sitem.fr\/wp-content\/uploads\/2022\/11\/R5_0114-3-600x400.jpg 600w, https:\/\/www.sitem.fr\/wp-content\/uploads\/2022\/11\/R5_0114-3-1200x800.jpg 1200w, https:\/\/www.sitem.fr\/wp-content\/uploads\/2022\/11\/R5_0114-3-768x512.jpg 768w, https:\/\/www.sitem.fr\/wp-content\/uploads\/2022\/11\/R5_0114-3-1536x1024.jpg 1536w, https:\/\/www.sitem.fr\/wp-content\/uploads\/2022\/11\/R5_0114-3-2048x1366.jpg 2048w\" sizes=\"auto, (max-width: 630px) 100vw, 630px\" \/>\u00a0<img loading=\"lazy\" decoding=\"async\" class=\"alignnone wp-image-40457\" src=\"https:\/\/www.sitem.fr\/wp-content\/uploads\/2022\/11\/R5_0119-2-660x440.jpg\" alt=\"\" width=\"633\" height=\"422\" srcset=\"https:\/\/www.sitem.fr\/wp-content\/uploads\/2022\/11\/R5_0119-2-660x440.jpg 660w, https:\/\/www.sitem.fr\/wp-content\/uploads\/2022\/11\/R5_0119-2-600x400.jpg 600w, https:\/\/www.sitem.fr\/wp-content\/uploads\/2022\/11\/R5_0119-2-1200x800.jpg 1200w, https:\/\/www.sitem.fr\/wp-content\/uploads\/2022\/11\/R5_0119-2-768x512.jpg 768w, https:\/\/www.sitem.fr\/wp-content\/uploads\/2022\/11\/R5_0119-2-1536x1024.jpg 1536w, https:\/\/www.sitem.fr\/wp-content\/uploads\/2022\/11\/R5_0119-2-2048x1366.jpg 2048w\" sizes=\"auto, (max-width: 633px) 100vw, 633px\" \/><img loading=\"lazy\" decoding=\"async\" class=\"alignnone wp-image-40459\" src=\"https:\/\/www.sitem.fr\/wp-content\/uploads\/2022\/11\/R5_0131-Panorama-3-329x440.jpg\" alt=\"\" width=\"315\" height=\"421\" srcset=\"https:\/\/www.sitem.fr\/wp-content\/uploads\/2022\/11\/R5_0131-Panorama-3-329x440.jpg 329w, https:\/\/www.sitem.fr\/wp-content\/uploads\/2022\/11\/R5_0131-Panorama-3-600x802.jpg 600w, https:\/\/www.sitem.fr\/wp-content\/uploads\/2022\/11\/R5_0131-Panorama-3-599x800.jpg 599w, https:\/\/www.sitem.fr\/wp-content\/uploads\/2022\/11\/R5_0131-Panorama-3-768x1026.jpg 768w, https:\/\/www.sitem.fr\/wp-content\/uploads\/2022\/11\/R5_0131-Panorama-3-1149x1536.jpg 1149w, https:\/\/www.sitem.fr\/wp-content\/uploads\/2022\/11\/R5_0131-Panorama-3-1532x2048.jpg 1532w, https:\/\/www.sitem.fr\/wp-content\/uploads\/2022\/11\/R5_0131-Panorama-3.jpg 1771w\" sizes=\"auto, (max-width: 315px) 100vw, 315px\" \/><img loading=\"lazy\" decoding=\"async\" width=\"680\" height=\"272\" class=\"alignnone size-medium wp-image-40463\" src=\"https:\/\/www.sitem.fr\/wp-content\/uploads\/2022\/11\/R5_0130-Panorama-2-680x272.jpg\" alt=\"\" srcset=\"https:\/\/www.sitem.fr\/wp-content\/uploads\/2022\/11\/R5_0130-Panorama-2-680x272.jpg 680w, https:\/\/www.sitem.fr\/wp-content\/uploads\/2022\/11\/R5_0130-Panorama-2-scaled-600x240.jpg 600w, https:\/\/www.sitem.fr\/wp-content\/uploads\/2022\/11\/R5_0130-Panorama-2-1200x479.jpg 1200w, https:\/\/www.sitem.fr\/wp-content\/uploads\/2022\/11\/R5_0130-Panorama-2-768x307.jpg 768w, https:\/\/www.sitem.fr\/wp-content\/uploads\/2022\/11\/R5_0130-Panorama-2-1536x614.jpg 1536w, https:\/\/www.sitem.fr\/wp-content\/uploads\/2022\/11\/R5_0130-Panorama-2-2048x818.jpg 2048w\" sizes=\"auto, (max-width: 680px) 100vw, 680px\" \/><\/p>\n","protected":false},"excerpt":{"rendered":"La Biblioth\u00e8que patrimoniale des Dominicains a \u00e9t\u00e9 inaugur\u00e9e le 25 juin 2022. Les travaux entrepris en 2018 avaient plusieurs objectifs ; restauration, restructuration et pr\u00e9servation des collections. Le but \u00e9tait d\u2019adapter au mieux les locaux \u00e0 leur r\u00f4le traditionnel de biblioth\u00e8que tout en y int\u00e9grant un espace d\u2019exposition permanente, et d\u2019assurer aussi aux lecteurs et&#8230; <br><a class=\"readm\" href=\"https:\/\/www.sitem.fr\/en\/mba-france-installe-les-vitrines-sur-mesure-de-la-nouvelle-bibliotheque-patrimoniale-des-dominicains-a-colmar\/\">Read more<\/a>","protected":false},"author":1453,"featured_media":40455,"comment_status":"closed","ping_status":"closed","sticky":false,"template":"","format":"standard","meta":{"_acf_changed":false,"footnotes":""},"categories":[1111,139,1329,156],"tags":[1113],"class_list":["post-40465","post","type-post","status-publish","format-standard","has-post-thumbnail","hentry","category-actualites-recentes","category-cloisons","category-equipement-conservation-gestion-des-collections-et-du-patrimoine","category-vitrines","tag-prestataire"],"acf":[],"_links":{"self":[{"href":"https:\/\/www.sitem.fr\/en\/wp-json\/wp\/v2\/posts\/40465","targetHints":{"allow":["GET"]}}],"collection":[{"href":"https:\/\/www.sitem.fr\/en\/wp-json\/wp\/v2\/posts"}],"about":[{"href":"https:\/\/www.sitem.fr\/en\/wp-json\/wp\/v2\/types\/post"}],"author":[{"embeddable":true,"href":"https:\/\/www.sitem.fr\/en\/wp-json\/wp\/v2\/users\/1453"}],"replies":[{"embeddable":true,"href":"https:\/\/www.sitem.fr\/en\/wp-json\/wp\/v2\/comments?post=40465"}],"version-history":[{"count":7,"href":"https:\/\/www.sitem.fr\/en\/wp-json\/wp\/v2\/posts\/40465\/revisions"}],"predecessor-version":[{"id":40715,"href":"https:\/\/www.sitem.fr\/en\/wp-json\/wp\/v2\/posts\/40465\/revisions\/40715"}],"wp:featuredmedia":[{"embeddable":true,"href":"https:\/\/www.sitem.fr\/en\/wp-json\/wp\/v2\/media\/40455"}],"wp:attachment":[{"href":"https:\/\/www.sitem.fr\/en\/wp-json\/wp\/v2\/media?parent=40465"}],"wp:term":[{"taxonomy":"category","embeddable":true,"href":"https:\/\/www.sitem.fr\/en\/wp-json\/wp\/v2\/categories?post=40465"},{"taxonomy":"post_tag","embeddable":true,"href":"https:\/\/www.sitem.fr\/en\/wp-json\/wp\/v2\/tags?post=40465"}],"curies":[{"name":"wp","href":"https:\/\/api.w.org\/{rel}","templated":true}]}}