{"id":405,"date":"2013-01-24T10:15:14","date_gmt":"2013-01-24T09:15:14","guid":{"rendered":"https:\/\/www.sitem.fr\/?p=405"},"modified":"2018-10-08T17:20:18","modified_gmt":"2018-10-08T15:20:18","slug":"boscher-a-collabore-a-lamenagement-museographique-du-parcours-de-visite-du-chateau-de-blois","status":"publish","type":"post","link":"https:\/\/www.sitem.fr\/en\/boscher-a-collabore-a-lamenagement-museographique-du-parcours-de-visite-du-chateau-de-blois\/","title":{"rendered":"Boscher a collabor\u00e9 \u00e0 l&#8217;am\u00e9nagement mus\u00e9ographique du parcours de visite du Ch\u00e2teau de Blois."},"content":{"rendered":"<p><a href=\"https:\/\/www.sitem.fr\/wp-content\/uploads\/2013\/07\/Boscher_ChateauBlois1_janvier2013.jpg\"><img loading=\"lazy\" decoding=\"async\" class=\"alignnone size-full wp-image-406\" alt=\"Boscher_ChateauBlois1_janvier2013\" src=\"https:\/\/www.sitem.fr\/wp-content\/uploads\/2013\/07\/Boscher_ChateauBlois1_janvier2013.jpg\" width=\"250\" height=\"187\" srcset=\"https:\/\/www.sitem.fr\/wp-content\/uploads\/2013\/07\/Boscher_ChateauBlois1_janvier2013.jpg 250w, https:\/\/www.sitem.fr\/wp-content\/uploads\/2013\/07\/Boscher_ChateauBlois1_janvier2013-80x60.jpg 80w\" sizes=\"auto, (max-width: 250px) 100vw, 250px\" \/><\/a> \u00a0 \u00a0 \u00a0 <a href=\"https:\/\/www.sitem.fr\/wp-content\/uploads\/2013\/07\/Boscher_ChateauBlois2_janvier2013.jpg\"><img loading=\"lazy\" decoding=\"async\" class=\"alignnone size-full wp-image-408\" alt=\"Boscher_ChateauBlois2_janvier2013\" src=\"https:\/\/www.sitem.fr\/wp-content\/uploads\/2013\/07\/Boscher_ChateauBlois2_janvier2013.jpg\" width=\"140\" height=\"187\" \/><\/a><\/p>\n<p>Les am\u00e9nagements ont \u00e9t\u00e9 assur\u00e9s par un groupement de 9 entreprises, rassembl\u00e9es par IN SITE, mandataire du projet.<\/p>\n<p>Ils concernent principalement l\u2019Aile Fran\u00e7ois 1er, qui constitue le c\u0153ur de la visite : au rez-de-chauss\u00e9e, le lapidaire a ainsi \u00e9t\u00e9 transform\u00e9 en espace de d\u00e9couverte du ch\u00e2teau. Les appartements royaux au premier \u00e9tage et l&#8217;ensemble du deuxi\u00e8me \u00e9tage sont \u00e9galement concern\u00e9s.<br \/>\nBoscher a particip\u00e9 \u00e0 la r\u00e9alisation d\u2018une nouvelle signal\u00e9tique d\u2019orientation et d\u2019information, \u00e0 la r\u00e9alisation de mobiliers de pr\u00e9sentation avec int\u00e9gration d\u2019\u00e9l\u00e9ments multim\u00e9dia et \u00e0 la r\u00e9alisation de mises \u00e0 distances autoportantes, avec cr\u00e9ation de boitiers pour spot \u00e0 int\u00e9grer entre les poutres.<\/p>\n<p>BOSCHER Signal\u00e9tique et Image sera pr\u00e9sent au SimeSitem 2013 sur le stand G4-G6-H5-H7.<\/p>\n<p><a href=\"http:\/\/www.boscher.fr\/\" target=\"_blank\">www.boscher.fr<\/a><br \/>\nwww.chateaudeblois.fr<br \/>\n<strong>Consultez la Fiche Annuaire de BOSCHER SIGNALETIQUE ET IMAGE : <\/strong><br \/>\nwww.museumexperts.com\/annuaire\/prestataire\/536<\/p>\n","protected":false},"excerpt":{"rendered":"\u00a0 \u00a0 \u00a0 Les am\u00e9nagements ont \u00e9t\u00e9 assur\u00e9s par un groupement de 9 entreprises, rassembl\u00e9es par IN SITE, mandataire du projet. Ils concernent principalement l\u2019Aile Fran\u00e7ois 1er, qui constitue le c\u0153ur de la visite : au rez-de-chauss\u00e9e, le lapidaire a ainsi \u00e9t\u00e9 transform\u00e9 en espace de d\u00e9couverte du ch\u00e2teau. Les appartements royaux au premier \u00e9tage&#8230; <br><a class=\"readm\" href=\"https:\/\/www.sitem.fr\/en\/boscher-a-collabore-a-lamenagement-museographique-du-parcours-de-visite-du-chateau-de-blois\/\">Read more<\/a>","protected":false},"author":2,"featured_media":0,"comment_status":"open","ping_status":"open","sticky":false,"template":"","format":"standard","meta":{"_acf_changed":false,"footnotes":""},"categories":[144],"tags":[18,69,68,59],"class_list":["post-405","post","type-post","status-publish","format-standard","hentry","category-mobilier","tag-boscher","tag-chateau-de-blois","tag-mobilier-dexposition","tag-systemes-de-mise-a-distance"],"acf":[],"_links":{"self":[{"href":"https:\/\/www.sitem.fr\/en\/wp-json\/wp\/v2\/posts\/405","targetHints":{"allow":["GET"]}}],"collection":[{"href":"https:\/\/www.sitem.fr\/en\/wp-json\/wp\/v2\/posts"}],"about":[{"href":"https:\/\/www.sitem.fr\/en\/wp-json\/wp\/v2\/types\/post"}],"author":[{"embeddable":true,"href":"https:\/\/www.sitem.fr\/en\/wp-json\/wp\/v2\/users\/2"}],"replies":[{"embeddable":true,"href":"https:\/\/www.sitem.fr\/en\/wp-json\/wp\/v2\/comments?post=405"}],"version-history":[{"count":10,"href":"https:\/\/www.sitem.fr\/en\/wp-json\/wp\/v2\/posts\/405\/revisions"}],"predecessor-version":[{"id":10648,"href":"https:\/\/www.sitem.fr\/en\/wp-json\/wp\/v2\/posts\/405\/revisions\/10648"}],"wp:attachment":[{"href":"https:\/\/www.sitem.fr\/en\/wp-json\/wp\/v2\/media?parent=405"}],"wp:term":[{"taxonomy":"category","embeddable":true,"href":"https:\/\/www.sitem.fr\/en\/wp-json\/wp\/v2\/categories?post=405"},{"taxonomy":"post_tag","embeddable":true,"href":"https:\/\/www.sitem.fr\/en\/wp-json\/wp\/v2\/tags?post=405"}],"curies":[{"name":"wp","href":"https:\/\/api.w.org\/{rel}","templated":true}]}}