{"id":40513,"date":"2022-11-29T12:56:30","date_gmt":"2022-11-29T11:56:30","guid":{"rendered":"https:\/\/www.sitem.fr\/?p=40513"},"modified":"2022-11-30T17:06:53","modified_gmt":"2022-11-30T16:06:53","slug":"archistoire-une-nouvelle-approche-de-la-mediation-du-patrimoine-memoriel-des-conflits-contemporains","status":"publish","type":"post","link":"https:\/\/www.sitem.fr\/en\/archistoire-une-nouvelle-approche-de-la-mediation-du-patrimoine-memoriel-des-conflits-contemporains\/","title":{"rendered":"Archistoire : une nouvelle approche de la m\u00e9diation du patrimoine m\u00e9moriel des conflits contemporains"},"content":{"rendered":"<h2><b>Le tourisme de m\u00e9moire rejoint Archistoire\u00a0<\/b><\/h2>\n<p>&nbsp;<\/p>\n<p>Archistoire se met au service du tourisme de m\u00e9moire avec son application mobile proposant une nouvelle approche pour valoriser les sites de m\u00e9moire. Au programme : comment les conflits arm\u00e9s ont fa\u00e7onn\u00e9 les territoires d&#8217;aujourd&#8217;hui ?<\/p>\n<p>Avec le 11 novembre, cette p\u00e9riode de comm\u00e9moration est l&#8217;occasion de se replonger dans les deux premiers parcours m\u00e9moriels disponibles sur l\u2019application Archistoire depuis le 17 septembre 2022.<span class=\"Apple-converted-space\">\u00a0<\/span><\/p>\n<p>Ces parcours sont n\u00e9s de l\u2019appel \u00e0 projet \u00ab Services num\u00e9riques innovants destin\u00e9s au tourisme de m\u00e9moire \u00bb lanc\u00e9 par le Minist\u00e8re des Arm\u00e9es en 2021. Archistoire a candidat\u00e9 avec un projet port\u00e9 par la F\u00e9d\u00e9ration Nationale des Conseils d\u2019Architecture, d\u2019Urbanisme et de l\u2019Environnement (FNCAUE) baptis\u00e9 \u00ab Territoires de m\u00e9moire : sur les traces des plus grands conflits du XX\u00e8me si\u00e8cle \u00bb. Avec la conviction que les technologies immersives peuvent soutenir et servir le tourisme de m\u00e9moire, ce projet s\u00e9lectionn\u00e9 parmi 8 laur\u00e9ats a permis la cr\u00e9ation de deux parcours m\u00e9moriels en lien avec le CAUE de l\u2019Is\u00e8re (\u00ab Une histoire militaire qui a fa\u00e7onn\u00e9 la ville \u00bb) et celui de Meurthe-et-Moselle (\u00ab Sur la ligne de front \u00bb).<\/p>\n<p>&nbsp;<\/p>\n<p><img loading=\"lazy\" decoding=\"async\" class=\"aligncenter wp-image-40509 size-large\" src=\"https:\/\/www.sitem.fr\/wp-content\/uploads\/2022\/11\/Posts.001-1200x593.jpeg\" alt=\"\" width=\"900\" height=\"445\" srcset=\"https:\/\/www.sitem.fr\/wp-content\/uploads\/2022\/11\/Posts.001-1200x593.jpeg 1200w, https:\/\/www.sitem.fr\/wp-content\/uploads\/2022\/11\/Posts.001-600x296.jpeg 600w, https:\/\/www.sitem.fr\/wp-content\/uploads\/2022\/11\/Posts.001-680x336.jpeg 680w, https:\/\/www.sitem.fr\/wp-content\/uploads\/2022\/11\/Posts.001-768x379.jpeg 768w, https:\/\/www.sitem.fr\/wp-content\/uploads\/2022\/11\/Posts.001-1536x758.jpeg 1536w, https:\/\/www.sitem.fr\/wp-content\/uploads\/2022\/11\/Posts.001.jpeg 1920w\" sizes=\"auto, (max-width: 900px) 100vw, 900px\" \/><\/p>\n<h2><b>\u00c0 chaque parcours sa solution !<\/b><\/h2>\n<p>&nbsp;<\/p>\n<p>Si le th\u00e8me m\u00e9moriel est commun aux deux parcours, la mani\u00e8re de lui donner forme varie selon les sp\u00e9cificit\u00e9s de chaque territoire. Les parcours mettent l&#8217;accent sur la flexibilit\u00e9 offerte par Archistoire qui se met au service des contenus et des territoires.<\/p>\n<p>En Is\u00e8re, Grenoble est le centre historique du pouvoir militaire. \u00c0 ce titre, notre balade augment\u00e9e dans la ville offre un condens\u00e9 d\u2019histoire sur les conflits du XX\u00e8me si\u00e8cle et sur la pr\u00e9sence militaire au sens large. Au fil du parcours, le visiteur comprend que la r\u00e9sonance particuli\u00e8re de ces \u00e9pisodes tient au statut militaire sp\u00e9cifique de cette ville.<\/p>\n<p>En Meurthe-et-Moselle, le parcours offre un focus sur la Premi\u00e8re Guerre mondiale. Plut\u00f4t que de se pr\u00e9senter \u00e0 l\u2019\u00e9chelle d\u2019une ville, comme Nancy, ou d\u2019un village, comme Flirey, il se d\u00e9ploie \u00e0 l\u2019\u00e9chelle du d\u00e9partement, le long de la ligne de front, pour mieux montrer la diversit\u00e9 des paysages et des stigmates de ce territoire de front.<\/p>\n<p>&nbsp;<\/p>\n<p><img loading=\"lazy\" decoding=\"async\" class=\"wp-image-40507 size-large aligncenter\" src=\"https:\/\/www.sitem.fr\/wp-content\/uploads\/2022\/11\/2_StoryGrenoble_banni\u00e8re.001-1200x521.jpeg\" alt=\"\" width=\"900\" height=\"391\" srcset=\"https:\/\/www.sitem.fr\/wp-content\/uploads\/2022\/11\/2_StoryGrenoble_banni\u00e8re.001-1200x521.jpeg 1200w, https:\/\/www.sitem.fr\/wp-content\/uploads\/2022\/11\/2_StoryGrenoble_banni\u00e8re.001-600x261.jpeg 600w, https:\/\/www.sitem.fr\/wp-content\/uploads\/2022\/11\/2_StoryGrenoble_banni\u00e8re.001-680x295.jpeg 680w, https:\/\/www.sitem.fr\/wp-content\/uploads\/2022\/11\/2_StoryGrenoble_banni\u00e8re.001-768x334.jpeg 768w, https:\/\/www.sitem.fr\/wp-content\/uploads\/2022\/11\/2_StoryGrenoble_banni\u00e8re.001-1536x667.jpeg 1536w, https:\/\/www.sitem.fr\/wp-content\/uploads\/2022\/11\/2_StoryGrenoble_banni\u00e8re.001-2048x890.jpeg 2048w\" sizes=\"auto, (max-width: 900px) 100vw, 900px\" \/><\/p>\n<p>&nbsp;<\/p>\n<h2><b>Des anecdotes passionnantes \u00e0 partager<\/b><\/h2>\n<p>&nbsp;<\/p>\n<p>Ces parcours regorgent d\u2019informations insolites ou actualis\u00e9es, collect\u00e9es gr\u00e2ce \u00e0 un travail de terrain, en collaboration avec les acteurs locaux. Vous comprendrez par exemple d\u2019o\u00f9 proviennent les \u00e9normes crat\u00e8res qui marquent le paysage aux abords de la commune de Leintrey (Meurthe-et-Moselle) qu\u2019on appelle des \u201centonnoirs\u201d. Ou encore pourquoi il est si fr\u00e9quent de croiser un soldat de montagne en uniforme aux alentours de la place de Verdun \u00e0 Grenoble.<\/p>\n<p>&nbsp;<\/p>\n<p>Pour en savoir plus, t\u00e9l\u00e9chargez gratuitement <a href=\"http:\/\/www.archistoire.com\/\"><strong>Archistoire<\/strong><\/a> sur l\u2019Apple Store et Google Play, puis la story de votre choix : \u00ab\u00a0Une histoire militaire qui a fa\u00e7onn\u00e9 la ville\u00a0\u00bb (Destination Is\u00e8re) ou\u00ab\u00a0Sur la ligne de front\u00a0\u00bb (Destination Meurthe-et-Moselle).<\/p>\n<p>&nbsp;<\/p>\n<p><img loading=\"lazy\" decoding=\"async\" class=\"aligncenter wp-image-40511 size-medium\" src=\"https:\/\/www.sitem.fr\/wp-content\/uploads\/2022\/11\/4_Anecdotes-group\u00e9es-638x440.png\" alt=\"\" width=\"638\" height=\"440\" srcset=\"https:\/\/www.sitem.fr\/wp-content\/uploads\/2022\/11\/4_Anecdotes-group\u00e9es-638x440.png 638w, https:\/\/www.sitem.fr\/wp-content\/uploads\/2022\/11\/4_Anecdotes-group\u00e9es-600x414.png 600w, https:\/\/www.sitem.fr\/wp-content\/uploads\/2022\/11\/4_Anecdotes-group\u00e9es-1161x800.png 1161w, https:\/\/www.sitem.fr\/wp-content\/uploads\/2022\/11\/4_Anecdotes-group\u00e9es-768x529.png 768w, https:\/\/www.sitem.fr\/wp-content\/uploads\/2022\/11\/4_Anecdotes-group\u00e9es-1536x1059.png 1536w, https:\/\/www.sitem.fr\/wp-content\/uploads\/2022\/11\/4_Anecdotes-group\u00e9es-2048x1412.png 2048w\" sizes=\"auto, (max-width: 638px) 100vw, 638px\" \/><\/p>\n<p>&nbsp;<\/p>\n","protected":false},"excerpt":{"rendered":"Le tourisme de m\u00e9moire rejoint Archistoire\u00a0 &nbsp; Archistoire se met au service du tourisme de m\u00e9moire avec son application mobile proposant une nouvelle approche pour valoriser les sites de m\u00e9moire. Au programme : comment les conflits arm\u00e9s ont fa\u00e7onn\u00e9 les territoires d&#8217;aujourd&#8217;hui ? Avec le 11 novembre, cette p\u00e9riode de comm\u00e9moration est l&#8217;occasion de se&#8230; <br><a class=\"readm\" href=\"https:\/\/www.sitem.fr\/en\/archistoire-une-nouvelle-approche-de-la-mediation-du-patrimoine-memoriel-des-conflits-contemporains\/\">Read more<\/a>","protected":false},"author":4960,"featured_media":40505,"comment_status":"closed","ping_status":"closed","sticky":false,"template":"","format":"standard","meta":{"_acf_changed":false,"footnotes":""},"categories":[1328,367,845,1694],"tags":[1113],"class_list":["post-40513","post","type-post","status-publish","format-standard","has-post-thumbnail","hentry","category-accessibilite-gestion-des-publics-aide-a-la-visite","category-parcours-dinterpretation","category-realite-augmentee","category-visioguide","tag-prestataire"],"acf":[],"_links":{"self":[{"href":"https:\/\/www.sitem.fr\/en\/wp-json\/wp\/v2\/posts\/40513","targetHints":{"allow":["GET"]}}],"collection":[{"href":"https:\/\/www.sitem.fr\/en\/wp-json\/wp\/v2\/posts"}],"about":[{"href":"https:\/\/www.sitem.fr\/en\/wp-json\/wp\/v2\/types\/post"}],"author":[{"embeddable":true,"href":"https:\/\/www.sitem.fr\/en\/wp-json\/wp\/v2\/users\/4960"}],"replies":[{"embeddable":true,"href":"https:\/\/www.sitem.fr\/en\/wp-json\/wp\/v2\/comments?post=40513"}],"version-history":[{"count":4,"href":"https:\/\/www.sitem.fr\/en\/wp-json\/wp\/v2\/posts\/40513\/revisions"}],"predecessor-version":[{"id":40675,"href":"https:\/\/www.sitem.fr\/en\/wp-json\/wp\/v2\/posts\/40513\/revisions\/40675"}],"wp:featuredmedia":[{"embeddable":true,"href":"https:\/\/www.sitem.fr\/en\/wp-json\/wp\/v2\/media\/40505"}],"wp:attachment":[{"href":"https:\/\/www.sitem.fr\/en\/wp-json\/wp\/v2\/media?parent=40513"}],"wp:term":[{"taxonomy":"category","embeddable":true,"href":"https:\/\/www.sitem.fr\/en\/wp-json\/wp\/v2\/categories?post=40513"},{"taxonomy":"post_tag","embeddable":true,"href":"https:\/\/www.sitem.fr\/en\/wp-json\/wp\/v2\/tags?post=40513"}],"curies":[{"name":"wp","href":"https:\/\/api.w.org\/{rel}","templated":true}]}}