{"id":40900,"date":"2022-12-15T15:18:48","date_gmt":"2022-12-15T14:18:48","guid":{"rendered":"https:\/\/www.sitem.fr\/?p=40900"},"modified":"2022-12-19T17:41:30","modified_gmt":"2022-12-19T16:41:30","slug":"linstitut-de-france-expose-son-patrimoine-ecrit-et-documentaire","status":"publish","type":"post","link":"https:\/\/www.sitem.fr\/en\/linstitut-de-france-expose-son-patrimoine-ecrit-et-documentaire\/","title":{"rendered":"L\u2019Institut de France expose son patrimoine \u00e9crit et documentaire"},"content":{"rendered":"<p><strong><a href=\"https:\/\/www.institutdefrance.fr\/\" target=\"_blank\" rel=\"noopener noreferrer\">L\u2019Institut de France<\/a><\/strong>, cr\u00e9\u00e9 en 1795, est le gardien d\u2019un ample <strong><a href=\"https:\/\/www.institutdefrance.fr\/le-patrimoine\/\" target=\"_blank\" rel=\"noopener noreferrer\">patrimoine compos\u00e9 de demeures, de collections<\/a><\/strong> et de fonds d\u2019archives. La conservation, l\u2019exploration et la valorisation de ces collections et de ces ressources, dans une recherche d\u2019ouverture et d\u2019accessibilit\u00e9, sont au c\u0153ur de ses missions.<\/p>\n<p><span class=\"break-words\">L\u2019Institut de France lance avec Arkh\u00eanum <strong><a href=\"https:\/\/bibnum.institutdefrance.fr\/\" target=\"_blank\" rel=\"noopener noreferrer\">son portail num\u00e9rique<\/a> <\/strong>pour valoriser les \u0153uvres et objets num\u00e9ris\u00e9s issus des fonds et collections de ses huit \u00e9tablissements et services.\u00a0<\/span><\/p>\n<p><span class=\"break-words\">Explorez depuis un portail unique l\u2019ensemble du patrimoine \u00e9crit et documentaire des huit institutions : la biblioth\u00e8que de l&#8217;Institut de France, la Biblioth\u00e8que Mazarine, la Fondation Dosne-Thiers, l\u2019Acad\u00e9mie des Sciences, les Archives de l\u2019Institut et des acad\u00e9mies, le Ch\u00e2teau de Chantilly, le Mus\u00e9e Jacquemart-Andr\u00e9, et la biblioth\u00e8que Marmottan.<\/span><\/p>\n<p>Des campagnes de num\u00e9risation men\u00e9es avec <a href=\"https:\/\/www.arkhenum.fr\/\" target=\"_blank\" rel=\"noopener noreferrer\"><strong>Arkh\u00eanum<\/strong><\/a> sont en cours et permettront \u00e0 de nouveaux \u00e9tablissements, ainsi qu\u2019\u00e0 de nouveaux corpus num\u00e9riques, d\u2019enrichir prochainement la plateforme.<\/p>\n<p>D\u00e9couvrir le projet : <strong><span class=\"break-words\"><a href=\"https:\/\/bit.ly\/3YDd6Gb\" data-attribute-index=\"7\" data-artdeco-is-focused=\"true\">https:\/\/bit.ly\/3YDd6Gb<\/a><\/span><\/strong><\/p>\n<p><span class=\"break-words\"><span dir=\"ltr\"><a href=\"https:\/\/bit.ly\/3YDd6Gb\" data-attribute-index=\"7\" data-artdeco-is-focused=\"true\"><img loading=\"lazy\" decoding=\"async\" width=\"680\" height=\"398\" class=\"alignnone size-medium wp-image-40898\" src=\"https:\/\/www.sitem.fr\/wp-content\/uploads\/2022\/12\/Livre_choeur-680x398.jpg\" alt=\"\" srcset=\"https:\/\/www.sitem.fr\/wp-content\/uploads\/2022\/12\/Livre_choeur-680x398.jpg 680w, https:\/\/www.sitem.fr\/wp-content\/uploads\/2022\/12\/Livre_choeur-600x351.jpg 600w, https:\/\/www.sitem.fr\/wp-content\/uploads\/2022\/12\/Livre_choeur-1200x703.jpg 1200w, https:\/\/www.sitem.fr\/wp-content\/uploads\/2022\/12\/Livre_choeur-768x450.jpg 768w, https:\/\/www.sitem.fr\/wp-content\/uploads\/2022\/12\/Livre_choeur.jpg 1457w\" sizes=\"auto, (max-width: 680px) 100vw, 680px\" \/><\/a><\/span><\/span><\/p>\n","protected":false},"excerpt":{"rendered":"L\u2019Institut de France, cr\u00e9\u00e9 en 1795, est le gardien d\u2019un ample patrimoine compos\u00e9 de demeures, de collections et de fonds d\u2019archives. La conservation, l\u2019exploration et la valorisation de ces collections et de ces ressources, dans une recherche d\u2019ouverture et d\u2019accessibilit\u00e9, sont au c\u0153ur de ses missions. L\u2019Institut de France lance avec Arkh\u00eanum son portail num\u00e9rique&#8230; <br><a class=\"readm\" href=\"https:\/\/www.sitem.fr\/en\/linstitut-de-france-expose-son-patrimoine-ecrit-et-documentaire\/\">Read more<\/a>","protected":false},"author":4740,"featured_media":40896,"comment_status":"closed","ping_status":"closed","sticky":false,"template":"","format":"standard","meta":{"_acf_changed":false,"footnotes":""},"categories":[1329,147,1,1672,1327],"tags":[1113],"class_list":["post-40900","post","type-post","status-publish","format-standard","has-post-thumbnail","hentry","category-equipement-conservation-gestion-des-collections-et-du-patrimoine","category-gestion-informatisee-des-collections-2","category-non-classifiee","category-numerique","category-valorisation-et-etude-des-collections-museales-et-patrimoniales","tag-prestataire"],"acf":[],"_links":{"self":[{"href":"https:\/\/www.sitem.fr\/en\/wp-json\/wp\/v2\/posts\/40900","targetHints":{"allow":["GET"]}}],"collection":[{"href":"https:\/\/www.sitem.fr\/en\/wp-json\/wp\/v2\/posts"}],"about":[{"href":"https:\/\/www.sitem.fr\/en\/wp-json\/wp\/v2\/types\/post"}],"author":[{"embeddable":true,"href":"https:\/\/www.sitem.fr\/en\/wp-json\/wp\/v2\/users\/4740"}],"replies":[{"embeddable":true,"href":"https:\/\/www.sitem.fr\/en\/wp-json\/wp\/v2\/comments?post=40900"}],"version-history":[{"count":6,"href":"https:\/\/www.sitem.fr\/en\/wp-json\/wp\/v2\/posts\/40900\/revisions"}],"predecessor-version":[{"id":40977,"href":"https:\/\/www.sitem.fr\/en\/wp-json\/wp\/v2\/posts\/40900\/revisions\/40977"}],"wp:featuredmedia":[{"embeddable":true,"href":"https:\/\/www.sitem.fr\/en\/wp-json\/wp\/v2\/media\/40896"}],"wp:attachment":[{"href":"https:\/\/www.sitem.fr\/en\/wp-json\/wp\/v2\/media?parent=40900"}],"wp:term":[{"taxonomy":"category","embeddable":true,"href":"https:\/\/www.sitem.fr\/en\/wp-json\/wp\/v2\/categories?post=40900"},{"taxonomy":"post_tag","embeddable":true,"href":"https:\/\/www.sitem.fr\/en\/wp-json\/wp\/v2\/tags?post=40900"}],"curies":[{"name":"wp","href":"https:\/\/api.w.org\/{rel}","templated":true}]}}