{"id":4100,"date":"2014-09-24T19:08:59","date_gmt":"2014-09-24T17:08:59","guid":{"rendered":"https:\/\/www.sitem.fr\/?p=4100"},"modified":"2018-10-08T17:22:02","modified_gmt":"2018-10-08T15:22:02","slug":"exhibit-group-musee-beaux-arts-arras-musee-bonnard","status":"publish","type":"post","link":"https:\/\/www.sitem.fr\/en\/exhibit-group-musee-beaux-arts-arras-musee-bonnard\/","title":{"rendered":"Une rentr\u00e9e au mus\u00e9e des Beaux Arts d&#8217;Arras et au mus\u00e9e Bonnard pour Exhibit Group"},"content":{"rendered":"<p>A partir du 27 septembre 2014, le grand public pourra venir admirer cent chefs-d&#8217;\u0153uvre du ch\u00e2teau de Versailles aux mus\u00e9es des Beaux-arts d&#8217;Arras. Parmi les pi\u00e8ces achemin\u00e9es pour cette exposition, on trouvera notamment des tableaux de la famille royale, des pi\u00e8ces du mobilier et la sculpture <em>l\u2019Apollon servi par les nymphes <\/em>de Girardon et Regnaudin.<\/p>\n<div id=\"attachment_4157\" style=\"width: 360px\" class=\"wp-caption alignleft\"><a href=\"https:\/\/www.sitem.fr\/wp-content\/uploads\/2014\/09\/expo-versailles-arras_exhibit-group1.jpg\"><img loading=\"lazy\" decoding=\"async\" aria-describedby=\"caption-attachment-4157\" class=\"size-full wp-image-4157\" src=\"https:\/\/www.sitem.fr\/wp-content\/uploads\/2014\/09\/expo-versailles-arras_exhibit-group1.jpg\" alt=\"Cent chefs d\u2019\u0153uvres de Versailles au mus\u00e9e des Beaux-arts d'Arras \u00a9 Fr\u00e9d\u00e9ric Beauclair\" width=\"350\" height=\"232\" srcset=\"https:\/\/www.sitem.fr\/wp-content\/uploads\/2014\/09\/expo-versailles-arras_exhibit-group1.jpg 350w, https:\/\/www.sitem.fr\/wp-content\/uploads\/2014\/09\/expo-versailles-arras_exhibit-group1-300x198.jpg 300w\" sizes=\"auto, (max-width: 350px) 100vw, 350px\" \/><\/a><p id=\"caption-attachment-4157\" class=\"wp-caption-text\">Cent chefs d\u2019\u0153uvres de Versailles au mus\u00e9e des Beaux-arts d&#8217;Arras \u00a9 Fr\u00e9d\u00e9ric Beauclair<\/p><\/div>\n<p>Exhibit Group s&#8217;est associ\u00e9 au projet pour l&#8217;am\u00e9nagement de cette exposition \u00e9v\u00e9nement \u00e9tendue sur un espace de 1000 m<sup>2<\/sup>. Exhibit Group a imprim\u00e9 et pos\u00e9 1000 m<sup>2<\/sup> de textile <a href=\"http:\/\/www.exhibitgroup.fr\/airtex-260g-m1\" target=\"_blank\">airtex<\/a> en r\u00e9tro\u00e9clair\u00e9 avec des toiles d&#8217;une hauteur de 5 m\u00e8tres agraf\u00e9es en p\u00e9riph\u00e9rie ainsi qu&#8217;une <a href=\"http:\/\/www.exhibitgroup.fr\/jet-tex-280g-m1\" target=\"_blank\">toile jet tex<\/a>, pour cet espace d&#8217;exposition r\u00e9parti en sept ambiances. L&#8217;exposition dont la sc\u00e9nographie est sign\u00e9e Fr\u00e9d\u00e9ric Beauclair promet aux visiteurs une plong\u00e9e dans les merveilles de Versailles. A d\u00e9couvrir tr\u00e8s rapidement!<\/p>\n<p>&nbsp;<\/p>\n<p>Le Mus\u00e9e Bonnard propose jusqu\u2019au 2 novembre <a href=\"http:\/\/www.museebonnard.fr\/a-voir-en-ce-moment-2\" target=\"_blank\">l\u2019exposition temporaire \u00ab\u00a0Les belles endormies\u00a0\u00bb<\/a> sur les th\u00e8mes du r\u00eave et du sommeil \u00e0 travers la peinture de la fin du XIX\u00e8me si\u00e8cle jusqu\u2019aux ann\u00e9es 1950. Ces th\u00e8mes ont travers\u00e9 les \u00e9poques et ont fascin\u00e9 tour \u00e0 tour des artistes de diff\u00e9rents courants qui s\u2019en sont inspir\u00e9s dans leurs \u0153uvres.<\/p>\n<div id=\"attachment_4122\" style=\"width: 610px\" class=\"wp-caption aligncenter\"><a href=\"https:\/\/www.sitem.fr\/wp-content\/uploads\/2014\/09\/exposition-bonnard_exhibit-group.png\"><img loading=\"lazy\" decoding=\"async\" aria-describedby=\"caption-attachment-4122\" class=\"size-full wp-image-4122\" src=\"https:\/\/www.sitem.fr\/wp-content\/uploads\/2014\/09\/exposition-bonnard_exhibit-group.png\" alt=\"Exposition Les belles endormies au mus\u00e9e Bonnard \u00a9 mus\u00e9e Bonnard\" width=\"600\" height=\"313\" srcset=\"https:\/\/www.sitem.fr\/wp-content\/uploads\/2014\/09\/exposition-bonnard_exhibit-group.png 600w, https:\/\/www.sitem.fr\/wp-content\/uploads\/2014\/09\/exposition-bonnard_exhibit-group-300x156.png 300w\" sizes=\"auto, (max-width: 600px) 100vw, 600px\" \/><\/a><p id=\"caption-attachment-4122\" class=\"wp-caption-text\">Exposition Les belles endormies au mus\u00e9e Bonnard \u00a9 mus\u00e9e Bonnard<\/p><\/div>\n<p>Au d\u00e9tour de cette exposition, on retrouve donc des peintures de Bonnard, Vuillard, Vallotton, Matisse ou encore Picasso. Exhibit Group a particip\u00e9 \u00e0 l\u2019am\u00e9nagement de cette nouvelle exposition en r\u00e9alisant l\u2019impression d\u2019un visuel sur <a href=\"http:\/\/www.exhibitgroup.fr\/materiautheque\/supports-impression\/supports-souples-pvc\" target=\"_blank\">toile PVC<\/a> avec un cadre non lumineux. Exhibit Group a \u00e9galement install\u00e9 les impressions de trois stores avec <a href=\"http:\/\/www.exhibitgroup.fr\/jet-tex-280g-m1\" target=\"_blank\">jet tex<\/a> vierge et un kit enrouleur grand format.<\/p>\n<p><a href=\"http:\/\/www.exhibitgroup.fr\/\" target=\"_blank\">www.exhibitgroup.fr<\/a><\/p>\n<p><a href=\"http:\/\/www.arras.fr\/culture\/musee-des-beaux-arts.html\" target=\"_blank\">www.arras.fr<\/a><\/p>\n<p><a href=\"http:\/\/www.museebonnard.fr\/\" target=\"_blank\">www.museebonnard.fr<\/a><\/p>\n<p><strong>Consultez la Fiche Annuaire de EXHIBIT GROUP : <\/strong><br \/>\n<a href=\"http:\/\/www.museumexperts.com\/annuaire\/prestataire\/3472\" target=\"_blank\">www.museumexperts.com\/annuaire\/prestataire\/3472<\/a><\/p>\n","protected":false},"excerpt":{"rendered":"A partir du 27 septembre 2014, le grand public pourra venir admirer cent chefs-d&#8217;\u0153uvre du ch\u00e2teau de Versailles aux mus\u00e9es des Beaux-arts d&#8217;Arras. Parmi les pi\u00e8ces achemin\u00e9es pour cette exposition, on trouvera notamment des tableaux de la famille royale, des pi\u00e8ces du mobilier et la sculpture l\u2019Apollon servi par les nymphes de Girardon et Regnaudin&#8230;. <br><a class=\"readm\" href=\"https:\/\/www.sitem.fr\/en\/exhibit-group-musee-beaux-arts-arras-musee-bonnard\/\">Read more<\/a>","protected":false},"author":2,"featured_media":4155,"comment_status":"open","ping_status":"open","sticky":false,"template":"","format":"standard","meta":{"_acf_changed":false,"footnotes":""},"categories":[142,220,1],"tags":[243],"class_list":["post-4100","post","type-post","status-publish","format-standard","has-post-thumbnail","hentry","category-agencement","category-impression","category-non-classifiee","tag-exhibit-group"],"acf":[],"_links":{"self":[{"href":"https:\/\/www.sitem.fr\/en\/wp-json\/wp\/v2\/posts\/4100","targetHints":{"allow":["GET"]}}],"collection":[{"href":"https:\/\/www.sitem.fr\/en\/wp-json\/wp\/v2\/posts"}],"about":[{"href":"https:\/\/www.sitem.fr\/en\/wp-json\/wp\/v2\/types\/post"}],"author":[{"embeddable":true,"href":"https:\/\/www.sitem.fr\/en\/wp-json\/wp\/v2\/users\/2"}],"replies":[{"embeddable":true,"href":"https:\/\/www.sitem.fr\/en\/wp-json\/wp\/v2\/comments?post=4100"}],"version-history":[{"count":10,"href":"https:\/\/www.sitem.fr\/en\/wp-json\/wp\/v2\/posts\/4100\/revisions"}],"predecessor-version":[{"id":10744,"href":"https:\/\/www.sitem.fr\/en\/wp-json\/wp\/v2\/posts\/4100\/revisions\/10744"}],"wp:featuredmedia":[{"embeddable":true,"href":"https:\/\/www.sitem.fr\/en\/wp-json\/wp\/v2\/media\/4155"}],"wp:attachment":[{"href":"https:\/\/www.sitem.fr\/en\/wp-json\/wp\/v2\/media?parent=4100"}],"wp:term":[{"taxonomy":"category","embeddable":true,"href":"https:\/\/www.sitem.fr\/en\/wp-json\/wp\/v2\/categories?post=4100"},{"taxonomy":"post_tag","embeddable":true,"href":"https:\/\/www.sitem.fr\/en\/wp-json\/wp\/v2\/tags?post=4100"}],"curies":[{"name":"wp","href":"https:\/\/api.w.org\/{rel}","templated":true}]}}