{"id":41021,"date":"2023-01-31T17:47:41","date_gmt":"2023-01-31T16:47:41","guid":{"rendered":"https:\/\/www.sitem.fr\/?p=41021"},"modified":"2023-01-31T17:49:03","modified_gmt":"2023-01-31T16:49:03","slug":"les-cloisons-mba-france-aux-archives-departementales-du-loiret","status":"publish","type":"post","link":"https:\/\/www.sitem.fr\/en\/les-cloisons-mba-france-aux-archives-departementales-du-loiret\/","title":{"rendered":"Les cloisons MBA France aux Archives D\u00e9partementales du Loiret"},"content":{"rendered":"<p>L\u2019exposition \u00ab <strong><a href=\"https:\/\/archives-loiret.fr\/vie-culturelle-2\/expositions\/cest-dans-la-boite--procedes-photographiques-aux-archives-du-loiret\">C&#8217;est dans la bo\u00eete ! Proc\u00e9d\u00e9s photographiques aux Archives du Loiret<\/a> <\/strong>\u00bb\u00a0 s\u2019est tenue du 16 septembre au 4 novembre 2022. Elle a \u00e9t\u00e9 enti\u00e8rement con\u00e7ue par les archives d\u00e9partementales en collaboration avec <a href=\"http:\/\/www.mba-france.fr\"><strong>MBA France<\/strong><\/a> pour la conception des cloisons. C\u2019\u00e9tait l\u2019occasion de d\u00e9couvrir les fonds photographiques des archives du Loiret du point de vue de l\u2019\u00e9volution des techniques. De la premi\u00e8re photographie connue, dat\u00e9e de 1826 ou 1827, \u00e0 la photographie contemporaine, les inventeurs se sont mutuellement inspir\u00e9s pour innover. Le terme de \u00ab photographie \u00bb recouvre ainsi des objets de natures tr\u00e8s diff\u00e9rentes : n\u00e9gatifs ou positifs, uniques ou reproductibles, en noir et blanc ou en couleurs, sur plaques de verre ou sur m\u00e9tal, sur support plastique ou papier, ou encore sous forme de fichier num\u00e9rique\u2026 On pouvait \u00e9galement d\u00e9couvrir des photographes loir\u00e9tains remarquables dont les archives permettent de t\u00e9moigner de l\u2019\u00e9volution continue des techniques.<\/p>\n<p>&nbsp;<\/p>\n<p>Dans le cadre de cette exposition, mais \u00e9galement en pr\u00e9vision des expositions temporaires futures, les Archives d\u00e9partementales ont souhait\u00e9 investir dans un syst\u00e8me de cloisons modulaires l\u00e9ger, p\u00e9renne et r\u00e9utilisable dans toutes sortes de configurations, en changeant de coloris ou non selon les besoins. Les cloisons Mila-wall s\u00e9rie 100 correspondent en tout point \u00e0 ce cahier des charges et c\u2019est tout naturellement que le choix s\u2019est port\u00e9 sur ce syst\u00e8me.<\/p>\n<p>&nbsp;<\/p>\n<p><img loading=\"lazy\" decoding=\"async\" width=\"680\" height=\"440\" class=\"alignnone size-medium wp-image-41017\" src=\"https:\/\/www.sitem.fr\/wp-content\/uploads\/2023\/01\/FRAD045_20221026_0006-1-680x440.jpg\" alt=\"\" srcset=\"https:\/\/www.sitem.fr\/wp-content\/uploads\/2023\/01\/FRAD045_20221026_0006-1-680x440.jpg 680w, https:\/\/www.sitem.fr\/wp-content\/uploads\/2023\/01\/FRAD045_20221026_0006-1-scaled-600x387.jpg 600w, https:\/\/www.sitem.fr\/wp-content\/uploads\/2023\/01\/FRAD045_20221026_0006-1-1200x774.jpg 1200w, https:\/\/www.sitem.fr\/wp-content\/uploads\/2023\/01\/FRAD045_20221026_0006-1-1536x991.jpg 1536w, https:\/\/www.sitem.fr\/wp-content\/uploads\/2023\/01\/FRAD045_20221026_0006-1-2048x1321.jpg 2048w, https:\/\/www.sitem.fr\/wp-content\/uploads\/2023\/01\/FRAD045_20221026_0006-1-400x260.jpg 400w\" sizes=\"auto, (max-width: 680px) 100vw, 680px\" \/><img loading=\"lazy\" decoding=\"async\" width=\"660\" height=\"440\" class=\"alignnone size-medium wp-image-41015\" src=\"https:\/\/www.sitem.fr\/wp-content\/uploads\/2023\/01\/FRAD045_20221026_0004-1-660x440.jpg\" alt=\"\" srcset=\"https:\/\/www.sitem.fr\/wp-content\/uploads\/2023\/01\/FRAD045_20221026_0004-1-660x440.jpg 660w, https:\/\/www.sitem.fr\/wp-content\/uploads\/2023\/01\/FRAD045_20221026_0004-1-scaled-600x400.jpg 600w, https:\/\/www.sitem.fr\/wp-content\/uploads\/2023\/01\/FRAD045_20221026_0004-1-1200x800.jpg 1200w, https:\/\/www.sitem.fr\/wp-content\/uploads\/2023\/01\/FRAD045_20221026_0004-1-768x512.jpg 768w, https:\/\/www.sitem.fr\/wp-content\/uploads\/2023\/01\/FRAD045_20221026_0004-1-1536x1024.jpg 1536w, https:\/\/www.sitem.fr\/wp-content\/uploads\/2023\/01\/FRAD045_20221026_0004-1-2048x1365.jpg 2048w\" sizes=\"auto, (max-width: 660px) 100vw, 660px\" \/><\/p>\n<p>Copyright Archives D\u00e9partementales du Loiret<\/p>\n<p><strong><a href=\"https:\/\/www.mba-france.fr\/\">www.mba-france.fr\u00a0<\/a><\/strong><\/p>\n","protected":false},"excerpt":{"rendered":"L\u2019exposition \u00ab C&#8217;est dans la bo\u00eete ! Proc\u00e9d\u00e9s photographiques aux Archives du Loiret \u00bb\u00a0 s\u2019est tenue du 16 septembre au 4 novembre 2022. Elle a \u00e9t\u00e9 enti\u00e8rement con\u00e7ue par les archives d\u00e9partementales en collaboration avec MBA France pour la conception des cloisons. C\u2019\u00e9tait l\u2019occasion de d\u00e9couvrir les fonds photographiques des archives du Loiret du point&#8230; <br><a class=\"readm\" href=\"https:\/\/www.sitem.fr\/en\/les-cloisons-mba-france-aux-archives-departementales-du-loiret\/\">Read more<\/a>","protected":false},"author":1453,"featured_media":41011,"comment_status":"closed","ping_status":"closed","sticky":false,"template":"","format":"standard","meta":{"_acf_changed":false,"footnotes":""},"categories":[139,1329],"tags":[1113],"class_list":["post-41021","post","type-post","status-publish","format-standard","has-post-thumbnail","hentry","category-cloisons","category-equipement-conservation-gestion-des-collections-et-du-patrimoine","tag-prestataire"],"acf":[],"_links":{"self":[{"href":"https:\/\/www.sitem.fr\/en\/wp-json\/wp\/v2\/posts\/41021","targetHints":{"allow":["GET"]}}],"collection":[{"href":"https:\/\/www.sitem.fr\/en\/wp-json\/wp\/v2\/posts"}],"about":[{"href":"https:\/\/www.sitem.fr\/en\/wp-json\/wp\/v2\/types\/post"}],"author":[{"embeddable":true,"href":"https:\/\/www.sitem.fr\/en\/wp-json\/wp\/v2\/users\/1453"}],"replies":[{"embeddable":true,"href":"https:\/\/www.sitem.fr\/en\/wp-json\/wp\/v2\/comments?post=41021"}],"version-history":[{"count":4,"href":"https:\/\/www.sitem.fr\/en\/wp-json\/wp\/v2\/posts\/41021\/revisions"}],"predecessor-version":[{"id":41409,"href":"https:\/\/www.sitem.fr\/en\/wp-json\/wp\/v2\/posts\/41021\/revisions\/41409"}],"wp:featuredmedia":[{"embeddable":true,"href":"https:\/\/www.sitem.fr\/en\/wp-json\/wp\/v2\/media\/41011"}],"wp:attachment":[{"href":"https:\/\/www.sitem.fr\/en\/wp-json\/wp\/v2\/media?parent=41021"}],"wp:term":[{"taxonomy":"category","embeddable":true,"href":"https:\/\/www.sitem.fr\/en\/wp-json\/wp\/v2\/categories?post=41021"},{"taxonomy":"post_tag","embeddable":true,"href":"https:\/\/www.sitem.fr\/en\/wp-json\/wp\/v2\/tags?post=41021"}],"curies":[{"name":"wp","href":"https:\/\/api.w.org\/{rel}","templated":true}]}}