{"id":41137,"date":"2023-01-31T18:43:05","date_gmt":"2023-01-31T17:43:05","guid":{"rendered":"https:\/\/www.sitem.fr\/?p=41137"},"modified":"2023-01-31T18:46:31","modified_gmt":"2023-01-31T17:46:31","slug":"pic-bois-arthur-rimbaud-lenigme-du-poeme-disparu","status":"publish","type":"post","link":"https:\/\/www.sitem.fr\/en\/pic-bois-arthur-rimbaud-lenigme-du-poeme-disparu\/","title":{"rendered":"PIC BOIS : Arthur Rimbaud, l\u2019\u00e9nigme du po\u00e8me disparu\u2026"},"content":{"rendered":"<p>La communaut\u00e9 de communes des cr\u00eates pr\u00e9ardennaises restaure le parcours \u00ab Sur les traces d\u2019Arthur Rimbaud \u00bb, un <strong>sentier p\u00e9dagogique <\/strong>et <strong>ludique<\/strong> cr\u00e9\u00e9 autour des moments de vie du personnage \u00e0 Roche, village de naissance de sa m\u00e8re. Pour cette mission, ils ont choisi de collaborer avec<strong><a href=\"https:\/\/www.pic-bois.com\/\"> Pic bois.<\/a><\/strong><\/p>\n<p>Vitalie et Isabelle, la m\u00e8re et la soeur d\u2019Arthur Rimbaud, servent de fil conducteur \u00e0 la visite en <strong>narrant les aventures du po\u00e8te<\/strong>. Pour suivre le <strong>sc\u00e9nario<\/strong> et <strong>immerger les visiteurs<\/strong> dans l\u2019histoire, PIC BOIS a fabriqu\u00e9 des <strong>tables de lecture<\/strong> en forme de <strong>livres<\/strong> ou de <strong>caisses<\/strong>, en r\u00e9f\u00e9rence \u00e0 ses <strong>talents d\u2019\u00e9criture<\/strong> et ses nombreux voyages.<\/p>\n<p>&nbsp;<\/p>\n<p>Afin d\u2019accompagner les promeneurs et compl\u00e9ter les supports de lecture, des <strong>silhouettes<\/strong>, repr\u00e9sentant les membres de la famille Rimbaud, sont parsem\u00e9es \u00e7\u00e0 et l\u00e0. Elles apportent une <strong>dimension po\u00e9tique<\/strong> et sont <strong>propices \u00e0 l\u2019imaginaire<\/strong>, elles donnent l\u2019impression de conter les r\u00e9cits de l\u2019artiste.<\/p>\n<p>&nbsp;<\/p>\n<div id=\"attachment_41135\" style=\"width: 607px\" class=\"wp-caption alignnone\"><img loading=\"lazy\" decoding=\"async\" aria-describedby=\"caption-attachment-41135\" class=\"wp-image-41135 size-medium\" src=\"https:\/\/www.sitem.fr\/wp-content\/uploads\/2023\/01\/Silhouette-Femme-en-train-de-lire-597x440.jpg\" alt=\"PIC BOIS | Silhouette en m\u00e9tal - Isabelle | Parcours Arthur RIMBAUD\" width=\"597\" height=\"440\" srcset=\"https:\/\/www.sitem.fr\/wp-content\/uploads\/2023\/01\/Silhouette-Femme-en-train-de-lire-597x440.jpg 597w, https:\/\/www.sitem.fr\/wp-content\/uploads\/2023\/01\/Silhouette-Femme-en-train-de-lire-600x442.jpg 600w, https:\/\/www.sitem.fr\/wp-content\/uploads\/2023\/01\/Silhouette-Femme-en-train-de-lire-768x566.jpg 768w, https:\/\/www.sitem.fr\/wp-content\/uploads\/2023\/01\/Silhouette-Femme-en-train-de-lire.jpg 1000w\" sizes=\"auto, (max-width: 597px) 100vw, 597px\" \/><p id=\"caption-attachment-41135\" class=\"wp-caption-text\">Silhouette en m\u00e9tal de Isabelle, s\u0153ur d&#8217;Arthur Rimbaud<\/p><\/div>\n<p>La fin du parcours est marqu\u00e9e par un <strong>coffre au tr\u00e9sor<\/strong>, aussi en forme de livre, rempli de pi\u00e8ces d\u2019or ! Pour y acc\u00e9der, les visiteurs doivent r\u00e9soudre les \u00e9nigmes d\u00e9livrant le code d\u2019ouverture du cadenas.<\/p>\n<p>Une balade qui ravira aussi bien les fans de l\u2019\u00e9crivain que les touristes locaux et de passage !<\/p>\n<p>&nbsp;<\/p>\n<p><a href=\"https:\/\/www.pic-bois.com\/reference\/parcours-d-interpretation-sur-les-traces-darthur-rimbaud\/\" target=\"_blank\" rel=\"noopener noreferrer\">En savoir plus<\/a><br \/>\nMa\u00eetre d\u2019ouvrage : Communaut\u00e9 de Communes de Cr\u00eates Pr\u00e9ardennaises<br \/>\nMa\u00eetre d\u2019\u0153uvre et concepteur : TELOA<\/p>\n<p><a href=\"http:\/\/www.pic-bois.com\"><strong>www.pic-bois.com<\/strong><\/a><\/p>\n","protected":false},"excerpt":{"rendered":"La communaut\u00e9 de communes des cr\u00eates pr\u00e9ardennaises restaure le parcours \u00ab Sur les traces d\u2019Arthur Rimbaud \u00bb, un sentier p\u00e9dagogique et ludique cr\u00e9\u00e9 autour des moments de vie du personnage \u00e0 Roche, village de naissance de sa m\u00e8re. Pour cette mission, ils ont choisi de collaborer avec Pic bois. Vitalie et Isabelle, la m\u00e8re et&#8230; <br><a class=\"readm\" href=\"https:\/\/www.sitem.fr\/en\/pic-bois-arthur-rimbaud-lenigme-du-poeme-disparu\/\">Read more<\/a>","protected":false},"author":4400,"featured_media":41133,"comment_status":"closed","ping_status":"closed","sticky":false,"template":"","format":"standard","meta":{"_acf_changed":false,"footnotes":""},"categories":[1329,144,1325],"tags":[1113],"class_list":["post-41137","post","type-post","status-publish","format-standard","has-post-thumbnail","hentry","category-equipement-conservation-gestion-des-collections-et-du-patrimoine","category-mobilier","category-museographie-scenographie-graphisme-signaletique","tag-prestataire"],"acf":[],"_links":{"self":[{"href":"https:\/\/www.sitem.fr\/en\/wp-json\/wp\/v2\/posts\/41137","targetHints":{"allow":["GET"]}}],"collection":[{"href":"https:\/\/www.sitem.fr\/en\/wp-json\/wp\/v2\/posts"}],"about":[{"href":"https:\/\/www.sitem.fr\/en\/wp-json\/wp\/v2\/types\/post"}],"author":[{"embeddable":true,"href":"https:\/\/www.sitem.fr\/en\/wp-json\/wp\/v2\/users\/4400"}],"replies":[{"embeddable":true,"href":"https:\/\/www.sitem.fr\/en\/wp-json\/wp\/v2\/comments?post=41137"}],"version-history":[{"count":10,"href":"https:\/\/www.sitem.fr\/en\/wp-json\/wp\/v2\/posts\/41137\/revisions"}],"predecessor-version":[{"id":41412,"href":"https:\/\/www.sitem.fr\/en\/wp-json\/wp\/v2\/posts\/41137\/revisions\/41412"}],"wp:featuredmedia":[{"embeddable":true,"href":"https:\/\/www.sitem.fr\/en\/wp-json\/wp\/v2\/media\/41133"}],"wp:attachment":[{"href":"https:\/\/www.sitem.fr\/en\/wp-json\/wp\/v2\/media?parent=41137"}],"wp:term":[{"taxonomy":"category","embeddable":true,"href":"https:\/\/www.sitem.fr\/en\/wp-json\/wp\/v2\/categories?post=41137"},{"taxonomy":"post_tag","embeddable":true,"href":"https:\/\/www.sitem.fr\/en\/wp-json\/wp\/v2\/tags?post=41137"}],"curies":[{"name":"wp","href":"https:\/\/api.w.org\/{rel}","templated":true}]}}