{"id":43292,"date":"2023-04-19T12:22:16","date_gmt":"2023-04-19T10:22:16","guid":{"rendered":"https:\/\/www.sitem.fr\/?p=43292"},"modified":"2023-04-19T12:36:32","modified_gmt":"2023-04-19T10:36:32","slug":"dans-les-pas-de-monique-et-promenade-du-maquis-de-saint-marcoult-deux-balades-sonores-realisees-par-akken-en-wallonie-picarde","status":"publish","type":"post","link":"https:\/\/www.sitem.fr\/en\/dans-les-pas-de-monique-et-promenade-du-maquis-de-saint-marcoult-deux-balades-sonores-realisees-par-akken-en-wallonie-picarde\/","title":{"rendered":"&#8220;Dans les Pas de Monique&#8221; et &#8220;Promenade du Maquis de Saint-Marcoult&#8221; : deux balades sonores r\u00e9alis\u00e9es par Akken en Wallonie Picarde"},"content":{"rendered":"<p><span style=\"font-weight: 400;\">Pour la Maison du Tourisme de la Wallonie Picarde et la Tangente, Akken a r\u00e9alis\u00e9 deux balades sonores, relatant des histoires locales de r\u00e9sistance, avec pour toile de fond la Seconde Guerre Mondiale.<\/span><\/p>\n<p>&nbsp;<\/p>\n<p><span style=\"font-weight: 400;\">\u201cDans les Pas de Monique\u201d est compos\u00e9e de 10 capsules sonores racontant l\u2019histoire vraie d\u2019Henriette Hanotte, qui fit passer la fronti\u00e8re franco-belge \u00e0 135 aviateurs alli\u00e9s. Elle appartenait au r\u00e9seau Com\u00e8te sous le nom de code de Monique. A travers des sc\u00e8nes sonores cin\u00e9matographiques et immersives, on la \u201cvoit\u201d petite, rentrer de l\u2019\u00e9cole par les chemins qu\u2019elle empruntera plus tard au petit matin pour \u00e9vader ses aviateurs, et on tremble avec elle lorsqu\u2019elle manque de se faire arr\u00eater en gare \u00e0 Paris parce que la planque est \u201cgrill\u00e9e\u201d.<\/span><\/p>\n<p>&nbsp;<\/p>\n<p><span style=\"font-weight: 400;\">\u201cPromenade du Maquis de Saint-Marcoult\u201d se d\u00e9roule \u00e0 travers la for\u00eat de Silly. Le marcheur est accompagn\u00e9 de maquisards ; il est plong\u00e9 au c\u0153ur de la r\u00e9sistance, et s\u2019entend r\u00e9v\u00e9ler l\u2019un des nombreux parachutages qui aliment\u00e8rent le maquis pendant la p\u00e9riode. Cette balade sonore prend pour point de d\u00e9part le MaquiStory, un historial nich\u00e9 au c\u0153ur d\u2019une \u00e9glise, qui rend hommage \u00e0 ces hommes et femmes de la R\u00e9sistance belge.<\/span><\/p>\n<p>&nbsp;<\/p>\n<p><span style=\"font-weight: 400;\">Ces deux balades sont \u00e0 retrouver sur l\u2019application mobile de randonn\u00e9e Cirkwi et sont disponibles en fran\u00e7ais et en n\u00e9erlandais.\u00a0<\/span><\/p>\n<p>&nbsp;<\/p>\n<p><span style=\"font-weight: 400;\">Pour d\u00e9couvrir l\u2019incroyable histoire de Monique, c\u2019est par <\/span><a href=\"https:\/\/soundcloud.com\/akken-revelateur\/sets\/dans-les-pas-de-monique\/s-Y56CnCOVZFK?si=e2a6a67c99014c7aa1c8051be5ea8900&amp;utm_source=clipboard&amp;utm_medium=text&amp;utm_campaign=social_sharing\"><span style=\"font-weight: 400;\">ici<\/span><\/a><span style=\"font-weight: 400;\">.\u00a0<\/span><\/p>\n<p><span style=\"font-weight: 400;\">Et pour rencontrer les maquisards, c\u2019est par <\/span><a href=\"https:\/\/soundcloud.com\/akken-revelateur\/sets\/le-maquis-de-silly\/s-165GXoMub1Y?si=b26335d71dd74a5f94a96f359d1ae6dd&amp;utm_source=clipboard&amp;utm_medium=text&amp;utm_campaign=social_sharing\"><span style=\"font-weight: 400;\">l\u00e0<\/span><\/a><\/p>\n<p>&nbsp;<\/p>\n<p><a href=\"http:\/\/www.akken.fr\"><span style=\"font-weight: 400;\">www.akken.fr<\/span><\/a><span style=\"font-weight: 400;\">\u00a0<\/span><\/p>\n<p>&nbsp;<\/p>\n<p>Cr\u00e9dits photos : Photo de couverture de l&#8217;article \u00a9J. D&#8217;Hondt &#8211; Visitwapi.be<\/p>\n<p>Photo ci-dessous : \u00a9C. Cardon &#8211; Visitwapi.be<\/p>\n<p><img loading=\"lazy\" decoding=\"async\" width=\"680\" height=\"383\" class=\"size-medium wp-image-43324 aligncenter\" src=\"https:\/\/www.sitem.fr\/wp-content\/uploads\/2023\/03\/dans-les-pas-de-monique-01-reduit-680x383.jpg\" alt=\"Dans les Pas de Monique\" srcset=\"https:\/\/www.sitem.fr\/wp-content\/uploads\/2023\/03\/dans-les-pas-de-monique-01-reduit-680x383.jpg 680w, https:\/\/www.sitem.fr\/wp-content\/uploads\/2023\/03\/dans-les-pas-de-monique-01-reduit-600x338.jpg 600w, https:\/\/www.sitem.fr\/wp-content\/uploads\/2023\/03\/dans-les-pas-de-monique-01-reduit-1200x676.jpg 1200w, https:\/\/www.sitem.fr\/wp-content\/uploads\/2023\/03\/dans-les-pas-de-monique-01-reduit-768x433.jpg 768w, https:\/\/www.sitem.fr\/wp-content\/uploads\/2023\/03\/dans-les-pas-de-monique-01-reduit-1536x866.jpg 1536w, https:\/\/www.sitem.fr\/wp-content\/uploads\/2023\/03\/dans-les-pas-de-monique-01-reduit.jpg 2000w\" sizes=\"auto, (max-width: 680px) 100vw, 680px\" \/><\/p>\n","protected":false},"excerpt":{"rendered":"Pour la Maison du Tourisme de la Wallonie Picarde et la Tangente, Akken a r\u00e9alis\u00e9 deux balades sonores, relatant des histoires locales de r\u00e9sistance, avec pour toile de fond la Seconde Guerre Mondiale. &nbsp; \u201cDans les Pas de Monique\u201d est compos\u00e9e de 10 capsules sonores racontant l\u2019histoire vraie d\u2019Henriette Hanotte, qui fit passer la fronti\u00e8re&#8230; <br><a class=\"readm\" href=\"https:\/\/www.sitem.fr\/en\/dans-les-pas-de-monique-et-promenade-du-maquis-de-saint-marcoult-deux-balades-sonores-realisees-par-akken-en-wallonie-picarde\/\">Read more<\/a>","protected":false},"author":4398,"featured_media":43322,"comment_status":"closed","ping_status":"closed","sticky":false,"template":"","format":"standard","meta":{"_acf_changed":false,"footnotes":""},"categories":[1328,23,149,1325],"tags":[1113],"class_list":["post-43292","post","type-post","status-publish","format-standard","has-post-thumbnail","hentry","category-accessibilite-gestion-des-publics-aide-a-la-visite","category-applications-mobiles","category-interactivite-2","category-museographie-scenographie-graphisme-signaletique","tag-prestataire"],"acf":[],"_links":{"self":[{"href":"https:\/\/www.sitem.fr\/en\/wp-json\/wp\/v2\/posts\/43292","targetHints":{"allow":["GET"]}}],"collection":[{"href":"https:\/\/www.sitem.fr\/en\/wp-json\/wp\/v2\/posts"}],"about":[{"href":"https:\/\/www.sitem.fr\/en\/wp-json\/wp\/v2\/types\/post"}],"author":[{"embeddable":true,"href":"https:\/\/www.sitem.fr\/en\/wp-json\/wp\/v2\/users\/4398"}],"replies":[{"embeddable":true,"href":"https:\/\/www.sitem.fr\/en\/wp-json\/wp\/v2\/comments?post=43292"}],"version-history":[{"count":7,"href":"https:\/\/www.sitem.fr\/en\/wp-json\/wp\/v2\/posts\/43292\/revisions"}],"predecessor-version":[{"id":43349,"href":"https:\/\/www.sitem.fr\/en\/wp-json\/wp\/v2\/posts\/43292\/revisions\/43349"}],"wp:featuredmedia":[{"embeddable":true,"href":"https:\/\/www.sitem.fr\/en\/wp-json\/wp\/v2\/media\/43322"}],"wp:attachment":[{"href":"https:\/\/www.sitem.fr\/en\/wp-json\/wp\/v2\/media?parent=43292"}],"wp:term":[{"taxonomy":"category","embeddable":true,"href":"https:\/\/www.sitem.fr\/en\/wp-json\/wp\/v2\/categories?post=43292"},{"taxonomy":"post_tag","embeddable":true,"href":"https:\/\/www.sitem.fr\/en\/wp-json\/wp\/v2\/tags?post=43292"}],"curies":[{"name":"wp","href":"https:\/\/api.w.org\/{rel}","templated":true}]}}