{"id":43426,"date":"2023-05-31T15:04:26","date_gmt":"2023-05-31T13:04:26","guid":{"rendered":"https:\/\/www.sitem.fr\/?p=43426"},"modified":"2023-05-31T15:08:54","modified_gmt":"2023-05-31T13:08:54","slug":"les-cloisons-mila-wall-a-la-chapelle-des-cordeliers-a-parthenay","status":"publish","type":"post","link":"https:\/\/www.sitem.fr\/en\/les-cloisons-mila-wall-a-la-chapelle-des-cordeliers-a-parthenay\/","title":{"rendered":"Les cloisons Mila-wall \u00e0 la Chapelle des Cordeliers \u00e0 Parthenay"},"content":{"rendered":"<p>Dress\u00e9e sur un promontoire dominant la vall\u00e9e du Thouet, la chapelle des Cordeliers, construite entre le XIIIe et le XIVe si\u00e8cle, est la seule chapelle de style gothique de la ville de Parthenay.<br \/>\nElle est le dernier t\u00e9moin d\u2019un couvent de Franciscains, moines portant un habit ceintur\u00e9 \u00e0 la taille par une corde ce qui leur vaut l\u2019appellation de fr\u00e8res Cordeliers.<br \/>\nClass\u00e9e au titre des monuments historiques, la chapelle a fait l\u2019objet de travaux de restauration<br \/>\nimportants qui se sont termin\u00e9s par la pose de vitraux contemporains r\u00e9alis\u00e9s par l\u2019artiste<br \/>\nverrier, Fanjat. Depuis les ann\u00e9es 2000, elle est am\u00e9nag\u00e9e en salle d\u2019exposition et accueille de nombreuses manifestations culturelles et artistiques.<\/p>\n<p>C\u2019est \u00e0 l\u2019occasion de la 1<sup>\u00e8re<\/sup> exposition culturelle de l\u2019ann\u00e9e, consacr\u00e9e \u00e0 POTA, qui s\u2019est tenue jusqu\u2019au 1<sup>er<\/sup> mai, que la ville de Parthenay a d\u00e9cid\u00e9 d\u2019investir dans un syst\u00e8me de cloisons simple, modulaire et durable\u00a0: Mila-wall de MBA.<\/p>\n<p>POTA. est un street artiste fran\u00e7ais qui r\u00e9alise ses oeuvres en travaillant exclusivement le noir et blanc en aplats. Natif de l\u2019ouest de la France, c\u2019est ici, mais \u00e9galement ailleurs (Paris, Toulouse, Tahiti, Porto&#8230;)au coeur de toutes ces rues, qu\u2019il utilise les murs comme supports d\u2019expression, comme galeries \u00e0 ciel ouvert.<br \/>\nSp\u00e9cialiste du collage avec lequel il a d\u00e9but\u00e9, aujourd\u2019hui il pratique \u00e9galement le graffiti, le pochoir, mais aussi la peinture.<br \/>\nCette exposition retrace les trois derni\u00e8res ann\u00e9es de son parcours artistique. Pr\u00e9sentant ses oeuvres d\u2019atelier des chapitres Origins, Essence, Human ; trois axes forts qu\u2019il a su d\u00e9velopper au fil du temps \u00e0 travers le street-art.<\/p>\n<p>&nbsp;<\/p>\n<p>Expositions d\u2019art \u00e0 venir\u00a0:<\/p>\n<p>Daniel Mar 02\/06-25\/06<\/p>\n<p>Magalie Dubois 25\/08-03\/09<\/p>\n<p>Lasco 13\/10-22\/10<\/p>\n<p>&nbsp;<\/p>\n<p><a href=\"http:\/\/www.citedesarts.parthenay.fr\/cordeliers\">www.citedesarts.parthenay.fr\/cordeliers<\/a><\/p>\n<p><a href=\"http:\/\/www.mba-france.fr\">www.mba-france.fr<\/a><\/p>\n","protected":false},"excerpt":{"rendered":"Dress\u00e9e sur un promontoire dominant la vall\u00e9e du Thouet, la chapelle des Cordeliers, construite entre le XIIIe et le XIVe si\u00e8cle, est la seule chapelle de style gothique de la ville de Parthenay. Elle est le dernier t\u00e9moin d\u2019un couvent de Franciscains, moines portant un habit ceintur\u00e9 \u00e0 la taille par une corde ce qui&#8230; <br><a class=\"readm\" href=\"https:\/\/www.sitem.fr\/en\/les-cloisons-mila-wall-a-la-chapelle-des-cordeliers-a-parthenay\/\">Read more<\/a>","protected":false},"author":1453,"featured_media":43424,"comment_status":"closed","ping_status":"closed","sticky":false,"template":"","format":"standard","meta":{"_acf_changed":false,"footnotes":""},"categories":[1325,1],"tags":[1113],"class_list":["post-43426","post","type-post","status-publish","format-standard","has-post-thumbnail","hentry","category-museographie-scenographie-graphisme-signaletique","category-non-classifiee","tag-prestataire"],"acf":[],"_links":{"self":[{"href":"https:\/\/www.sitem.fr\/en\/wp-json\/wp\/v2\/posts\/43426","targetHints":{"allow":["GET"]}}],"collection":[{"href":"https:\/\/www.sitem.fr\/en\/wp-json\/wp\/v2\/posts"}],"about":[{"href":"https:\/\/www.sitem.fr\/en\/wp-json\/wp\/v2\/types\/post"}],"author":[{"embeddable":true,"href":"https:\/\/www.sitem.fr\/en\/wp-json\/wp\/v2\/users\/1453"}],"replies":[{"embeddable":true,"href":"https:\/\/www.sitem.fr\/en\/wp-json\/wp\/v2\/comments?post=43426"}],"version-history":[{"count":2,"href":"https:\/\/www.sitem.fr\/en\/wp-json\/wp\/v2\/posts\/43426\/revisions"}],"predecessor-version":[{"id":43513,"href":"https:\/\/www.sitem.fr\/en\/wp-json\/wp\/v2\/posts\/43426\/revisions\/43513"}],"wp:featuredmedia":[{"embeddable":true,"href":"https:\/\/www.sitem.fr\/en\/wp-json\/wp\/v2\/media\/43424"}],"wp:attachment":[{"href":"https:\/\/www.sitem.fr\/en\/wp-json\/wp\/v2\/media?parent=43426"}],"wp:term":[{"taxonomy":"category","embeddable":true,"href":"https:\/\/www.sitem.fr\/en\/wp-json\/wp\/v2\/categories?post=43426"},{"taxonomy":"post_tag","embeddable":true,"href":"https:\/\/www.sitem.fr\/en\/wp-json\/wp\/v2\/tags?post=43426"}],"curies":[{"name":"wp","href":"https:\/\/api.w.org\/{rel}","templated":true}]}}