{"id":43744,"date":"2023-09-05T11:42:30","date_gmt":"2023-09-05T09:42:30","guid":{"rendered":"https:\/\/www.sitem.fr\/?p=43744"},"modified":"2023-09-29T18:20:07","modified_gmt":"2023-09-29T16:20:07","slug":"ateliers-collaboratifs-pour-lelaboration-du-psc-de-lecomusee-de-cuzals","status":"publish","type":"post","link":"https:\/\/www.sitem.fr\/en\/ateliers-collaboratifs-pour-lelaboration-du-psc-de-lecomusee-de-cuzals\/","title":{"rendered":"Ateliers collaboratifs pour l&#8217;\u00e9laboration du PSC de l&#8217;Ecomus\u00e9e de Cuzals"},"content":{"rendered":"<p style=\"font-weight: 400;\">Artizest a accompagn\u00e9 l\u2019\u00e9comus\u00e9e de Cuzals dans la conception et l\u2019animation de trois ateliers collaboratifs visant \u00e0 repenser le positionnement de l\u2019\u00e9comus\u00e9e et \u00e0 faire \u00e9merger les grands axes de son nouveau Projet Scientifique et Culturel.<\/p>\n<p style=\"font-weight: 400;\">Men\u00e9e en partenariat avec Laure Armand d\u2019H\u00e9rouville, en charge de la r\u00e9daction du PSC et de la coordination du projet, cette mission faisait suite \u00e0 un diagnostic r\u00e9alis\u00e9 par la F\u00e9d\u00e9ration des Ecomus\u00e9es et Mus\u00e9e de Soci\u00e9t\u00e9 et Laurence Chesneau-Dupin.<\/p>\n<p style=\"font-weight: 400;\">Ces trois ateliers incluaient respectivement les partenaires\/acteurs locaux, les \u00e9quipes, et les prestataires associ\u00e9s \u00e0 l\u2019\u00e9comus\u00e9e. Chaque atelier proposant une s\u00e9rie d\u2019activit\u00e9s g\u00e9n\u00e9ratives con\u00e7ues sur-mesure et \u00a0permettant aux participants de faire \u00e9merger et d\u2019affirmer\u00a0:<\/p>\n<ul>\n<li style=\"font-weight: 400;\">Des pistes d\u2019orientations strat\u00e9giques<\/li>\n<li style=\"font-weight: 400;\">Des intentions de positionnement<\/li>\n<li style=\"font-weight: 400;\">De nouvelles propositions d\u2019offre culturelle et d\u2019exp\u00e9riences pour les visiteurs<\/li>\n<\/ul>\n<p style=\"font-weight: 400;\">Le compte-rendu d\u00e9taill\u00e9 des ateliers a \u00e9t\u00e9 remis aux \u00e9quipes du mus\u00e9e, au service Culture du d\u00e9partement, ainsi qu&#8217; \u00e0 Laure Armand d\u2019H\u00e9rouville comme une mati\u00e8re premi\u00e8re suppl\u00e9mentaire pour la conception et la r\u00e9daction du nouveau PSC de l&#8217;\u00e9comus\u00e9e.<\/p>\n<p><strong><a href=\"https:\/\/www.artizest.fr\/\">Artizest<\/a><\/strong><\/p>\n<p>&nbsp;<\/p>\n<p style=\"font-weight: 400;\"><img loading=\"lazy\" decoding=\"async\" width=\"660\" height=\"440\" class=\"alignnone size-medium wp-image-43740\" src=\"https:\/\/www.sitem.fr\/wp-content\/uploads\/2023\/08\/IMG_1450b-660x440.jpg\" alt=\"\" srcset=\"https:\/\/www.sitem.fr\/wp-content\/uploads\/2023\/08\/IMG_1450b-660x440.jpg 660w, https:\/\/www.sitem.fr\/wp-content\/uploads\/2023\/08\/IMG_1450b-1200x800.jpg 1200w, https:\/\/www.sitem.fr\/wp-content\/uploads\/2023\/08\/IMG_1450b-768x512.jpg 768w, https:\/\/www.sitem.fr\/wp-content\/uploads\/2023\/08\/IMG_1450b-1536x1024.jpg 1536w, https:\/\/www.sitem.fr\/wp-content\/uploads\/2023\/08\/IMG_1450b-2048x1365.jpg 2048w, https:\/\/www.sitem.fr\/wp-content\/uploads\/2023\/08\/IMG_1450b-600x400.jpg 600w\" sizes=\"auto, (max-width: 660px) 100vw, 660px\" \/><\/p>\n<p><img loading=\"lazy\" decoding=\"async\" width=\"660\" height=\"440\" class=\"alignnone size-medium wp-image-43742\" src=\"https:\/\/www.sitem.fr\/wp-content\/uploads\/2023\/08\/IMG_1454b-660x440.jpg\" alt=\"\" srcset=\"https:\/\/www.sitem.fr\/wp-content\/uploads\/2023\/08\/IMG_1454b-660x440.jpg 660w, https:\/\/www.sitem.fr\/wp-content\/uploads\/2023\/08\/IMG_1454b-1200x800.jpg 1200w, https:\/\/www.sitem.fr\/wp-content\/uploads\/2023\/08\/IMG_1454b-768x512.jpg 768w, https:\/\/www.sitem.fr\/wp-content\/uploads\/2023\/08\/IMG_1454b-1536x1024.jpg 1536w, https:\/\/www.sitem.fr\/wp-content\/uploads\/2023\/08\/IMG_1454b-2048x1365.jpg 2048w, https:\/\/www.sitem.fr\/wp-content\/uploads\/2023\/08\/IMG_1454b-600x400.jpg 600w\" sizes=\"auto, (max-width: 660px) 100vw, 660px\" \/><\/p>\n","protected":false},"excerpt":{"rendered":"Artizest a accompagn\u00e9 l\u2019\u00e9comus\u00e9e de Cuzals dans la conception et l\u2019animation de trois ateliers collaboratifs visant \u00e0 repenser le positionnement de l\u2019\u00e9comus\u00e9e et \u00e0 faire \u00e9merger les grands axes de son nouveau Projet Scientifique et Culturel. Men\u00e9e en partenariat avec Laure Armand d\u2019H\u00e9rouville, en charge de la r\u00e9daction du PSC et de la coordination du&#8230; <br><a class=\"readm\" href=\"https:\/\/www.sitem.fr\/en\/ateliers-collaboratifs-pour-lelaboration-du-psc-de-lecomusee-de-cuzals\/\">Read more<\/a>","protected":false},"author":5154,"featured_media":43742,"comment_status":"closed","ping_status":"closed","sticky":false,"template":"","format":"standard","meta":{"_acf_changed":false,"footnotes":""},"categories":[1328,238,925],"tags":[986,2674,1113,2675],"class_list":["post-43744","post","type-post","status-publish","format-standard","has-post-thumbnail","hentry","category-accessibilite-gestion-des-publics-aide-a-la-visite","category-jeux","category-pedagogie","tag-atelier","tag-ecomusee","tag-prestataire","tag-psc"],"acf":[],"_links":{"self":[{"href":"https:\/\/www.sitem.fr\/en\/wp-json\/wp\/v2\/posts\/43744","targetHints":{"allow":["GET"]}}],"collection":[{"href":"https:\/\/www.sitem.fr\/en\/wp-json\/wp\/v2\/posts"}],"about":[{"href":"https:\/\/www.sitem.fr\/en\/wp-json\/wp\/v2\/types\/post"}],"author":[{"embeddable":true,"href":"https:\/\/www.sitem.fr\/en\/wp-json\/wp\/v2\/users\/5154"}],"replies":[{"embeddable":true,"href":"https:\/\/www.sitem.fr\/en\/wp-json\/wp\/v2\/comments?post=43744"}],"version-history":[{"count":4,"href":"https:\/\/www.sitem.fr\/en\/wp-json\/wp\/v2\/posts\/43744\/revisions"}],"predecessor-version":[{"id":43968,"href":"https:\/\/www.sitem.fr\/en\/wp-json\/wp\/v2\/posts\/43744\/revisions\/43968"}],"wp:featuredmedia":[{"embeddable":true,"href":"https:\/\/www.sitem.fr\/en\/wp-json\/wp\/v2\/media\/43742"}],"wp:attachment":[{"href":"https:\/\/www.sitem.fr\/en\/wp-json\/wp\/v2\/media?parent=43744"}],"wp:term":[{"taxonomy":"category","embeddable":true,"href":"https:\/\/www.sitem.fr\/en\/wp-json\/wp\/v2\/categories?post=43744"},{"taxonomy":"post_tag","embeddable":true,"href":"https:\/\/www.sitem.fr\/en\/wp-json\/wp\/v2\/tags?post=43744"}],"curies":[{"name":"wp","href":"https:\/\/api.w.org\/{rel}","templated":true}]}}