{"id":44016,"date":"2023-10-17T17:17:18","date_gmt":"2023-10-17T15:17:18","guid":{"rendered":"https:\/\/www.sitem.fr\/?p=44016"},"modified":"2023-10-27T11:40:36","modified_gmt":"2023-10-27T09:40:36","slug":"trouver-la-voix-du-futur-palais-de-la-decouverte-ateliers-collaboratifs","status":"publish","type":"post","link":"https:\/\/www.sitem.fr\/en\/trouver-la-voix-du-futur-palais-de-la-decouverte-ateliers-collaboratifs\/","title":{"rendered":"Trouver la voix du futur Palais de la D\u00e9couverte : ateliers collaboratifs"},"content":{"rendered":"<p>Depuis 2021, Artizest travaille avec le Palais de la D\u00e9couverte sur une mission d\u2019accompagnement et de conseil \u00e0 la cr\u00e9ativit\u00e9 pour la conception de l\u2019offre mus\u00e9ographique du futur Palais de la D\u00e9couverte.<\/p>\n<p>Dans ce cadre, Artizest animait en avril dernier un atelier destin\u00e9 aux mus\u00e9ographes d\u2019Universcience avec pour objectif de lancer le chantier de conception des futurs textes du mus\u00e9e. Quelle est la voix du mus\u00e9e ? Comment s\u2019adresse-t-on aux futurs visiteurs \u00e0 travers les textes d\u2019exposition ? Voil\u00e0 les questions auxquelles cet atelier d\u2019intelligence collective devait r\u00e9pondre.<\/p>\n<p>&nbsp;<\/p>\n<p><img loading=\"lazy\" decoding=\"async\" width=\"660\" height=\"440\" class=\"size-medium wp-image-44010 aligncenter\" src=\"https:\/\/www.sitem.fr\/wp-content\/uploads\/2023\/10\/Lionel-Allorge-CC-BY-SA-3.0-https-creativecommons.orglicensesby-sa3.0-via-Wikimedia-Commons-660x440.jpeg\" alt=\"\" srcset=\"https:\/\/www.sitem.fr\/wp-content\/uploads\/2023\/10\/Lionel-Allorge-CC-BY-SA-3.0-https-creativecommons.orglicensesby-sa3.0-via-Wikimedia-Commons-660x440.jpeg 660w, https:\/\/www.sitem.fr\/wp-content\/uploads\/2023\/10\/Lionel-Allorge-CC-BY-SA-3.0-https-creativecommons.orglicensesby-sa3.0-via-Wikimedia-Commons-768x512.jpeg 768w, https:\/\/www.sitem.fr\/wp-content\/uploads\/2023\/10\/Lionel-Allorge-CC-BY-SA-3.0-https-creativecommons.orglicensesby-sa3.0-via-Wikimedia-Commons-600x400.jpeg 600w, https:\/\/www.sitem.fr\/wp-content\/uploads\/2023\/10\/Lionel-Allorge-CC-BY-SA-3.0-https-creativecommons.orglicensesby-sa3.0-via-Wikimedia-Commons.jpeg 1024w\" sizes=\"auto, (max-width: 660px) 100vw, 660px\" \/><\/p>\n<p>&nbsp;<\/p>\n<p><strong>M\u00e9thodologie\u00a0:<\/strong><\/p>\n<p>Apr\u00e8s un rappel des valeurs et qualificatifs d\u00e9crivant le mus\u00e9e dans les divers documents strat\u00e9giques, les participants de l\u2019atelier \u00e9taient invit\u00e9s \u00e0 r\u00e9pondre \u00e0 un ensemble de questions permettant de dessiner la\/les voix du futur Palais : le style, la couleur, le volume, etc. Les participants pouvaient ensuite associer la voix du futur Palais \u00e0 celle d\u2019une personnalit\u00e9 (scientifique ou non) pour la rendre plus concr\u00e8te.<\/p>\n<p>Dans la seconde partie d\u2019atelier, les participants r\u00e9partis en groupe recevaient une carte d\u00e9taillant une typologie de public. \u00c0 la diff\u00e9rence des segmentations habituelles par tranche d\u2019\u00e2ge, les <em>personas<\/em> propos\u00e9s aux participants s\u2019appuyaient sur des objectifs de visite et pratiques culturelles. Prenant en compte les besoins et caract\u00e9ristiques de leur public cible, chaque groupe devait alors identifier une s\u00e9rie d\u2019\u00e9motions qu\u2019ils souhaitaient provoquer \u2013 ou \u00e0 l\u2019inverse \u00e9viter \u2013 chez leur public.<\/p>\n<p>La mise en commun de ces donn\u00e9es a ensuite permis de construire les bases d\u2019une \u00ab\u00a0charte vocale\u00a0\u00bb dont la r\u00e9daction se poursuit en interne. Pour conclure l\u2019atelier, les participants \u00e9taient invit\u00e9s \u00e0 produire un prototype de cartel sur la base des observations faites au cours de la journ\u00e9e. Une lecture et critique collective de ces prototypes a permis d\u2019identifier des premi\u00e8res bonnes pratiques dans le maniement de la voix du futur Palais.<\/p>\n<p><strong><a href=\"https:\/\/www.artizest.fr\/\">www.artizest.fr<\/a><\/strong><\/p>\n<p>&nbsp;<\/p>\n<p><img loading=\"lazy\" decoding=\"async\" width=\"330\" height=\"440\" class=\"alignnone size-medium wp-image-44012\" src=\"https:\/\/www.sitem.fr\/wp-content\/uploads\/2023\/10\/IMG_3872-330x440.jpg\" alt=\"\" srcset=\"https:\/\/www.sitem.fr\/wp-content\/uploads\/2023\/10\/IMG_3872-330x440.jpg 330w, https:\/\/www.sitem.fr\/wp-content\/uploads\/2023\/10\/IMG_3872-600x800.jpg 600w, https:\/\/www.sitem.fr\/wp-content\/uploads\/2023\/10\/IMG_3872-768x1024.jpg 768w, https:\/\/www.sitem.fr\/wp-content\/uploads\/2023\/10\/IMG_3872-1152x1536.jpg 1152w, https:\/\/www.sitem.fr\/wp-content\/uploads\/2023\/10\/IMG_3872-1536x2048.jpg 1536w, https:\/\/www.sitem.fr\/wp-content\/uploads\/2023\/10\/IMG_3872-scaled.jpg 1920w\" sizes=\"auto, (max-width: 330px) 100vw, 330px\" \/> <img loading=\"lazy\" decoding=\"async\" width=\"456\" height=\"440\" class=\"alignnone size-medium wp-image-44014\" src=\"https:\/\/www.sitem.fr\/wp-content\/uploads\/2023\/10\/IMG_3877-456x440.jpg\" alt=\"\" srcset=\"https:\/\/www.sitem.fr\/wp-content\/uploads\/2023\/10\/IMG_3877-456x440.jpg 456w, https:\/\/www.sitem.fr\/wp-content\/uploads\/2023\/10\/IMG_3877-828x800.jpg 828w, https:\/\/www.sitem.fr\/wp-content\/uploads\/2023\/10\/IMG_3877-768x742.jpg 768w, https:\/\/www.sitem.fr\/wp-content\/uploads\/2023\/10\/IMG_3877-1536x1483.jpg 1536w, https:\/\/www.sitem.fr\/wp-content\/uploads\/2023\/10\/IMG_3877-2048x1978.jpg 2048w, https:\/\/www.sitem.fr\/wp-content\/uploads\/2023\/10\/IMG_3877-600x579.jpg 600w\" sizes=\"auto, (max-width: 456px) 100vw, 456px\" \/><\/p>\n","protected":false},"excerpt":{"rendered":"Depuis 2021, Artizest travaille avec le Palais de la D\u00e9couverte sur une mission d\u2019accompagnement et de conseil \u00e0 la cr\u00e9ativit\u00e9 pour la conception de l\u2019offre mus\u00e9ographique du futur Palais de la D\u00e9couverte. Dans ce cadre, Artizest animait en avril dernier un atelier destin\u00e9 aux mus\u00e9ographes d\u2019Universcience avec pour objectif de lancer le chantier de conception&#8230; <br><a class=\"readm\" href=\"https:\/\/www.sitem.fr\/en\/trouver-la-voix-du-futur-palais-de-la-decouverte-ateliers-collaboratifs\/\">Read more<\/a>","protected":false},"author":5154,"featured_media":44014,"comment_status":"closed","ping_status":"closed","sticky":false,"template":"","format":"standard","meta":{"_acf_changed":false,"footnotes":""},"categories":[1325],"tags":[986,1113],"class_list":["post-44016","post","type-post","status-publish","format-standard","has-post-thumbnail","hentry","category-museographie-scenographie-graphisme-signaletique","tag-atelier","tag-prestataire"],"acf":[],"_links":{"self":[{"href":"https:\/\/www.sitem.fr\/en\/wp-json\/wp\/v2\/posts\/44016","targetHints":{"allow":["GET"]}}],"collection":[{"href":"https:\/\/www.sitem.fr\/en\/wp-json\/wp\/v2\/posts"}],"about":[{"href":"https:\/\/www.sitem.fr\/en\/wp-json\/wp\/v2\/types\/post"}],"author":[{"embeddable":true,"href":"https:\/\/www.sitem.fr\/en\/wp-json\/wp\/v2\/users\/5154"}],"replies":[{"embeddable":true,"href":"https:\/\/www.sitem.fr\/en\/wp-json\/wp\/v2\/comments?post=44016"}],"version-history":[{"count":4,"href":"https:\/\/www.sitem.fr\/en\/wp-json\/wp\/v2\/posts\/44016\/revisions"}],"predecessor-version":[{"id":44208,"href":"https:\/\/www.sitem.fr\/en\/wp-json\/wp\/v2\/posts\/44016\/revisions\/44208"}],"wp:featuredmedia":[{"embeddable":true,"href":"https:\/\/www.sitem.fr\/en\/wp-json\/wp\/v2\/media\/44014"}],"wp:attachment":[{"href":"https:\/\/www.sitem.fr\/en\/wp-json\/wp\/v2\/media?parent=44016"}],"wp:term":[{"taxonomy":"category","embeddable":true,"href":"https:\/\/www.sitem.fr\/en\/wp-json\/wp\/v2\/categories?post=44016"},{"taxonomy":"post_tag","embeddable":true,"href":"https:\/\/www.sitem.fr\/en\/wp-json\/wp\/v2\/tags?post=44016"}],"curies":[{"name":"wp","href":"https:\/\/api.w.org\/{rel}","templated":true}]}}