{"id":44222,"date":"2023-10-30T16:12:54","date_gmt":"2023-10-30T15:12:54","guid":{"rendered":"https:\/\/www.sitem.fr\/?p=44222"},"modified":"2023-10-30T16:12:54","modified_gmt":"2023-10-30T15:12:54","slug":"musair-au-lycee-un-projet-decriture-partagee-pour-le-louvre-lens","status":"publish","type":"post","link":"https:\/\/www.sitem.fr\/en\/musair-au-lycee-un-projet-decriture-partagee-pour-le-louvre-lens\/","title":{"rendered":"Musair au lyc\u00e9e : un projet d&#8217;\u00e9criture partag\u00e9e pour le Louvre-Lens"},"content":{"rendered":"<h2>Sors de ta grotte !<\/h2>\n<p>&#8220;Sors de ta grotte&#8221;, c&#8217;est souvent ce que les parents ass\u00e8nent \u00e0 leurs ados, fatigu\u00e9s de les voir tapis au fond de la caverne qui leur sert aussi de lit. &#8220;Sors de ta grotte&#8221;, c&#8217;est aussi le nom de code du projet que le Louvre-Lens a confi\u00e9 \u00e0 Musair en partenariat avec le Lyc\u00e9e Condorcet de Lens. 21 Lyc\u00e9ens de 2nde et de 1\u00e8re, en option histoire des arts, sont embarqu\u00e9s dans l&#8217;\u00e9criture la m\u00e9diation sonore de la future exposition Mondes souterrains (mars 2024). &#8220;Sors de ta grotte&#8221;, comme c&#8217;est bizarre, c&#8217;est une phrase qu&#8217;ils ont tous et toutes d\u00e9j\u00e0 entendue !<\/p>\n<h2>Explorer le souterrain<\/h2>\n<p>Une quinzaine d&#8217;ateliers sont programm\u00e9s, dont le processus con\u00e7u par Musair se co-\u00e9crit au fur et \u00e0 mesure des r\u00e9actions et de l&#8217;appropriation du projet par les Lyc\u00e9ens. Musair les invite \u00e0 ressentir les oeuvres, \u00e0 poser des mots sur leurs sensations, \u00e0 y trouver des analogies avec leurs vies ou d&#8217;autres vies, \u00e0 exprimer des \u00e9motions. Un travail d\u2019introspection et d&#8217;expression devant les autres d&#8217;une sensibilit\u00e9 qu&#8217;ils pr\u00e9f\u00e8rent souvent cacher. Les explorateurs creusent &#8220;en eux&#8221; autant que dans les \u0153uvres, un exercice facilit\u00e9 par des manipulations, comme se cacher sous une couverture comme dans une grotte et voir ses souvenirs d&#8217;enfant ressurgir ou sentir, les yeux ferm\u00e9s, tout ce que la forme d&#8217;un caillou peut \u00e9voquer, d&#8217;\u00e9gratignures, de nature ou de salet\u00e9.<\/p>\n<p>&nbsp;<\/p>\n<h1>Regards sonores partag\u00e9s<\/h1>\n<p>&nbsp;<\/p>\n<p>Au terme de ce cheminement dans les galeries souterraines de leur personnalit\u00e9, les adolescents ont pour mission de partager 10 regards sonores sur 10 oeuvres qu&#8217;ils auront choisies dans le parcours de l&#8217;exposition. Des r\u00e9cits faits de mots, de voix et de musique compos\u00e9s avec l\u2019aide de Musair. L&#8217;enjeu qui leur est pos\u00e9 \u00e9tant non pas d&#8217;\u00e9crire pour des ados comme eux, mais au contraire, de partager leur mani\u00e8re personnelle de voir, de ressentir, d&#8217;exprimer avec un maximum de publics : avoir la parole et \u00eatre entendus. Un parti-pris \u00e0 l&#8217;oeuvre dans l&#8217;ensemble des projets du Louvre-Lens et en r\u00e9sonance particuli\u00e8re avec les enjeux des instances \u00e9ducatives.<\/p>\n<p><strong><a href=\"https:\/\/www.musair.fr\/\">https:\/\/www.musair.fr\/<\/a><\/strong><\/p>\n","protected":false},"excerpt":{"rendered":"Sors de ta grotte ! &#8220;Sors de ta grotte&#8221;, c&#8217;est souvent ce que les parents ass\u00e8nent \u00e0 leurs ados, fatigu\u00e9s de les voir tapis au fond de la caverne qui leur sert aussi de lit. &#8220;Sors de ta grotte&#8221;, c&#8217;est aussi le nom de code du projet que le Louvre-Lens a confi\u00e9 \u00e0 Musair en&#8230; <br><a class=\"readm\" href=\"https:\/\/www.sitem.fr\/en\/musair-au-lycee-un-projet-decriture-partagee-pour-le-louvre-lens\/\">Read more<\/a>","protected":false},"author":4809,"featured_media":44220,"comment_status":"closed","ping_status":"closed","sticky":false,"template":"","format":"standard","meta":{"_acf_changed":false,"footnotes":""},"categories":[1328],"tags":[379,46,1113],"class_list":["post-44222","post","type-post","status-publish","format-standard","has-post-thumbnail","hentry","category-accessibilite-gestion-des-publics-aide-a-la-visite","tag-louvre-lens","tag-mediation","tag-prestataire"],"acf":[],"_links":{"self":[{"href":"https:\/\/www.sitem.fr\/en\/wp-json\/wp\/v2\/posts\/44222","targetHints":{"allow":["GET"]}}],"collection":[{"href":"https:\/\/www.sitem.fr\/en\/wp-json\/wp\/v2\/posts"}],"about":[{"href":"https:\/\/www.sitem.fr\/en\/wp-json\/wp\/v2\/types\/post"}],"author":[{"embeddable":true,"href":"https:\/\/www.sitem.fr\/en\/wp-json\/wp\/v2\/users\/4809"}],"replies":[{"embeddable":true,"href":"https:\/\/www.sitem.fr\/en\/wp-json\/wp\/v2\/comments?post=44222"}],"version-history":[{"count":3,"href":"https:\/\/www.sitem.fr\/en\/wp-json\/wp\/v2\/posts\/44222\/revisions"}],"predecessor-version":[{"id":44225,"href":"https:\/\/www.sitem.fr\/en\/wp-json\/wp\/v2\/posts\/44222\/revisions\/44225"}],"wp:featuredmedia":[{"embeddable":true,"href":"https:\/\/www.sitem.fr\/en\/wp-json\/wp\/v2\/media\/44220"}],"wp:attachment":[{"href":"https:\/\/www.sitem.fr\/en\/wp-json\/wp\/v2\/media?parent=44222"}],"wp:term":[{"taxonomy":"category","embeddable":true,"href":"https:\/\/www.sitem.fr\/en\/wp-json\/wp\/v2\/categories?post=44222"},{"taxonomy":"post_tag","embeddable":true,"href":"https:\/\/www.sitem.fr\/en\/wp-json\/wp\/v2\/tags?post=44222"}],"curies":[{"name":"wp","href":"https:\/\/api.w.org\/{rel}","templated":true}]}}