{"id":45591,"date":"2024-04-18T10:41:19","date_gmt":"2024-04-18T08:41:19","guid":{"rendered":"https:\/\/www.sitem.fr\/?p=45591"},"modified":"2024-04-18T10:41:19","modified_gmt":"2024-04-18T08:41:19","slug":"le-bon-marche-rive-gauche-sauvegarde-la-memoire-orale-du-grand-magasin-parisien","status":"publish","type":"post","link":"https:\/\/www.sitem.fr\/en\/le-bon-marche-rive-gauche-sauvegarde-la-memoire-orale-du-grand-magasin-parisien\/","title":{"rendered":"Le Bon March\u00e9 Rive Gauche sauvegarde la m\u00e9moire orale du grand magasin parisien"},"content":{"rendered":"<p>En 1852, le premier grand magasin parisien voit le jour gr\u00e2ce \u00e0 Aristide et Marguerite Boucicaut. Le Bon March\u00e9 Rive Gauche c\u00e9l\u00e8bre aujourd\u2019hui plus de 170 ann\u00e9es d\u2019existence. A cette occasion, Le Bon March\u00e9 Rive Gauche a mandat\u00e9 Arkh\u00eanum pour r\u00e9aliser une campagne de recueil de t\u00e9moignages oraux.<\/p>\n<p>L\u2019ambition de ce projet est de documenter la cr\u00e9ation de la direction artistique au sein du Bon March\u00e9, ainsi que la constitution et l\u2019organisation du fonds d\u2019archives. Ces objectifs ont donn\u00e9 lieu \u00e0 l\u2019enregistrement film\u00e9 de deux t\u00e9moins : <strong>Fr\u00e9d\u00e9ric Bodenes<\/strong>, Directeur Artistique et Image du Bon March\u00e9 Rive Gauche et de la Grande \u00c9picerie de Paris, et <strong>Monica Burckhardt<\/strong>, conservatrice du D\u00e9partement des Jouets du Mus\u00e9e des Arts D\u00e9coratifs, \u00e0 l\u2019origine des premiers travaux sur les collections patrimoniales.<\/p>\n<p>Arkh\u00eanum a apport\u00e9 son savoir-faire pour permettre au Bon March\u00e9 Rive Gauche de faire de ces t\u00e9moignages des outils exploitables facilement dans le cadre de projets de valorisation patrimoniale.<\/p>\n<p><strong><a href=\"https:\/\/www.arkhenum.fr\/realisations\/preserver-temoignages-bon-marche-rive-gauche\/\" target=\"_blank\" rel=\"noopener\">Lire l&#8217;article pour en savoir plus<\/a><\/strong><\/p>\n","protected":false},"excerpt":{"rendered":"En 1852, le premier grand magasin parisien voit le jour gr\u00e2ce \u00e0 Aristide et Marguerite Boucicaut. Le Bon March\u00e9 Rive Gauche c\u00e9l\u00e8bre aujourd\u2019hui plus de 170 ann\u00e9es d\u2019existence. A cette occasion, Le Bon March\u00e9 Rive Gauche a mandat\u00e9 Arkh\u00eanum pour r\u00e9aliser une campagne de recueil de t\u00e9moignages oraux. L\u2019ambition de ce projet est de documenter&#8230; <br><a class=\"readm\" href=\"https:\/\/www.sitem.fr\/en\/le-bon-marche-rive-gauche-sauvegarde-la-memoire-orale-du-grand-magasin-parisien\/\">Read more<\/a>","protected":false},"author":4740,"featured_media":45589,"comment_status":"closed","ping_status":"closed","sticky":false,"template":"","format":"standard","meta":{"_acf_changed":false,"footnotes":""},"categories":[1111,62,1329,1327],"tags":[1818,2684,1113],"class_list":["post-45591","post","type-post","status-publish","format-standard","has-post-thumbnail","hentry","category-actualites-recentes","category-conservation-preventive","category-equipement-conservation-gestion-des-collections-et-du-patrimoine","category-valorisation-et-etude-des-collections-museales-et-patrimoniales","tag-arkhenum","tag-le-bon-marche","tag-prestataire"],"acf":[],"_links":{"self":[{"href":"https:\/\/www.sitem.fr\/en\/wp-json\/wp\/v2\/posts\/45591","targetHints":{"allow":["GET"]}}],"collection":[{"href":"https:\/\/www.sitem.fr\/en\/wp-json\/wp\/v2\/posts"}],"about":[{"href":"https:\/\/www.sitem.fr\/en\/wp-json\/wp\/v2\/types\/post"}],"author":[{"embeddable":true,"href":"https:\/\/www.sitem.fr\/en\/wp-json\/wp\/v2\/users\/4740"}],"replies":[{"embeddable":true,"href":"https:\/\/www.sitem.fr\/en\/wp-json\/wp\/v2\/comments?post=45591"}],"version-history":[{"count":3,"href":"https:\/\/www.sitem.fr\/en\/wp-json\/wp\/v2\/posts\/45591\/revisions"}],"predecessor-version":[{"id":47057,"href":"https:\/\/www.sitem.fr\/en\/wp-json\/wp\/v2\/posts\/45591\/revisions\/47057"}],"wp:featuredmedia":[{"embeddable":true,"href":"https:\/\/www.sitem.fr\/en\/wp-json\/wp\/v2\/media\/45589"}],"wp:attachment":[{"href":"https:\/\/www.sitem.fr\/en\/wp-json\/wp\/v2\/media?parent=45591"}],"wp:term":[{"taxonomy":"category","embeddable":true,"href":"https:\/\/www.sitem.fr\/en\/wp-json\/wp\/v2\/categories?post=45591"},{"taxonomy":"post_tag","embeddable":true,"href":"https:\/\/www.sitem.fr\/en\/wp-json\/wp\/v2\/tags?post=45591"}],"curies":[{"name":"wp","href":"https:\/\/api.w.org\/{rel}","templated":true}]}}