{"id":45838,"date":"2024-04-18T15:04:24","date_gmt":"2024-04-18T13:04:24","guid":{"rendered":"https:\/\/www.sitem.fr\/?p=45838"},"modified":"2024-04-18T15:04:24","modified_gmt":"2024-04-18T13:04:24","slug":"akken-realise-le-design-sonore-de-levenement-voyage-au-centre-de-la-tech","status":"publish","type":"post","link":"https:\/\/www.sitem.fr\/en\/akken-realise-le-design-sonore-de-levenement-voyage-au-centre-de-la-tech\/","title":{"rendered":"Akken r\u00e9alise le design sonore de l\u2019\u00e9v\u00e9nement \u201cVoyage au Centre de la Tech\u201d"},"content":{"rendered":"<p><span style=\"font-weight: 400;\">L\u2019Agence Pas-de-Calais Tourisme a sollicit\u00e9 Akken pour la cr\u00e9ation de 4 capsules sonores immersives tr\u00e8s inspir\u00e9es des mondes verniens, diffus\u00e9es au cours de l\u2019\u00e9v\u00e9nement qui s\u2019est d\u00e9roul\u00e9 \u00e0 Nausicaa, Centre National de la Mer.\u00a0<\/span><\/p>\n<p>&nbsp;<\/p>\n<p><span style=\"font-weight: 400;\">Voyage au Centre de la Tech, \u00e9v\u00e9nement destin\u00e9 aux professionnels du tourisme, s\u2019est ax\u00e9 pour cette deuxi\u00e8me \u00e9dition autour du bio-mim\u00e9tisme, pour inventer demain de nouvelles exp\u00e9riences touristiques prenant en compte la biodiversit\u00e9, tel que Jules Verne l\u2019a fait dans ses innombrables ouvrages inspir\u00e9s de la nature.\u00a0<\/span><\/p>\n<p>&nbsp;<\/p>\n<p><span style=\"font-weight: 400;\">Il s\u2019agissait donc au travers de ces immersions sonores d\u2019emmener les participants dans un voyage au c\u0153ur de l\u2019univers vernien : plong\u00e9e \u00e0 bord du Nautilus vingt mille lieues sous les mers, exp\u00e9dition en milieu tropical, et voyage en montgolfi\u00e8re au-dessus d\u2019une for\u00eat habit\u00e9e par une faune exub\u00e9rante.\u00a0<\/span><\/p>\n<p>&nbsp;<\/p>\n<p><span style=\"font-weight: 400;\">L\u2019\u00e9v\u00e9nement s\u2019est cl\u00f4tur\u00e9 sur une capsule 100% sonore, sans texte, laissant libre court \u00e0 l\u2019imaginaire des spectateurs, au cours d\u2019un travelling audio traversant bruits de br\u00fbleur de montgolfi\u00e8re, faune sauvage, cours d\u2019eau en contrebas, au c\u0153ur d\u2019une \u00e9paisse for\u00eat\u2026<\/span><\/p>\n<p>&nbsp;<\/p>\n<p><span style=\"font-weight: 400;\">Pour se plonger dans les mondes verniens, on vous propose de vivre ce voyage en montgolfi\u00e8re <\/span><a href=\"https:\/\/soundcloud.com\/akken-revelateur\/04-akken-nausicaa?si=e01e7f03f0fc466a972c67079768ec05&amp;utm_source=clipboard&amp;utm_medium=text&amp;utm_campaign=social_sharing\"><span style=\"font-weight: 400;\"><strong>par ici<\/strong>.<\/span><\/a><\/p>\n<p>&nbsp;<\/p>\n<p><img loading=\"lazy\" decoding=\"async\" width=\"376\" height=\"440\" class=\"size-medium wp-image-45836 aligncenter\" src=\"https:\/\/www.sitem.fr\/wp-content\/uploads\/2024\/03\/Voyage-au-centre-de-la-Tech-376x440.jpg\" alt=\"\" srcset=\"https:\/\/www.sitem.fr\/wp-content\/uploads\/2024\/03\/Voyage-au-centre-de-la-Tech-376x440.jpg 376w, https:\/\/www.sitem.fr\/wp-content\/uploads\/2024\/03\/Voyage-au-centre-de-la-Tech-684x800.jpg 684w, https:\/\/www.sitem.fr\/wp-content\/uploads\/2024\/03\/Voyage-au-centre-de-la-Tech-768x898.jpg 768w, https:\/\/www.sitem.fr\/wp-content\/uploads\/2024\/03\/Voyage-au-centre-de-la-Tech-600x701.jpg 600w, https:\/\/www.sitem.fr\/wp-content\/uploads\/2024\/03\/Voyage-au-centre-de-la-Tech.jpg 1284w\" sizes=\"auto, (max-width: 376px) 100vw, 376px\" \/><\/p>\n<p style=\"text-align: center;\">Cr\u00e9dit photo : Florence Karras.<\/p>\n","protected":false},"excerpt":{"rendered":"L\u2019Agence Pas-de-Calais Tourisme a sollicit\u00e9 Akken pour la cr\u00e9ation de 4 capsules sonores immersives tr\u00e8s inspir\u00e9es des mondes verniens, diffus\u00e9es au cours de l\u2019\u00e9v\u00e9nement qui s\u2019est d\u00e9roul\u00e9 \u00e0 Nausicaa, Centre National de la Mer.\u00a0 &nbsp; Voyage au Centre de la Tech, \u00e9v\u00e9nement destin\u00e9 aux professionnels du tourisme, s\u2019est ax\u00e9 pour cette deuxi\u00e8me \u00e9dition autour du&#8230; <br><a class=\"readm\" href=\"https:\/\/www.sitem.fr\/en\/akken-realise-le-design-sonore-de-levenement-voyage-au-centre-de-la-tech\/\">Read more<\/a>","protected":false},"author":4398,"featured_media":45834,"comment_status":"closed","ping_status":"closed","sticky":false,"template":"","format":"standard","meta":{"_acf_changed":false,"footnotes":""},"categories":[1328,1111,2678,154],"tags":[2686,491,1113],"class_list":["post-45838","post","type-post","status-publish","format-standard","has-post-thumbnail","hentry","category-accessibilite-gestion-des-publics-aide-a-la-visite","category-actualites-recentes","category-mediation-culturelle","category-son-2","tag-agence-pas-de-calais-tourisme","tag-akken","tag-prestataire"],"acf":[],"_links":{"self":[{"href":"https:\/\/www.sitem.fr\/en\/wp-json\/wp\/v2\/posts\/45838","targetHints":{"allow":["GET"]}}],"collection":[{"href":"https:\/\/www.sitem.fr\/en\/wp-json\/wp\/v2\/posts"}],"about":[{"href":"https:\/\/www.sitem.fr\/en\/wp-json\/wp\/v2\/types\/post"}],"author":[{"embeddable":true,"href":"https:\/\/www.sitem.fr\/en\/wp-json\/wp\/v2\/users\/4398"}],"replies":[{"embeddable":true,"href":"https:\/\/www.sitem.fr\/en\/wp-json\/wp\/v2\/comments?post=45838"}],"version-history":[{"count":3,"href":"https:\/\/www.sitem.fr\/en\/wp-json\/wp\/v2\/posts\/45838\/revisions"}],"predecessor-version":[{"id":47064,"href":"https:\/\/www.sitem.fr\/en\/wp-json\/wp\/v2\/posts\/45838\/revisions\/47064"}],"wp:featuredmedia":[{"embeddable":true,"href":"https:\/\/www.sitem.fr\/en\/wp-json\/wp\/v2\/media\/45834"}],"wp:attachment":[{"href":"https:\/\/www.sitem.fr\/en\/wp-json\/wp\/v2\/media?parent=45838"}],"wp:term":[{"taxonomy":"category","embeddable":true,"href":"https:\/\/www.sitem.fr\/en\/wp-json\/wp\/v2\/categories?post=45838"},{"taxonomy":"post_tag","embeddable":true,"href":"https:\/\/www.sitem.fr\/en\/wp-json\/wp\/v2\/tags?post=45838"}],"curies":[{"name":"wp","href":"https:\/\/api.w.org\/{rel}","templated":true}]}}