{"id":4711,"date":"2015-02-27T09:49:00","date_gmt":"2015-02-27T08:49:00","guid":{"rendered":"https:\/\/www.sitem.fr\/?p=4711"},"modified":"2018-10-08T17:22:24","modified_gmt":"2018-10-08T15:22:24","slug":"anamnesia-dispositifs-interactifs-centre-charlemagne","status":"publish","type":"post","link":"https:\/\/www.sitem.fr\/en\/anamnesia-dispositifs-interactifs-centre-charlemagne\/","title":{"rendered":"Anamnesia produit les dispositifs interactifs du Centre Charlemagne"},"content":{"rendered":"<p>Pour son premier projet d\u2019une telle envergure en Allemagne, Anamnesia a con\u00e7u et produit l\u2019ensemble des contenus audiovisuels et multim\u00e9dia du Centre Charlemagne (contenus 2D et 3D, films d\u2019animation en th\u00e9\u00e2tre d\u2019ombres, projection sur maquette, projections grand format, bornes d\u2019information tactiles). La soci\u00e9t\u00e9 a \u00e9galement \u00e9t\u00e9 charg\u00e9e de la conception et de la r\u00e9alisation du site internet du Centre Charlemagne ainsi que d\u2019un mus\u00e9e virtuel. Tous ces dispositifs ont \u00e9t\u00e9 adapt\u00e9s aux visiteurs en situation de handicap.<br \/>\nSa filiale technique Cotavim en a assur\u00e9 l&#8217;int\u00e9gration et l&#8217;installation.<\/p>\n<div id=\"attachment_4714\" style=\"width: 408px\" class=\"wp-caption aligncenter\"><a href=\"https:\/\/www.sitem.fr\/wp-content\/uploads\/2015\/02\/centre-charlemagne_anamnesia2.jpg\"><img loading=\"lazy\" decoding=\"async\" aria-describedby=\"caption-attachment-4714\" class=\" wp-image-4714\" src=\"https:\/\/www.sitem.fr\/wp-content\/uploads\/2015\/02\/centre-charlemagne_anamnesia2.jpg\" alt=\"Dispositif multim\u00e9di int\u00e9gr\u00e9 \u00e0 la mus\u00e9ographie \u00a9 Anamnesia\" width=\"398\" height=\"265\" srcset=\"https:\/\/www.sitem.fr\/wp-content\/uploads\/2015\/02\/centre-charlemagne_anamnesia2.jpg 600w, https:\/\/www.sitem.fr\/wp-content\/uploads\/2015\/02\/centre-charlemagne_anamnesia2-300x200.jpg 300w\" sizes=\"auto, (max-width: 398px) 100vw, 398px\" \/><\/a><p id=\"caption-attachment-4714\" class=\"wp-caption-text\">Dispositif multim\u00e9di int\u00e9gr\u00e9 \u00e0 la mus\u00e9ographie \u00a9 Anamnesia<\/p><\/div>\n<div id=\"attachment_4716\" style=\"width: 208px\" class=\"wp-caption alignright\"><a href=\"https:\/\/www.sitem.fr\/wp-content\/uploads\/2015\/02\/dispositif-centre-charlemagne_anamnesia.jpg\"><img loading=\"lazy\" decoding=\"async\" aria-describedby=\"caption-attachment-4716\" class=\" wp-image-4716\" src=\"https:\/\/www.sitem.fr\/wp-content\/uploads\/2015\/02\/dispositif-centre-charlemagne_anamnesia.jpg\" alt=\"Gros plan sur un des dispositifs interactifs \u00a9 Anamnesia\" width=\"198\" height=\"132\" srcset=\"https:\/\/www.sitem.fr\/wp-content\/uploads\/2015\/02\/dispositif-centre-charlemagne_anamnesia.jpg 600w, https:\/\/www.sitem.fr\/wp-content\/uploads\/2015\/02\/dispositif-centre-charlemagne_anamnesia-300x200.jpg 300w\" sizes=\"auto, (max-width: 198px) 100vw, 198px\" \/><\/a><p id=\"caption-attachment-4716\" class=\"wp-caption-text\">Gros plan sur un des dispositifs interactifs \u00a9 Anamnesia<\/p><\/div>\n<p>L\u2019histoire d\u2019Aix-la-Chapelle est intimement li\u00e9e \u00e0 celle de Charlemagne qui en fait le si\u00e8ge de son pouvoir et le centre de son empire en l\u2019an 800. Ouvert en 2014 \u00e0 Aachen, ou Aix La Chapelle pour les francophones, le Centre Charlemagne met en lumi\u00e8re le riche h\u00e9ritage de cet empereur et fait la part belle \u00e0 la m\u00e9diation interactive sur plus de 800m2.<\/p>\n<div id=\"attachment_4715\" style=\"width: 407px\" class=\"wp-caption aligncenter\"><a href=\"https:\/\/www.sitem.fr\/wp-content\/uploads\/2015\/02\/centre-charlemagne_anamnesia3.jpg\"><img loading=\"lazy\" decoding=\"async\" aria-describedby=\"caption-attachment-4715\" class=\"size-full wp-image-4715\" src=\"https:\/\/www.sitem.fr\/wp-content\/uploads\/2015\/02\/centre-charlemagne_anamnesia3.jpg\" alt=\"Ecran int\u00e9ractif au Centre Charlemagne \u00a9 Anamnesia\" width=\"397\" height=\"264\" srcset=\"https:\/\/www.sitem.fr\/wp-content\/uploads\/2015\/02\/centre-charlemagne_anamnesia3.jpg 600w, https:\/\/www.sitem.fr\/wp-content\/uploads\/2015\/02\/centre-charlemagne_anamnesia3-300x200.jpg 300w\" sizes=\"auto, (max-width: 397px) 100vw, 397px\" \/><\/a><p id=\"caption-attachment-4715\" class=\"wp-caption-text\">Ecran int\u00e9ractif au Centre Charlemagne \u00a9 Anamnesia<\/p><\/div>\n<p><a href=\"http:\/\/www.centre-charlemagne.eu\/\" target=\"_blank\">www.centre-charlemagne.eu\/<\/a><\/p>\n<p>www.anamnesia.com<\/p>\n<p><strong>Consultez la Fiche Annuaire de ANAMNESIA : <\/strong><br \/>\n<a href=\"http:\/\/www.museumexperts.com\/annuaire\/prestataire\/3246\" target=\"_blank\">www.museumexperts.com\/annuaire\/prestataire\/3246<\/a><\/p>\n","protected":false},"excerpt":{"rendered":"Pour son premier projet d\u2019une telle envergure en Allemagne, Anamnesia a con\u00e7u et produit l\u2019ensemble des contenus audiovisuels et multim\u00e9dia du Centre Charlemagne (contenus 2D et 3D, films d\u2019animation en th\u00e9\u00e2tre d\u2019ombres, projection sur maquette, projections grand format, bornes d\u2019information tactiles). La soci\u00e9t\u00e9 a \u00e9galement \u00e9t\u00e9 charg\u00e9e de la conception et de la r\u00e9alisation du&#8230; <br><a class=\"readm\" href=\"https:\/\/www.sitem.fr\/en\/anamnesia-dispositifs-interactifs-centre-charlemagne\/\">Read more<\/a>","protected":false},"author":2,"featured_media":4713,"comment_status":"open","ping_status":"open","sticky":false,"template":"","format":"standard","meta":{"_acf_changed":false,"footnotes":""},"categories":[137,149],"tags":[293,294],"class_list":["post-4711","post","type-post","status-publish","format-standard","has-post-thumbnail","hentry","category-audiovisuel-multimedia","category-interactivite-2","tag-anamnesia","tag-centre-charlemagne"],"acf":[],"_links":{"self":[{"href":"https:\/\/www.sitem.fr\/en\/wp-json\/wp\/v2\/posts\/4711","targetHints":{"allow":["GET"]}}],"collection":[{"href":"https:\/\/www.sitem.fr\/en\/wp-json\/wp\/v2\/posts"}],"about":[{"href":"https:\/\/www.sitem.fr\/en\/wp-json\/wp\/v2\/types\/post"}],"author":[{"embeddable":true,"href":"https:\/\/www.sitem.fr\/en\/wp-json\/wp\/v2\/users\/2"}],"replies":[{"embeddable":true,"href":"https:\/\/www.sitem.fr\/en\/wp-json\/wp\/v2\/comments?post=4711"}],"version-history":[{"count":14,"href":"https:\/\/www.sitem.fr\/en\/wp-json\/wp\/v2\/posts\/4711\/revisions"}],"predecessor-version":[{"id":10782,"href":"https:\/\/www.sitem.fr\/en\/wp-json\/wp\/v2\/posts\/4711\/revisions\/10782"}],"wp:featuredmedia":[{"embeddable":true,"href":"https:\/\/www.sitem.fr\/en\/wp-json\/wp\/v2\/media\/4713"}],"wp:attachment":[{"href":"https:\/\/www.sitem.fr\/en\/wp-json\/wp\/v2\/media?parent=4711"}],"wp:term":[{"taxonomy":"category","embeddable":true,"href":"https:\/\/www.sitem.fr\/en\/wp-json\/wp\/v2\/categories?post=4711"},{"taxonomy":"post_tag","embeddable":true,"href":"https:\/\/www.sitem.fr\/en\/wp-json\/wp\/v2\/tags?post=4711"}],"curies":[{"name":"wp","href":"https:\/\/api.w.org\/{rel}","templated":true}]}}