{"id":47118,"date":"2024-05-13T10:15:13","date_gmt":"2024-05-13T08:15:13","guid":{"rendered":"https:\/\/www.sitem.fr\/?p=47118"},"modified":"2024-05-13T10:15:13","modified_gmt":"2024-05-13T08:15:13","slug":"le-patrimoine-dabbeville-sexpose-en-ligne","status":"publish","type":"post","link":"https:\/\/www.sitem.fr\/en\/le-patrimoine-dabbeville-sexpose-en-ligne\/","title":{"rendered":"Le Patrimoine d\u2019Abbeville s\u2019expose en ligne"},"content":{"rendered":"<p>La ville d\u2019Abbeville b\u00e9n\u00e9ficie d\u2019une histoire riche dont ont d\u00e9coul\u00e9 de nombreux monuments et documents patrimoniaux. Ceux-ci sont conserv\u00e9s pr\u00e9cieusement par les diverses institutions de la ville\u00a0: Archives municipales, Biblioth\u00e8que patrimoniale, Beffroi mus\u00e9e Boucher de Perthes-Manessier et le service Patrimoine, au sein du Pays d\u2019art et d\u2019histoire labellis\u00e9 en 2023.<\/p>\n<p>&nbsp;<\/p>\n<p>Tr\u00e8s t\u00f4t, la <strong><a href=\"https:\/\/www.abbeville.fr\/\">ville d\u2019Abbeville<\/a><\/strong> a pris conscience du caract\u00e8re imp\u00e9rieux de pr\u00e9server son riche patrimoine notamment documentaire. Sous l\u2019impulsion des contrats de plan \u00c9tat\/R\u00e9gion, la ville se lance d\u00e8s 2005 dans les premi\u00e8res campagnes de num\u00e9risation. Dans la continuit\u00e9 de cette politique de num\u00e9risation men\u00e9e avec Arkh\u00eanum, la ville souhaite d\u00e8s 2007 offrir \u00e0 la consultation en ligne ces documents num\u00e9riques d\u2019exception.<\/p>\n<p><strong>Un nouveau site pour rester \u00e0 l\u2019avant-garde<\/strong><\/p>\n<p>Au fait des derni\u00e8res avanc\u00e9es technologiques en mati\u00e8re de valorisation en ligne, le service des Archives entamait en 2021 une r\u00e9flexion sur les nouveaux usages num\u00e9riques et les nouvelles orientations \u00e0 prendre en la mati\u00e8re.<\/p>\n<p>Le travail sur le <strong><a href=\"https:\/\/patrimoine.abbeville.fr\/\" target=\"_blank\" rel=\"noopener\">nouveau projet de portail num\u00e9rique<\/a><\/strong> a commenc\u00e9 en 2023, pilot\u00e9 par Eric Berriahi et en collaboration avec <strong><a href=\"https:\/\/www.arkhenum.fr\/\" target=\"_blank\" rel=\"noopener\">Arkh\u00eanum<\/a><\/strong>.<\/p>\n<p>Riche de collections allant de documents iconographiques en passant par des manuscrits ou encore des imprim\u00e9s, le site dispose aussi de vid\u00e9os didactiques d\u00e9di\u00e9es aux histoires et personnes de la ville. Cette nouvelle plateforme unique d\u2019acc\u00e8s au patrimoine abbevillois, bas\u00e9e sur la solution Limb Gallery, \u00a0est d\u00e9sormais en ligne et a b\u00e9n\u00e9fici\u00e9 du soutien de la <a href=\"https:\/\/www.culture.gouv.fr\/Regions\/DRAC-Hauts-de-France\"><strong>DRAC des Hauts-de-France<\/strong><\/a>. Elle sera amen\u00e9 \u00e0 s\u2019enrichir r\u00e9guli\u00e8rement \u00a0avec l\u2019int\u00e9gration de collections de nouveaux \u00e9tablissements.<\/p>\n<p><strong><a href=\"https:\/\/www.arkhenum.fr\/realisations\/patrimoniales-abbeville-exposees-en-ligne\/\" target=\"_blank\" rel=\"noopener\">Cliquez ici pour en savoir plus sur le projet<\/a><\/strong><\/p>\n","protected":false},"excerpt":{"rendered":"La ville d\u2019Abbeville b\u00e9n\u00e9ficie d\u2019une histoire riche dont ont d\u00e9coul\u00e9 de nombreux monuments et documents patrimoniaux. Ceux-ci sont conserv\u00e9s pr\u00e9cieusement par les diverses institutions de la ville\u00a0: Archives municipales, Biblioth\u00e8que patrimoniale, Beffroi mus\u00e9e Boucher de Perthes-Manessier et le service Patrimoine, au sein du Pays d\u2019art et d\u2019histoire labellis\u00e9 en 2023. &nbsp; Tr\u00e8s t\u00f4t, la ville&#8230; <br><a class=\"readm\" href=\"https:\/\/www.sitem.fr\/en\/le-patrimoine-dabbeville-sexpose-en-ligne\/\">Read more<\/a>","protected":false},"author":4740,"featured_media":47116,"comment_status":"closed","ping_status":"closed","sticky":false,"template":"","format":"standard","meta":{"_acf_changed":false,"footnotes":""},"categories":[1111,1329,1672],"tags":[1361,1818,591,1113],"class_list":["post-47118","post","type-post","status-publish","format-standard","has-post-thumbnail","hentry","category-actualites-recentes","category-equipement-conservation-gestion-des-collections-et-du-patrimoine","category-numerique","tag-archives","tag-arkhenum","tag-numerisation","tag-prestataire"],"acf":[],"_links":{"self":[{"href":"https:\/\/www.sitem.fr\/en\/wp-json\/wp\/v2\/posts\/47118","targetHints":{"allow":["GET"]}}],"collection":[{"href":"https:\/\/www.sitem.fr\/en\/wp-json\/wp\/v2\/posts"}],"about":[{"href":"https:\/\/www.sitem.fr\/en\/wp-json\/wp\/v2\/types\/post"}],"author":[{"embeddable":true,"href":"https:\/\/www.sitem.fr\/en\/wp-json\/wp\/v2\/users\/4740"}],"replies":[{"embeddable":true,"href":"https:\/\/www.sitem.fr\/en\/wp-json\/wp\/v2\/comments?post=47118"}],"version-history":[{"count":3,"href":"https:\/\/www.sitem.fr\/en\/wp-json\/wp\/v2\/posts\/47118\/revisions"}],"predecessor-version":[{"id":47122,"href":"https:\/\/www.sitem.fr\/en\/wp-json\/wp\/v2\/posts\/47118\/revisions\/47122"}],"wp:featuredmedia":[{"embeddable":true,"href":"https:\/\/www.sitem.fr\/en\/wp-json\/wp\/v2\/media\/47116"}],"wp:attachment":[{"href":"https:\/\/www.sitem.fr\/en\/wp-json\/wp\/v2\/media?parent=47118"}],"wp:term":[{"taxonomy":"category","embeddable":true,"href":"https:\/\/www.sitem.fr\/en\/wp-json\/wp\/v2\/categories?post=47118"},{"taxonomy":"post_tag","embeddable":true,"href":"https:\/\/www.sitem.fr\/en\/wp-json\/wp\/v2\/tags?post=47118"}],"curies":[{"name":"wp","href":"https:\/\/api.w.org\/{rel}","templated":true}]}}