{"id":47279,"date":"2024-05-16T12:12:57","date_gmt":"2024-05-16T10:12:57","guid":{"rendered":"https:\/\/www.sitem.fr\/?p=47279"},"modified":"2024-05-16T12:12:57","modified_gmt":"2024-05-16T10:12:57","slug":"terminus-palais-royal-musee-du-louvre-lens-tous-les-co-createurs-descendent","status":"publish","type":"post","link":"https:\/\/www.sitem.fr\/en\/terminus-palais-royal-musee-du-louvre-lens-tous-les-co-createurs-descendent\/","title":{"rendered":"Terminus\u00a0: Palais Royal \u2013 Mus\u00e9e du Louvre-Lens, tous les co-cr\u00e9ateurs descendent"},"content":{"rendered":"<p>A l\u2019image du parcours de l\u2019exposition <em>Mondes souterrains<\/em> au Louvre-Lens (jusqu\u2019au 22 juillet 2024), le projet <em>Sors de ta grotte<\/em> s\u2019est achev\u00e9 dans les couloirs du m\u00e9tro \u00e0 Paris. Pendant une semaine jusqu\u2019au 22 avril, plusieurs des co-cr\u00e9ations des \u00e9l\u00e8ves du lyc\u00e9e Condorcet \u00e0 Lens avec Musair \u00e9taient \u00e0 \u00e9couter face aux \u0153uvres en 4&#215;3, dans une station aux couleurs de l\u2019exposition. Ce partenariat du mus\u00e9e avec la RATP a consacr\u00e9 6 mois d\u2019ateliers d\u2019\u00e9criture et port\u00e9 vers davantage d\u2019oreilles encore les petits bijoux sonores cisel\u00e9s par les lyc\u00e9ennes sous la direction artistique de Valentine Passemard.<\/p>\n<h2>Sors de ta grotte !<\/h2>\n<p>\u00ab\u00a0Sors de ta grotte\u00a0\u00bb, c\u2019\u00e9tait le nom de code du <a href=\"https:\/\/www.sitem.fr\/musair-au-lycee-un-projet-decriture-partagee-pour-le-louvre-lens\/\"><strong>projet d\u2019\u00e9criture en co-cr\u00e9ation<\/strong><\/a> du parcours sonore de l\u2019exposition Mondes souterrains. Le Louvre-Lens a confi\u00e9 \u00e0 Musair la conception du protocole et l\u2019animation des ateliers, men\u00e9s d\u2019octobre \u00e0 mars et embarquant 20 lyc\u00e9ennes depuis le choix des \u0153uvres \u00e0 commenter, jusqu\u2019\u00e0 l\u2019\u00e9criture, l&#8217;arrangement musical et l\u2019enregistrement des capsules sonores.<\/p>\n<h2>Oser l\u2019\u00e9motion<\/h2>\n<p>Cette exp\u00e9rimentation -une premi\u00e8re avec cette continuit\u00e9 et cette ampleur pour Musair comme pour le Louvre-Lens et le lyc\u00e9e Condorcet- a d\u00e9pass\u00e9 les esp\u00e9rances tant les \u00e9l\u00e8ves se sont \u00e9panouis dans l\u2019exercice et tant l\u2019\u00e9coute des cr\u00e9ations provoque d\u2019\u00e9motions aupr\u00e8s des publics. L\u2019enjeu \u00e9tait de faire \u00e9merger les perceptions et l\u2019expression pour que les adolescents partagent leur ressenti des \u0153uvres avec tous les publics, et pas seulement un public de leur \u00e2ge. Identifier les sensations, les rapprocher de souvenirs v\u00e9cus ou d\u2019analogies dans le monde contemporain, percevoir son \u00e9motion, oser la partager avec le groupe et l\u2019exprimer avec des mots pr\u00e9cis et justes : un travail de regard et d\u2019\u00e9criture selon le parti pris de Musair qui a abouti, pour chacun des groupes et chacune des \u0153uvres \u00e0 des cr\u00e9ations personnelles et sensibles qui ne laissent personne indiff\u00e9rent. L\u2019acuit\u00e9 du regard de ces jeunes sur des th\u00e8mes aussi vari\u00e9s que <strong><a href=\"https:\/\/louvre-lens.visite.zone\/guided-tour\/65ef04c0b997333ba46d81a6\/stage\/65f0879f09e89d5299e839a8\/\">le mariage<\/a><\/strong>, <a href=\"https:\/\/louvre-lens.visite.zone\/guided-tour\/65ef04c0b997333ba46d81a6\/stage\/65f08d9b06dbcb512421d9b5\/\"><strong>la maternit\u00e9<\/strong><\/a> ou <a href=\"https:\/\/louvre-lens.visite.zone\/guided-tour\/65ef04c0b997333ba46d81a6\/stage\/65f083a4f9ab5012c2d563df\/\"><strong>l\u2019emprisonnement<\/strong><\/a> et <a href=\"https:\/\/louvre-lens.visite.zone\/guided-tour\/65ef04c0b997333ba46d81a6\/stage\/65f083a4f9ab5012c2d563df\/\"><strong>la torture<\/strong><\/a> est saisissante.<\/p>\n<h2>Une p\u00e9dagogie document\u00e9e<\/h2>\n<p>Partant d\u2019un premier atelier d\u2019initiation jusqu\u2019\u00e0 l\u2019\u00e9criture personnelle et l\u2019enregistrement de leurs textes avec leur voix, le chemin parcouru par chacun des groupes de jeunes en une vingtaine d\u2019heures a \u00e9t\u00e9 consid\u00e9rable. Les professeurs qui ont lib\u00e9r\u00e9 les cours pour laisser place aux ateliers ont m\u00eame constat\u00e9 l\u2019\u00e9volution de l\u2019expression des \u00e9l\u00e8ves dans les autres mati\u00e8res. Mime, modelage, visite dans le noir (presque) complet des souterrains du lyc\u00e9e, Musair a multipli\u00e9 les exp\u00e9riences sensorielles pour d\u00e9velopper la cr\u00e9ativit\u00e9. L\u2019ensemble du processus pour les 3 groupes et les 18 ateliers a \u00e9t\u00e9 document\u00e9, afin d\u2019en conserver la m\u00e9moire.<\/p>\n<h2>Rencontres artistiques<\/h2>\n<p>A l\u2019invitation du mus\u00e9e, les \u00e9l\u00e8ves ont enfin partag\u00e9 le fruit de 6 mois d\u2019implication avec leurs parents et leur famille. Le vernissage de l\u2019exposition leur a \u00e9galement permis de rencontrer les 3 commissaires d\u2019exposition (Alexandre Estaquet-Legrand, Jean-Jacques Terrin, Gautier Verbeke) et d\u2019entendre leur r\u00e9action \u00e0 l\u2019\u00e9coute des r\u00e9alisations. Ce regard \u00e0 la fois professionnel et artistique sur leur travail et tout ce que les \u00e9l\u00e8ves y ont mis de sensibilit\u00e9 n\u2019a pas manqu\u00e9 de d\u00e9clencher une vague d\u2019\u00e9motion et de fiert\u00e9. Il est \u00e0 noter que les commissaires ont valid\u00e9 sans retouche toutes les maquettes des cr\u00e9ations propos\u00e9es et reconnu que pour plusieurs des \u0153uvres, le regard des adolescentes avait transform\u00e9 le leur ! Couronnement enfin du projet, pour les \u00e9l\u00e8ves de seconde qui avaient choisi l\u2019\u0153uvre de l\u2019artiste contemporain Rakajoo <a href=\"https:\/\/louvre-lens.visite.zone\/guided-tour\/65ef04c0b997333ba46d81a6\/stage\/65f08f2a4fbc5538c92d1962\/\"><em><strong>Sur les quais de Ch\u00e2telet<\/strong>,<\/em><\/a> c\u2019est du cr\u00e9ateur lui-m\u00eame qu\u2019elles ont entendu le retour plein d\u2019\u00e9motion\u2026 sur les quais de la station Palais Royal-Mus\u00e9e du Louvre o\u00f9 l\u2019\u0153uvre et la capsule \u00e9taient expos\u00e9es. Une mise en abyme qui vaut bien des cours de Fran\u00e7ais ou d\u2019Histoire de l\u2019art !<\/p>\n","protected":false},"excerpt":{"rendered":"A l\u2019image du parcours de l\u2019exposition Mondes souterrains au Louvre-Lens (jusqu\u2019au 22 juillet 2024), le projet Sors de ta grotte s\u2019est achev\u00e9 dans les couloirs du m\u00e9tro \u00e0 Paris. Pendant une semaine jusqu\u2019au 22 avril, plusieurs des co-cr\u00e9ations des \u00e9l\u00e8ves du lyc\u00e9e Condorcet \u00e0 Lens avec Musair \u00e9taient \u00e0 \u00e9couter face aux \u0153uvres en 4&#215;3,&#8230; <br><a class=\"readm\" href=\"https:\/\/www.sitem.fr\/en\/terminus-palais-royal-musee-du-louvre-lens-tous-les-co-createurs-descendent\/\">Read more<\/a>","protected":false},"author":4809,"featured_media":47275,"comment_status":"closed","ping_status":"closed","sticky":false,"template":"","format":"standard","meta":{"_acf_changed":false,"footnotes":""},"categories":[1328,1111,2678,154],"tags":[256,2029,2276,1113],"class_list":["post-47279","post","type-post","status-publish","format-standard","has-post-thumbnail","hentry","category-accessibilite-gestion-des-publics-aide-a-la-visite","category-actualites-recentes","category-mediation-culturelle","category-son-2","tag-mediation-culturelle","tag-musair","tag-podcast","tag-prestataire"],"acf":[],"_links":{"self":[{"href":"https:\/\/www.sitem.fr\/en\/wp-json\/wp\/v2\/posts\/47279","targetHints":{"allow":["GET"]}}],"collection":[{"href":"https:\/\/www.sitem.fr\/en\/wp-json\/wp\/v2\/posts"}],"about":[{"href":"https:\/\/www.sitem.fr\/en\/wp-json\/wp\/v2\/types\/post"}],"author":[{"embeddable":true,"href":"https:\/\/www.sitem.fr\/en\/wp-json\/wp\/v2\/users\/4809"}],"replies":[{"embeddable":true,"href":"https:\/\/www.sitem.fr\/en\/wp-json\/wp\/v2\/comments?post=47279"}],"version-history":[{"count":3,"href":"https:\/\/www.sitem.fr\/en\/wp-json\/wp\/v2\/posts\/47279\/revisions"}],"predecessor-version":[{"id":47356,"href":"https:\/\/www.sitem.fr\/en\/wp-json\/wp\/v2\/posts\/47279\/revisions\/47356"}],"wp:featuredmedia":[{"embeddable":true,"href":"https:\/\/www.sitem.fr\/en\/wp-json\/wp\/v2\/media\/47275"}],"wp:attachment":[{"href":"https:\/\/www.sitem.fr\/en\/wp-json\/wp\/v2\/media?parent=47279"}],"wp:term":[{"taxonomy":"category","embeddable":true,"href":"https:\/\/www.sitem.fr\/en\/wp-json\/wp\/v2\/categories?post=47279"},{"taxonomy":"post_tag","embeddable":true,"href":"https:\/\/www.sitem.fr\/en\/wp-json\/wp\/v2\/tags?post=47279"}],"curies":[{"name":"wp","href":"https:\/\/api.w.org\/{rel}","templated":true}]}}