{"id":47391,"date":"2025-01-21T11:59:15","date_gmt":"2025-01-21T10:59:15","guid":{"rendered":"https:\/\/www.sitem.fr\/?p=47391"},"modified":"2025-01-22T17:01:55","modified_gmt":"2025-01-22T16:01:55","slug":"mindful-art-formations-pour-concevoir-des-projets-care-durables-et-impactants","status":"publish","type":"post","link":"https:\/\/www.sitem.fr\/en\/mindful-art-formations-pour-concevoir-des-projets-care-durables-et-impactants\/","title":{"rendered":"Comment s\u2019outiller pour mener des Projets Care Durables et Impactants ?"},"content":{"rendered":"<p><strong>Mindful Art\u00ae<\/strong>, protocole innovant d\u00e9di\u00e9 au <strong>bien-\u00eatre par l\u2019art<\/strong>, accompagne les professionnels dans la conception de projets adapt\u00e9s et durables depuis 2018.<\/p>\n<p>Face \u00e0 l\u2019int\u00e9r\u00eat grandissant pour les projets <strong>Care<\/strong> dans les environnements culturels, nous avons \u00e0 c\u0153ur de partager notre expertise et de construire une communaut\u00e9 \u00e0 travers les <strong>Caring Museum Caf\u00e9<\/strong> mais aussi des <strong>formations<\/strong>. Voici nos conseils pour mener au mieux vos projets dans la dur\u00e9e.<\/p>\n<h3>Concevoir des projets Care ancr\u00e9s dans le sensible : Art, Sens et Science<\/h3>\n<p>Les projets <strong>Care<\/strong>, bien que divers, se distinguent par leur ancrage dans le <strong>ressenti corporel<\/strong> et le <strong>vivant<\/strong>, offrant ainsi une exp\u00e9rience personnelle et intime de l\u2019art.<\/p>\n<p>Les pratiques <strong>Care<\/strong> sont \u00e0 la fois simples et complexes, mais elles trouvent une r\u00e9sonance profonde en chacun.e, et leur importance est ressentie de mani\u00e8re tangible. Pour que vos projets soient les plus pertinents possibles, il est pr\u00e9f\u00e9rable de :<\/p>\n<ul>\n<li><strong>S\u2019appuyer sur la recherche scientifique<\/strong> afin de g\u00e9n\u00e9rer un impact positif sur la sant\u00e9.<\/li>\n<li><strong>Laisser les visiteurs red\u00e9couvrir les \u0153uvres<\/strong>, sans forc\u00e9ment passer par l\u2019histoire de l&#8217;art.<\/li>\n<\/ul>\n<p>Concevoir un projet <strong>Care<\/strong> invite \u00e0 repenser \u00a0:<\/p>\n<ul>\n<li><strong>Quelles comp\u00e9tences mobiliser ?<\/strong><\/li>\n<li><strong>Comment int\u00e9grer introspection et empathie ?<\/strong><\/li>\n<li><strong>Quelles questions \u00e9thiques consid\u00e9rer ?<\/strong><\/li>\n<li><strong>Quel cadre adopter ?<\/strong><\/li>\n<\/ul>\n<h3>Se former et co-construire<\/h3>\n<p>Investir dans des <strong>formations<\/strong> et des espaces d\u2019\u00e9change avec des pairs et des professionnels est essentiel pour approfondir ses connaissances et concevoir des projets pertinents. Ces moments de partage enrichissent les id\u00e9es, offrent du soutien et permettent d\u2019ajuster les initiatives afin de cr\u00e9er des projets attractifs pour des visiteurs en qu\u00eate d\u2019exp\u00e9riences de bien-\u00eatre.<\/p>\n<h3>Les Formations Mindful Art\u00ae : D\u00e9couvrir, Apprendre, Agir<\/h3>\n<p>Les <strong>formations Mindful Art\u00ae<\/strong> offrent un espace pour explorer des concepts scientifiques, renforcer vos comp\u00e9tences et partager vos apprentissages.<\/p>\n<p><strong>Info et Inscription \u00e0 la formation du 6 f\u00e9vrier sur l\u2019agenda<\/strong> :<strong><a href=\"https:\/\/mindful-art.eu\/\"> https:\/\/mindful-art.eu\/<\/a><\/strong><\/p>\n<p>&nbsp;<\/p>\n<p><a href=\"https:\/\/www.sitem.fr\/wp-content\/uploads\/2025\/01\/IMG_0096-PBALille-Formation-Musenor-03-06-2024-scaled.jpg\"><img loading=\"lazy\" decoding=\"async\" width=\"587\" height=\"440\" class=\"size-medium wp-image-50013 aligncenter\" src=\"https:\/\/www.sitem.fr\/wp-content\/uploads\/2025\/01\/IMG_0096-PBALille-Formation-Musenor-03-06-2024-587x440.jpg\" alt=\"\" srcset=\"https:\/\/www.sitem.fr\/wp-content\/uploads\/2025\/01\/IMG_0096-PBALille-Formation-Musenor-03-06-2024-587x440.jpg 587w, https:\/\/www.sitem.fr\/wp-content\/uploads\/2025\/01\/IMG_0096-PBALille-Formation-Musenor-03-06-2024-1067x800.jpg 1067w, https:\/\/www.sitem.fr\/wp-content\/uploads\/2025\/01\/IMG_0096-PBALille-Formation-Musenor-03-06-2024-768x576.jpg 768w, https:\/\/www.sitem.fr\/wp-content\/uploads\/2025\/01\/IMG_0096-PBALille-Formation-Musenor-03-06-2024-1536x1152.jpg 1536w, https:\/\/www.sitem.fr\/wp-content\/uploads\/2025\/01\/IMG_0096-PBALille-Formation-Musenor-03-06-2024-2048x1536.jpg 2048w, https:\/\/www.sitem.fr\/wp-content\/uploads\/2025\/01\/IMG_0096-PBALille-Formation-Musenor-03-06-2024-600x450.jpg 600w\" sizes=\"auto, (max-width: 587px) 100vw, 587px\" \/><\/a><\/p>\n<p><a href=\"https:\/\/www.sitem.fr\/wp-content\/uploads\/2025\/01\/Seminaire-Formation-Care-PBA-de-Lille-Marjan-Abadie-scaled.jpg\"><img loading=\"lazy\" decoding=\"async\" width=\"680\" height=\"360\" class=\"size-medium wp-image-50015 aligncenter\" src=\"https:\/\/www.sitem.fr\/wp-content\/uploads\/2025\/01\/Seminaire-Formation-Care-PBA-de-Lille-Marjan-Abadie-680x360.jpg\" alt=\"\" srcset=\"https:\/\/www.sitem.fr\/wp-content\/uploads\/2025\/01\/Seminaire-Formation-Care-PBA-de-Lille-Marjan-Abadie-680x360.jpg 680w, https:\/\/www.sitem.fr\/wp-content\/uploads\/2025\/01\/Seminaire-Formation-Care-PBA-de-Lille-Marjan-Abadie-1200x634.jpg 1200w, https:\/\/www.sitem.fr\/wp-content\/uploads\/2025\/01\/Seminaire-Formation-Care-PBA-de-Lille-Marjan-Abadie-768x406.jpg 768w, https:\/\/www.sitem.fr\/wp-content\/uploads\/2025\/01\/Seminaire-Formation-Care-PBA-de-Lille-Marjan-Abadie-1536x812.jpg 1536w, https:\/\/www.sitem.fr\/wp-content\/uploads\/2025\/01\/Seminaire-Formation-Care-PBA-de-Lille-Marjan-Abadie-2048x1083.jpg 2048w, https:\/\/www.sitem.fr\/wp-content\/uploads\/2025\/01\/Seminaire-Formation-Care-PBA-de-Lille-Marjan-Abadie-600x317.jpg 600w\" sizes=\"auto, (max-width: 680px) 100vw, 680px\" \/><\/a><\/p>\n","protected":false},"excerpt":{"rendered":"Mindful Art\u00ae, protocole innovant d\u00e9di\u00e9 au bien-\u00eatre par l\u2019art, accompagne les professionnels dans la conception de projets adapt\u00e9s et durables depuis 2018. Face \u00e0 l\u2019int\u00e9r\u00eat grandissant pour les projets Care dans les environnements culturels, nous avons \u00e0 c\u0153ur de partager notre expertise et de construire une communaut\u00e9 \u00e0 travers les Caring Museum Caf\u00e9 mais aussi&#8230; <br><a class=\"readm\" href=\"https:\/\/www.sitem.fr\/en\/mindful-art-formations-pour-concevoir-des-projets-care-durables-et-impactants\/\">Read more<\/a>","protected":false},"author":4848,"featured_media":49899,"comment_status":"closed","ping_status":"closed","sticky":false,"template":"","format":"standard","meta":{"_acf_changed":false,"footnotes":""},"categories":[1327],"tags":[2688,1113],"class_list":["post-47391","post","type-post","status-publish","format-standard","has-post-thumbnail","hentry","category-valorisation-et-etude-des-collections-museales-et-patrimoniales","tag-mindful-art","tag-prestataire"],"acf":[],"_links":{"self":[{"href":"https:\/\/www.sitem.fr\/en\/wp-json\/wp\/v2\/posts\/47391","targetHints":{"allow":["GET"]}}],"collection":[{"href":"https:\/\/www.sitem.fr\/en\/wp-json\/wp\/v2\/posts"}],"about":[{"href":"https:\/\/www.sitem.fr\/en\/wp-json\/wp\/v2\/types\/post"}],"author":[{"embeddable":true,"href":"https:\/\/www.sitem.fr\/en\/wp-json\/wp\/v2\/users\/4848"}],"replies":[{"embeddable":true,"href":"https:\/\/www.sitem.fr\/en\/wp-json\/wp\/v2\/comments?post=47391"}],"version-history":[{"count":8,"href":"https:\/\/www.sitem.fr\/en\/wp-json\/wp\/v2\/posts\/47391\/revisions"}],"predecessor-version":[{"id":50018,"href":"https:\/\/www.sitem.fr\/en\/wp-json\/wp\/v2\/posts\/47391\/revisions\/50018"}],"wp:featuredmedia":[{"embeddable":true,"href":"https:\/\/www.sitem.fr\/en\/wp-json\/wp\/v2\/media\/49899"}],"wp:attachment":[{"href":"https:\/\/www.sitem.fr\/en\/wp-json\/wp\/v2\/media?parent=47391"}],"wp:term":[{"taxonomy":"category","embeddable":true,"href":"https:\/\/www.sitem.fr\/en\/wp-json\/wp\/v2\/categories?post=47391"},{"taxonomy":"post_tag","embeddable":true,"href":"https:\/\/www.sitem.fr\/en\/wp-json\/wp\/v2\/tags?post=47391"}],"curies":[{"name":"wp","href":"https:\/\/api.w.org\/{rel}","templated":true}]}}