{"id":4927,"date":"2015-03-31T16:52:14","date_gmt":"2015-03-31T14:52:14","guid":{"rendered":"https:\/\/www.sitem.fr\/?p=4927"},"modified":"2015-04-01T12:49:03","modified_gmt":"2015-04-01T10:49:03","slug":"4-projets-mecenat-nouveau-design-web-plateforme-culture-time-3","status":"publish","type":"post","link":"https:\/\/www.sitem.fr\/en\/4-projets-mecenat-nouveau-design-web-plateforme-culture-time-3\/","title":{"rendered":"4 nouveaux projets de m\u00e9c\u00e9nat et un nouveau design web sur la plateforme Culture Time"},"content":{"rendered":"<p><strong>Culture Time lance sa nouvelle page projet !<\/strong><\/p>\n<p>Retrouvez-en d\u00e8s \u00e0 pr\u00e9sent le design moderne, \u00e9pur\u00e9 et dynamique pour <a href=\"https:\/\/www.culture-time.com\/projets\" target=\"_blank\">chaque projet en cours<\/a>.<\/p>\n<p><strong>Les projets \u00e0 soutenir sur la plateforme<\/strong><\/p>\n<p>\u00c0 l\u2019honneur ce mois-ci sur <a href=\"http:\/\/www.culture-time.com\" target=\"_blank\">culture-time.com<\/a>, le projet de la Grainerie, fabrique des arts du cirque et de l&#8217;itin\u00e9rance. L\u2019association souhaiterait mobiliser les publics autour de l\u2019acquisition d\u2019un studio de radio mobile pour les jeunes de <a href=\"https:\/\/www.culture-time.com\/projet\/radio-caravane\" target=\"_blank\">Radio Caravane<\/a>. Une table de mixage, des micros, des casques sont autant d\u2019outils n\u00e9cessaires pour leur permettre d\u2019apprendre les techniques radio et web m\u00e9dias, dans le cadre de la couverture des festivals l&#8217;EUROP\u00c9ENNE DE CIRQUES et G\u00c9N\u00c9RATION (S) GRAINERIE.<\/p>\n<div id=\"attachment_4877\" style=\"width: 610px\" class=\"wp-caption aligncenter\"><a href=\"https:\/\/www.sitem.fr\/wp-content\/uploads\/2015\/03\/projets-mars_culturetime.png\"><img loading=\"lazy\" decoding=\"async\" aria-describedby=\"caption-attachment-4877\" class=\"size-full wp-image-4877\" src=\"https:\/\/www.sitem.fr\/wp-content\/uploads\/2015\/03\/projets-mars_culturetime.png\" alt=\"4 projets culturels de financement participatif \u00a9 Culture Time\" width=\"600\" height=\"148\" srcset=\"https:\/\/www.sitem.fr\/wp-content\/uploads\/2015\/03\/projets-mars_culturetime.png 600w, https:\/\/www.sitem.fr\/wp-content\/uploads\/2015\/03\/projets-mars_culturetime-300x74.png 300w\" sizes=\"auto, (max-width: 600px) 100vw, 600px\" \/><\/a><p id=\"caption-attachment-4877\" class=\"wp-caption-text\">4 projets culturels de financement participatif \u00a9 Culture Time<\/p><\/div>\n<p>Le Mus\u00e9e de l&#8217;ancienne Abbaye de Land\u00e9vennec vous propose quant \u00e0 lui de plonger dans l\u2019<a href=\"https:\/\/www.culture-time.com\/projet\/archeologie-crepes\" target=\"_blank\">histoire arch\u00e9ologique des cr\u00eapes bretonnes<\/a> : le m\u00e9c\u00e9nat participatif va permettre de lancer de nouveaux protocoles de recherche sur des c\u00e9ramiques datant de plus de 500 ans !<\/p>\n<p>Le Festival <a href=\"https:\/\/www.culture-time.com\/projet\/reve-de-quatuor\/\" target=\"_blank\">Quatuor \u00e0 l&#8217;Ouest<\/a> souhaite offrir aux \u00e9l\u00e8ves du primaire de la presqu&#8217;\u00eele de Crozon Le R\u00eave d&#8217;Ariane par l&#8217;ensemble Alfama, ou le quatuor \u00e0 cordes racont\u00e9 aux enfants. Le soutien de tous est n\u00e9cessaire pour inviter les enfants, leur faire d\u00e9couvrir la magie du spectacle vivant et le c\u0153ur battant de la musique.<\/p>\n<p>Pour ses 30 ans, le <a href=\"https:\/\/www.culture-time.com\/organisation\/quatuor-ludwig\/\" target=\"_blank\">Quatuor Ludwig<\/a>, vous invite \u00e0 devenir vous aussi m\u00e9c\u00e8ne et \u00e0 partager l&#8217;excellence musicale fran\u00e7aise. Participez et entrez dans les coulisses de ce quatuor d&#8217;exception !<\/p>\n<p><strong>Pour en savoir plus<\/strong><\/p>\n<p><a href=\"http:\/\/www.culture-time.com\/?tag=SITEM\" target=\"_blank\">www.culture-time.com<\/a><br \/>\n<a href=\"https:\/\/www.sitem.fr\/innovations-techniques-culture-time\/\" target=\"_blank\">blog.culture-time.com<\/a><\/p>\n<p><strong>Consultez la Fiche Annuaire de CULTURE TIME : <\/strong><br \/>\n<a href=\"http:\/\/www.museumexperts.com\/annuaire\/prestataire\/5705\" target=\"_blank\">www.museumexperts.com\/annuaire\/prestataire\/5705<\/a><\/p>\n","protected":false},"excerpt":{"rendered":"Culture Time lance sa nouvelle page projet ! Retrouvez-en d\u00e8s \u00e0 pr\u00e9sent le design moderne, \u00e9pur\u00e9 et dynamique pour chaque projet en cours. Les projets \u00e0 soutenir sur la plateforme \u00c0 l\u2019honneur ce mois-ci sur culture-time.com, le projet de la Grainerie, fabrique des arts du cirque et de l&#8217;itin\u00e9rance. L\u2019association souhaiterait mobiliser les publics autour&#8230; <br><a class=\"readm\" href=\"https:\/\/www.sitem.fr\/en\/4-projets-mecenat-nouveau-design-web-plateforme-culture-time-3\/\">Read more<\/a>","protected":false},"author":2,"featured_media":4877,"comment_status":"open","ping_status":"open","sticky":false,"template":"","format":"standard","meta":{"_acf_changed":false,"footnotes":""},"categories":[1],"tags":[244,248,303],"class_list":["post-4927","post","type-post","status-publish","format-standard","has-post-thumbnail","hentry","category-non-classifiee","tag-culture-time","tag-financement-participatif","tag-mecenat"],"acf":[],"_links":{"self":[{"href":"https:\/\/www.sitem.fr\/en\/wp-json\/wp\/v2\/posts\/4927","targetHints":{"allow":["GET"]}}],"collection":[{"href":"https:\/\/www.sitem.fr\/en\/wp-json\/wp\/v2\/posts"}],"about":[{"href":"https:\/\/www.sitem.fr\/en\/wp-json\/wp\/v2\/types\/post"}],"author":[{"embeddable":true,"href":"https:\/\/www.sitem.fr\/en\/wp-json\/wp\/v2\/users\/2"}],"replies":[{"embeddable":true,"href":"https:\/\/www.sitem.fr\/en\/wp-json\/wp\/v2\/comments?post=4927"}],"version-history":[{"count":6,"href":"https:\/\/www.sitem.fr\/en\/wp-json\/wp\/v2\/posts\/4927\/revisions"}],"predecessor-version":[{"id":5005,"href":"https:\/\/www.sitem.fr\/en\/wp-json\/wp\/v2\/posts\/4927\/revisions\/5005"}],"wp:featuredmedia":[{"embeddable":true,"href":"https:\/\/www.sitem.fr\/en\/wp-json\/wp\/v2\/media\/4877"}],"wp:attachment":[{"href":"https:\/\/www.sitem.fr\/en\/wp-json\/wp\/v2\/media?parent=4927"}],"wp:term":[{"taxonomy":"category","embeddable":true,"href":"https:\/\/www.sitem.fr\/en\/wp-json\/wp\/v2\/categories?post=4927"},{"taxonomy":"post_tag","embeddable":true,"href":"https:\/\/www.sitem.fr\/en\/wp-json\/wp\/v2\/tags?post=4927"}],"curies":[{"name":"wp","href":"https:\/\/api.w.org\/{rel}","templated":true}]}}