{"id":49372,"date":"2024-11-12T15:41:03","date_gmt":"2024-11-12T14:41:03","guid":{"rendered":"https:\/\/www.sitem.fr\/?p=49372"},"modified":"2024-11-12T15:41:55","modified_gmt":"2024-11-12T14:41:55","slug":"perles-dhistoire-traiter-les-archives-de-notre-dame-de-paris-sauvee-des-flammes-et-constituer-une-memoire-orale-sur-lincendie-et-apres","status":"publish","type":"post","link":"https:\/\/www.sitem.fr\/en\/perles-dhistoire-traiter-les-archives-de-notre-dame-de-paris-sauvee-des-flammes-et-constituer-une-memoire-orale-sur-lincendie-et-apres\/","title":{"rendered":"Perles d\u2019Histoire\u00a0:\u00a0traiter les archives de Notre-Dame de Paris sauv\u00e9e des flammes et constituer une m\u00e9moire orale sur l\u2019incendie et apr\u00e8s."},"content":{"rendered":"<p class=\"Textedesaisie\">Il s\u2019agissait de conna\u00eetre, classer et reconditionner le fonds d\u2019archives administratives de la cath\u00e9drale Notre-Dame de Paris, \u00e9vacu\u00e9s de sous la nef o\u00f9 il \u00e9tait conserv\u00e9 avant l\u2019incendie. Des feuilles des diff\u00e9rentes messe aux bulletins de paie des salari\u00e9s de la cath\u00e9drale, le fonds couvre la p\u00e9riode de 1960 \u00e0 2019. Perles d\u2019Histoire a effectu\u00e9 le r\u00e9colement de l\u2019int\u00e9gralit\u00e9 du fonds d\u2019archives, envoy\u00e9 en d\u00e9contamination les cartons qui avaient \u00e9t\u00e9 inond\u00e9s, identifi\u00e9 et proc\u00e9d\u00e9 \u00e0 l\u2019\u00e9limination de pr\u00e8s de 29 m\u00e8tres lin\u00e9aires d\u2019archives. Un plan de classement a ensuite \u00e9t\u00e9 cr\u00e9\u00e9, selon lequel l\u2019inventaire au dossier et le reconditionnement ont \u00e9t\u00e9 r\u00e9alis\u00e9s.<\/p>\n<p>&nbsp;<\/p>\n<p class=\"Textedesaisie\"><img loading=\"lazy\" decoding=\"async\" width=\"680\" height=\"383\" class=\"alignnone size-medium wp-image-49366\" src=\"https:\/\/www.sitem.fr\/wp-content\/uploads\/2024\/11\/IMG_20231116_151538-680x383.jpg\" alt=\"\" srcset=\"https:\/\/www.sitem.fr\/wp-content\/uploads\/2024\/11\/IMG_20231116_151538-680x383.jpg 680w, https:\/\/www.sitem.fr\/wp-content\/uploads\/2024\/11\/IMG_20231116_151538-1200x675.jpg 1200w, https:\/\/www.sitem.fr\/wp-content\/uploads\/2024\/11\/IMG_20231116_151538-768x432.jpg 768w, https:\/\/www.sitem.fr\/wp-content\/uploads\/2024\/11\/IMG_20231116_151538-1536x864.jpg 1536w, https:\/\/www.sitem.fr\/wp-content\/uploads\/2024\/11\/IMG_20231116_151538-2048x1152.jpg 2048w, https:\/\/www.sitem.fr\/wp-content\/uploads\/2024\/11\/IMG_20231116_151538-600x338.jpg 600w\" sizes=\"auto, (max-width: 680px) 100vw, 680px\" \/> <img loading=\"lazy\" decoding=\"async\" width=\"248\" height=\"440\" class=\"alignnone size-medium wp-image-49368\" src=\"https:\/\/www.sitem.fr\/wp-content\/uploads\/2024\/11\/WhatsApp-Image-2024-03-08-at-16.00.03-2-248x440.jpeg\" alt=\"\" srcset=\"https:\/\/www.sitem.fr\/wp-content\/uploads\/2024\/11\/WhatsApp-Image-2024-03-08-at-16.00.03-2-248x440.jpeg 248w, https:\/\/www.sitem.fr\/wp-content\/uploads\/2024\/11\/WhatsApp-Image-2024-03-08-at-16.00.03-2-450x800.jpeg 450w, https:\/\/www.sitem.fr\/wp-content\/uploads\/2024\/11\/WhatsApp-Image-2024-03-08-at-16.00.03-2-768x1365.jpeg 768w, https:\/\/www.sitem.fr\/wp-content\/uploads\/2024\/11\/WhatsApp-Image-2024-03-08-at-16.00.03-2-864x1536.jpeg 864w, https:\/\/www.sitem.fr\/wp-content\/uploads\/2024\/11\/WhatsApp-Image-2024-03-08-at-16.00.03-2-600x1067.jpeg 600w, https:\/\/www.sitem.fr\/wp-content\/uploads\/2024\/11\/WhatsApp-Image-2024-03-08-at-16.00.03-2.jpeg 1152w\" sizes=\"auto, (max-width: 248px) 100vw, 248px\" \/><\/p>\n<p class=\"Textedesaisie\">En vue de la r\u00e9ouverture de la cath\u00e9drale d\u00e9but d\u00e9cembre, <strong><a href=\"https:\/\/www.perlesdhistoire.fr\/\">Perles d\u2019Histoire<\/a><\/strong> a initi\u00e9 une nouvelle collaboration avec la Fondation Notre Dame pour l\u2019\u00e9laboration d\u2019une campagne d\u2019archives orales audiovisuelles aupr\u00e8s de profils vari\u00e9s \u2013 pompier, donateur, salari\u00e9 et clerc du dioc\u00e8se, artiste\u2026 couvrant leur rapport \u00e0 Notre-Dame de Paris, depuis l\u2019incendie jusqu\u2019\u00e0 l\u2019avenir de la cath\u00e9drale. Des vid\u00e9os de diff\u00e9rents formats en seront issues pour nourrir la communication de la r\u00e9ouverture.<\/p>\n<p>&nbsp;<\/p>\n<p class=\"Textedesaisie\"><img loading=\"lazy\" decoding=\"async\" width=\"587\" height=\"440\" class=\"alignnone size-medium wp-image-49370\" src=\"https:\/\/www.sitem.fr\/wp-content\/uploads\/2024\/11\/IMG_20241030_172042-1-587x440.jpg\" alt=\"\" srcset=\"https:\/\/www.sitem.fr\/wp-content\/uploads\/2024\/11\/IMG_20241030_172042-1-587x440.jpg 587w, https:\/\/www.sitem.fr\/wp-content\/uploads\/2024\/11\/IMG_20241030_172042-1-1067x800.jpg 1067w, https:\/\/www.sitem.fr\/wp-content\/uploads\/2024\/11\/IMG_20241030_172042-1-768x576.jpg 768w, https:\/\/www.sitem.fr\/wp-content\/uploads\/2024\/11\/IMG_20241030_172042-1-1536x1152.jpg 1536w, https:\/\/www.sitem.fr\/wp-content\/uploads\/2024\/11\/IMG_20241030_172042-1-2048x1536.jpg 2048w, https:\/\/www.sitem.fr\/wp-content\/uploads\/2024\/11\/IMG_20241030_172042-1-600x450.jpg 600w\" sizes=\"auto, (max-width: 587px) 100vw, 587px\" \/><\/p>\n","protected":false},"excerpt":{"rendered":"Il s\u2019agissait de conna\u00eetre, classer et reconditionner le fonds d\u2019archives administratives de la cath\u00e9drale Notre-Dame de Paris, \u00e9vacu\u00e9s de sous la nef o\u00f9 il \u00e9tait conserv\u00e9 avant l\u2019incendie. Des feuilles des diff\u00e9rentes messe aux bulletins de paie des salari\u00e9s de la cath\u00e9drale, le fonds couvre la p\u00e9riode de 1960 \u00e0 2019. Perles d\u2019Histoire a effectu\u00e9&#8230; <br><a class=\"readm\" href=\"https:\/\/www.sitem.fr\/en\/perles-dhistoire-traiter-les-archives-de-notre-dame-de-paris-sauvee-des-flammes-et-constituer-une-memoire-orale-sur-lincendie-et-apres\/\">Read more<\/a>","protected":false},"author":4962,"featured_media":49366,"comment_status":"closed","ping_status":"closed","sticky":false,"template":"","format":"standard","meta":{"_acf_changed":false,"footnotes":""},"categories":[1111,106,1327],"tags":[1064,2517,1113],"class_list":["post-49372","post","type-post","status-publish","format-standard","has-post-thumbnail","hentry","category-actualites-recentes","category-ingenierie-culturelle","category-valorisation-et-etude-des-collections-museales-et-patrimoniales","tag-ingenierie-culturelle","tag-perles-dhistoire","tag-prestataire"],"acf":[],"_links":{"self":[{"href":"https:\/\/www.sitem.fr\/en\/wp-json\/wp\/v2\/posts\/49372","targetHints":{"allow":["GET"]}}],"collection":[{"href":"https:\/\/www.sitem.fr\/en\/wp-json\/wp\/v2\/posts"}],"about":[{"href":"https:\/\/www.sitem.fr\/en\/wp-json\/wp\/v2\/types\/post"}],"author":[{"embeddable":true,"href":"https:\/\/www.sitem.fr\/en\/wp-json\/wp\/v2\/users\/4962"}],"replies":[{"embeddable":true,"href":"https:\/\/www.sitem.fr\/en\/wp-json\/wp\/v2\/comments?post=49372"}],"version-history":[{"count":6,"href":"https:\/\/www.sitem.fr\/en\/wp-json\/wp\/v2\/posts\/49372\/revisions"}],"predecessor-version":[{"id":49410,"href":"https:\/\/www.sitem.fr\/en\/wp-json\/wp\/v2\/posts\/49372\/revisions\/49410"}],"wp:featuredmedia":[{"embeddable":true,"href":"https:\/\/www.sitem.fr\/en\/wp-json\/wp\/v2\/media\/49366"}],"wp:attachment":[{"href":"https:\/\/www.sitem.fr\/en\/wp-json\/wp\/v2\/media?parent=49372"}],"wp:term":[{"taxonomy":"category","embeddable":true,"href":"https:\/\/www.sitem.fr\/en\/wp-json\/wp\/v2\/categories?post=49372"},{"taxonomy":"post_tag","embeddable":true,"href":"https:\/\/www.sitem.fr\/en\/wp-json\/wp\/v2\/tags?post=49372"}],"curies":[{"name":"wp","href":"https:\/\/api.w.org\/{rel}","templated":true}]}}