{"id":498,"date":"2013-02-28T10:00:48","date_gmt":"2013-02-28T09:00:48","guid":{"rendered":"https:\/\/www.sitem.fr\/?p=498"},"modified":"2018-10-08T17:20:42","modified_gmt":"2018-10-08T15:20:42","slug":"goppion-equipe-le-rijksmuseum","status":"publish","type":"post","link":"https:\/\/www.sitem.fr\/en\/goppion-equipe-le-rijksmuseum\/","title":{"rendered":"Goppion S.p.A \u00e9quipe le Rijksmuseum d&#8217;Amsterdam."},"content":{"rendered":"<p><a href=\"https:\/\/www.sitem.fr\/wp-content\/uploads\/2013\/07\/Goppion_logo.png\"><img loading=\"lazy\" decoding=\"async\" class=\"size-full wp-image-499 alignleft\" alt=\"Goppion_logo\" src=\"https:\/\/www.sitem.fr\/wp-content\/uploads\/2013\/07\/Goppion_logo.png\" width=\"150\" height=\"150\" srcset=\"https:\/\/www.sitem.fr\/wp-content\/uploads\/2013\/07\/Goppion_logo.png 150w, https:\/\/www.sitem.fr\/wp-content\/uploads\/2013\/07\/Goppion_logo-100x100.png 100w\" sizes=\"auto, (max-width: 150px) 100vw, 150px\" \/><\/a>Apr\u00e8s dix ann\u00e9es de travaux de transformation, le Rijksmuseum, temple de l&#8217;art flamand, ouvrira ses portes au public le 13 Avril 2013.<br \/>\nLe projet mus\u00e9ographique, sign\u00e9 Jean-Michel Wilmotte, allie la grandeur du b\u00e2timent du XIXe si\u00e8cle &#8211; magnifiquement restaur\u00e9 par les architectes espagnols Cruz et Ortiz \u2013 au design le plus moderne.<br \/>\nAu service de la po\u00e9tique de Wilmotte, la soci\u00e9t\u00e9 Goppion a con\u00e7u et r\u00e9alis\u00e9 les vitrines, infiniment l\u00e9g\u00e8res au verre presque invisible, pour exposer et conserver les collections du mus\u00e9e.<\/p>\n<p><a href=\"http:\/\/www.goppion.com\" target=\"_blank\">www.goppion.com<\/a><br \/>\nwww.rijksmuseum.nl<\/p>\n<p><strong>Consultez la Fiche Annuaire de GOPPION S.p.A : <\/strong><br \/>\nwww.museumexperts.com\/annuaire\/prestataire\/1191<\/p>\n","protected":false},"excerpt":{"rendered":"Apr\u00e8s dix ann\u00e9es de travaux de transformation, le Rijksmuseum, temple de l&#8217;art flamand, ouvrira ses portes au public le 13 Avril 2013. Le projet mus\u00e9ographique, sign\u00e9 Jean-Michel Wilmotte, allie la grandeur du b\u00e2timent du XIXe si\u00e8cle &#8211; magnifiquement restaur\u00e9 par les architectes espagnols Cruz et Ortiz \u2013 au design le plus moderne. Au service de&#8230; <br><a class=\"readm\" href=\"https:\/\/www.sitem.fr\/en\/goppion-equipe-le-rijksmuseum\/\">Read more<\/a>","protected":false},"author":2,"featured_media":0,"comment_status":"open","ping_status":"open","sticky":false,"template":"","format":"standard","meta":{"_acf_changed":false,"footnotes":""},"categories":[156],"tags":[94,56,110],"class_list":["post-498","post","type-post","status-publish","format-standard","hentry","category-vitrines","tag-goppion","tag-museographie","tag-rijksmuseum"],"acf":[],"_links":{"self":[{"href":"https:\/\/www.sitem.fr\/en\/wp-json\/wp\/v2\/posts\/498","targetHints":{"allow":["GET"]}}],"collection":[{"href":"https:\/\/www.sitem.fr\/en\/wp-json\/wp\/v2\/posts"}],"about":[{"href":"https:\/\/www.sitem.fr\/en\/wp-json\/wp\/v2\/types\/post"}],"author":[{"embeddable":true,"href":"https:\/\/www.sitem.fr\/en\/wp-json\/wp\/v2\/users\/2"}],"replies":[{"embeddable":true,"href":"https:\/\/www.sitem.fr\/en\/wp-json\/wp\/v2\/comments?post=498"}],"version-history":[{"count":8,"href":"https:\/\/www.sitem.fr\/en\/wp-json\/wp\/v2\/posts\/498\/revisions"}],"predecessor-version":[{"id":10684,"href":"https:\/\/www.sitem.fr\/en\/wp-json\/wp\/v2\/posts\/498\/revisions\/10684"}],"wp:attachment":[{"href":"https:\/\/www.sitem.fr\/en\/wp-json\/wp\/v2\/media?parent=498"}],"wp:term":[{"taxonomy":"category","embeddable":true,"href":"https:\/\/www.sitem.fr\/en\/wp-json\/wp\/v2\/categories?post=498"},{"taxonomy":"post_tag","embeddable":true,"href":"https:\/\/www.sitem.fr\/en\/wp-json\/wp\/v2\/tags?post=498"}],"curies":[{"name":"wp","href":"https:\/\/api.w.org\/{rel}","templated":true}]}}