{"id":501,"date":"2013-02-28T10:10:24","date_gmt":"2013-02-28T09:10:24","guid":{"rendered":"https:\/\/www.sitem.fr\/?p=501"},"modified":"2018-10-08T17:20:42","modified_gmt":"2018-10-08T15:20:42","slug":"promuseum-au-simesitem-2013","status":"publish","type":"post","link":"https:\/\/www.sitem.fr\/en\/promuseum-au-simesitem-2013\/","title":{"rendered":"Promuseum au SimeSitem 2013."},"content":{"rendered":"<p><a href=\"https:\/\/www.sitem.fr\/wp-content\/uploads\/2013\/07\/Promuseum_SimeSitem_Fevrier2013.jpg\"><img loading=\"lazy\" decoding=\"async\" class=\"alignright size-full wp-image-502\" alt=\"Promuseum_SimeSitem_Fevrier2013\" src=\"https:\/\/www.sitem.fr\/wp-content\/uploads\/2013\/07\/Promuseum_SimeSitem_Fevrier2013.jpg\" width=\"260\" height=\"195\" srcset=\"https:\/\/www.sitem.fr\/wp-content\/uploads\/2013\/07\/Promuseum_SimeSitem_Fevrier2013.jpg 260w, https:\/\/www.sitem.fr\/wp-content\/uploads\/2013\/07\/Promuseum_SimeSitem_Fevrier2013-80x60.jpg 80w\" sizes=\"auto, (max-width: 260px) 100vw, 260px\" \/><\/a>Toute l&#8217;\u00e9quipe de Promuseum s&#8217;est mobilis\u00e9e lors du SimeSitem au Carrousel du Louvre les 29-31 janvier 2013 pour pr\u00e9senter sur son stand son nouveau catalogue et les nouveaut\u00e9s 2013.<\/p>\n<p>Pr\u00e9sent\u00e9e en exclusivit\u00e9, la cimaise <a href=\"http:\/\/www.promuseum.fr\/fiche\/E225-cimaise-exposium.html\" target=\"_blank\"><em>Exposium<\/em><\/a> a rencontr\u00e9 un vif succ\u00e8s. Elle a \u00e9t\u00e9 sp\u00e9cialement con\u00e7ue pour agencer en toute libert\u00e9 les espaces d\u2019exposition.<\/p>\n<p>&nbsp;<\/p>\n<p>&nbsp;<\/p>\n<p>Autoportante, elle est particuli\u00e8rement stable, utilisable recto-verso, pour un prix tr\u00e8s attractif.<br \/>\nLe salon fut \u00e9galement l&#8217;occasion d&#8217;apporter des r\u00e9ponses aux questions techniques, de conseiller et d&#8217;\u00e9changer sur diff\u00e9rents projets.<\/p>\n<p><a href=\"http:\/\/www.promuseum.fr\/\" target=\"_blank\">www.promuseum.fr<\/a><br \/>\n<a href=\"http:\/\/www.promuseum.fr\/actualites.php\" target=\"_blank\">www.promuseum.fr\/actualites.php<\/a><\/p>\n<p><strong>Consultez la Fiche Annuaire de PROMUSEUM<\/strong><br \/>\nwww.museumexperts.com\/annuaire\/prestataire\/2018<\/p>\n","protected":false},"excerpt":{"rendered":"Toute l&#8217;\u00e9quipe de Promuseum s&#8217;est mobilis\u00e9e lors du SimeSitem au Carrousel du Louvre les 29-31 janvier 2013 pour pr\u00e9senter sur son stand son nouveau catalogue et les nouveaut\u00e9s 2013. Pr\u00e9sent\u00e9e en exclusivit\u00e9, la cimaise Exposium a rencontr\u00e9 un vif succ\u00e8s. Elle a \u00e9t\u00e9 sp\u00e9cialement con\u00e7ue pour agencer en toute libert\u00e9 les espaces d\u2019exposition. &nbsp; &nbsp;&#8230; <br><a class=\"readm\" href=\"https:\/\/www.sitem.fr\/en\/promuseum-au-simesitem-2013\/\">Read more<\/a>","protected":false},"author":2,"featured_media":0,"comment_status":"open","ping_status":"open","sticky":false,"template":"","format":"standard","meta":{"_acf_changed":false,"footnotes":""},"categories":[139],"tags":[64,96,61],"class_list":["post-501","post","type-post","status-publish","format-standard","hentry","category-cloisons","tag-cimaise","tag-exposium","tag-promuseum"],"acf":[],"_links":{"self":[{"href":"https:\/\/www.sitem.fr\/en\/wp-json\/wp\/v2\/posts\/501","targetHints":{"allow":["GET"]}}],"collection":[{"href":"https:\/\/www.sitem.fr\/en\/wp-json\/wp\/v2\/posts"}],"about":[{"href":"https:\/\/www.sitem.fr\/en\/wp-json\/wp\/v2\/types\/post"}],"author":[{"embeddable":true,"href":"https:\/\/www.sitem.fr\/en\/wp-json\/wp\/v2\/users\/2"}],"replies":[{"embeddable":true,"href":"https:\/\/www.sitem.fr\/en\/wp-json\/wp\/v2\/comments?post=501"}],"version-history":[{"count":10,"href":"https:\/\/www.sitem.fr\/en\/wp-json\/wp\/v2\/posts\/501\/revisions"}],"predecessor-version":[{"id":10685,"href":"https:\/\/www.sitem.fr\/en\/wp-json\/wp\/v2\/posts\/501\/revisions\/10685"}],"wp:attachment":[{"href":"https:\/\/www.sitem.fr\/en\/wp-json\/wp\/v2\/media?parent=501"}],"wp:term":[{"taxonomy":"category","embeddable":true,"href":"https:\/\/www.sitem.fr\/en\/wp-json\/wp\/v2\/categories?post=501"},{"taxonomy":"post_tag","embeddable":true,"href":"https:\/\/www.sitem.fr\/en\/wp-json\/wp\/v2\/tags?post=501"}],"curies":[{"name":"wp","href":"https:\/\/api.w.org\/{rel}","templated":true}]}}