{"id":5083,"date":"2015-04-29T15:09:02","date_gmt":"2015-04-29T13:09:02","guid":{"rendered":"https:\/\/www.sitem.fr\/?p=5083"},"modified":"2018-10-08T17:22:12","modified_gmt":"2018-10-08T15:22:12","slug":"waves-system-equipe-exposition-sonore-voix-cheminotes-archives-nationales","status":"publish","type":"post","link":"https:\/\/www.sitem.fr\/en\/waves-system-equipe-exposition-sonore-voix-cheminotes-archives-nationales\/","title":{"rendered":"Waves System \u00e9quipe l&#8217;exposition sonore \u00ab Voix cheminotes \u00bb aux Archives Nationales"},"content":{"rendered":"<p>L&#8217;exposition \u00ab\u00a0Voix cheminotes, une histoire orale des ann\u00e9es 1930 \u00e0 1950\u00a0\u00bb se tient jusqu&#8217;au 20 juin prochain dans la salle d\u2019exposition des Archives Nationales de Pierrefitte-sur-Seine. Laissant place \u00e0 de nombreux t\u00e9moignages et archives sonores, la sc\u00e9nographie fait la part belle \u00e0 la technologie distribu\u00e9e par <strong>Waves System<\/strong>.<\/p>\n<p>En 2011, la SNCF a lanc\u00e9 un appel \u00e0 t\u00e9moin aupr\u00e8s des cheminots ayant v\u00e9cu et travaill\u00e9 pendant la deuxi\u00e8me guerre mondiale et a confi\u00e9 \u00e0 <em>Rails et histoire Association<\/em> le soin de les collecter. Au total, plus de 400 heures d\u2019entretiens ont \u00e9t\u00e9 enregistr\u00e9es dans toute la France par l&#8217;association qui entend valoriser ce patrimoine dans cette exposition aux Archives Nationales.<\/p>\n<p>Deux collectifs ont travaill\u00e9 main dans la main pour satisfaire la sc\u00e9nographie de l&#8217;exposition imagin\u00e9e autour de l&#8217;univers ferroviaire. Le collectif Au Fond \u00e0 gauche a cr\u00e9\u00e9 les images, le graphisme et la mise en lumi\u00e8re, alors que le collectif Phonotopie, compos\u00e9 du bin\u00f4me d&#8217;artistes plasticiens St\u00e9phanie Collonvill\u00e9 et St\u00e9phane Lehodey, s&#8217;est attach\u00e9 \u00e0 la conception, le montage et la cr\u00e9ation sonore.<\/p>\n<div id=\"attachment_5085\" style=\"width: 610px\" class=\"wp-caption aligncenter\"><a href=\"https:\/\/www.sitem.fr\/wp-content\/uploads\/2015\/04\/voix-cheminots_waves-system.jpg\"><img loading=\"lazy\" decoding=\"async\" aria-describedby=\"caption-attachment-5085\" class=\"size-full wp-image-5085\" src=\"https:\/\/www.sitem.fr\/wp-content\/uploads\/2015\/04\/voix-cheminots_waves-system.jpg\" alt=\"Exposition &quot;Voix cheminotes&quot; aux Archives Nationales \u00a9 Waves System\" width=\"600\" height=\"338\" srcset=\"https:\/\/www.sitem.fr\/wp-content\/uploads\/2015\/04\/voix-cheminots_waves-system.jpg 600w, https:\/\/www.sitem.fr\/wp-content\/uploads\/2015\/04\/voix-cheminots_waves-system-300x169.jpg 300w\" sizes=\"auto, (max-width: 600px) 100vw, 600px\" \/><\/a><p id=\"caption-attachment-5085\" class=\"wp-caption-text\">Exposition &#8220;Voix cheminotes&#8221; aux Archives Nationales \u00a9 Waves System<\/p><\/div>\n<p>La r\u00e9flexion sur l&#8217;am\u00e9nagement des espaces sonores et sur les conditions de perception des contenus a conduit ce bin\u00f4me \u00e0 d\u00e9velopper des dispositifs de diffusion singuliers qui empruntent la <strong>technologie ID-AL OEM<\/strong> ou catalogue. Des cartes lecteurs-amplificateurs multi casques <strong>NanoPlayer Headphone ID-AL<\/strong> servent \u00e0 une \u00e9coute individualis\u00e9e voulue \u00e0 la fois par les commanditaires et sc\u00e9nographes afin de cr\u00e9er de la proximit\u00e9 entre les visiteurs et les t\u00e9moignages. L&#8217;exposition comporte aussi des points d&#8217;\u00e9coute collectifs pour l&#8217;illustration des \u00e9v\u00e9nements sociaux ou politiques (discours de Laval, L\u00e9on Blum ou de <em>Guillaume Pepy<\/em>). Ces contenus h\u00e9berg\u00e9s sur les cartes de lecteurs WAV\/MP3 interactifs MicroPlayers MKII sont anim\u00e9s tant\u00f4t via des boutons poussoir, tant\u00f4t via une d\u00e9tection par infrarouge.<\/p>\n<p>La sc\u00e9nographie de l&#8217;exposition &#8220;Voix Cheminotes&#8221; recense ainsi une vingtaine de carte NanoPlayer Headphone et sept lecteurs interactifs <strong>MicroPlayer MKII ID-AL<\/strong>. Vous pouvez visiter le site <a href=\"http:\/\/www.memoire-orale.org\/\" target=\"_blank\">www.memoire-orale.org\/<\/a> sur lequel vous pouvez \u00e9couter une partie des t\u00e9moignages recueillis.<\/p>\n<p>www.id-al.com<\/p>\n<p><a href=\"http:\/\/www.archives-nationales.culture.gouv.fr\/web\/guest\/voix-cheminotes\" target=\"_blank\">www.archives-nationales.culture.gouv.fr<\/a><\/p>\n<p><strong>Consultez la Fiche Annuaire de WAVES SYSTEM : <\/strong><br \/>\n<a href=\"http:\/\/www.museumexperts.com\/annuaire\/prestataire\/3309\" target=\"_blank\">www.museumexperts.com\/annuaire\/prestataire\/3309<\/a><\/p>\n","protected":false},"excerpt":{"rendered":"L&#8217;exposition \u00ab\u00a0Voix cheminotes, une histoire orale des ann\u00e9es 1930 \u00e0 1950\u00a0\u00bb se tient jusqu&#8217;au 20 juin prochain dans la salle d\u2019exposition des Archives Nationales de Pierrefitte-sur-Seine. Laissant place \u00e0 de nombreux t\u00e9moignages et archives sonores, la sc\u00e9nographie fait la part belle \u00e0 la technologie distribu\u00e9e par Waves System. En 2011, la SNCF a lanc\u00e9 un&#8230; <br><a class=\"readm\" href=\"https:\/\/www.sitem.fr\/en\/waves-system-equipe-exposition-sonore-voix-cheminotes-archives-nationales\/\">Read more<\/a>","protected":false},"author":2,"featured_media":5085,"comment_status":"open","ping_status":"open","sticky":false,"template":"","format":"standard","meta":{"_acf_changed":false,"footnotes":""},"categories":[149,1,154],"tags":[166,81],"class_list":["post-5083","post","type-post","status-publish","format-standard","has-post-thumbnail","hentry","category-interactivite-2","category-non-classifiee","category-son-2","tag-archives-nationales","tag-waves-system"],"acf":[],"_links":{"self":[{"href":"https:\/\/www.sitem.fr\/en\/wp-json\/wp\/v2\/posts\/5083","targetHints":{"allow":["GET"]}}],"collection":[{"href":"https:\/\/www.sitem.fr\/en\/wp-json\/wp\/v2\/posts"}],"about":[{"href":"https:\/\/www.sitem.fr\/en\/wp-json\/wp\/v2\/types\/post"}],"author":[{"embeddable":true,"href":"https:\/\/www.sitem.fr\/en\/wp-json\/wp\/v2\/users\/2"}],"replies":[{"embeddable":true,"href":"https:\/\/www.sitem.fr\/en\/wp-json\/wp\/v2\/comments?post=5083"}],"version-history":[{"count":5,"href":"https:\/\/www.sitem.fr\/en\/wp-json\/wp\/v2\/posts\/5083\/revisions"}],"predecessor-version":[{"id":10761,"href":"https:\/\/www.sitem.fr\/en\/wp-json\/wp\/v2\/posts\/5083\/revisions\/10761"}],"wp:featuredmedia":[{"embeddable":true,"href":"https:\/\/www.sitem.fr\/en\/wp-json\/wp\/v2\/media\/5085"}],"wp:attachment":[{"href":"https:\/\/www.sitem.fr\/en\/wp-json\/wp\/v2\/media?parent=5083"}],"wp:term":[{"taxonomy":"category","embeddable":true,"href":"https:\/\/www.sitem.fr\/en\/wp-json\/wp\/v2\/categories?post=5083"},{"taxonomy":"post_tag","embeddable":true,"href":"https:\/\/www.sitem.fr\/en\/wp-json\/wp\/v2\/tags?post=5083"}],"curies":[{"name":"wp","href":"https:\/\/api.w.org\/{rel}","templated":true}]}}