{"id":5092,"date":"2015-04-29T15:09:57","date_gmt":"2015-04-29T13:09:57","guid":{"rendered":"https:\/\/www.sitem.fr\/?p=5092"},"modified":"2015-04-30T14:24:15","modified_gmt":"2015-04-30T12:24:15","slug":"clap35-realise-film-introduction-exposition-francois-ier-bnf","status":"publish","type":"post","link":"https:\/\/www.sitem.fr\/en\/clap35-realise-film-introduction-exposition-francois-ier-bnf\/","title":{"rendered":"Clap35 r\u00e9alise le film d\u2019introduction de l\u2019exposition Fran\u00e7ois Ier \u00e0 la BnF"},"content":{"rendered":"<p><strong>Clap35<\/strong> r\u00e9alise le film d\u2019introduction pour l\u2019exposition de la Biblioth\u00e8que Nationale de France \u00ab\u00a0Fran\u00e7ois Ier, pouvoir et image \u00bb pr\u00e9sent\u00e9e sur le site Fran\u00e7ois Mitterrand du 24 mars au 21 juin 2015.<\/p>\n<div id=\"attachment_5094\" style=\"width: 610px\" class=\"wp-caption aligncenter\"><a href=\"https:\/\/www.sitem.fr\/wp-content\/uploads\/2015\/04\/affiche-expo-bnf_clap35.png\"><img loading=\"lazy\" decoding=\"async\" aria-describedby=\"caption-attachment-5094\" class=\"size-full wp-image-5094\" src=\"https:\/\/www.sitem.fr\/wp-content\/uploads\/2015\/04\/affiche-expo-bnf_clap35.png\" alt=\"Affiche de l'exposition Fran\u00e7ois Ier \u00e0 la BnF \u00a9 Clap35\" width=\"600\" height=\"205\" srcset=\"https:\/\/www.sitem.fr\/wp-content\/uploads\/2015\/04\/affiche-expo-bnf_clap35.png 600w, https:\/\/www.sitem.fr\/wp-content\/uploads\/2015\/04\/affiche-expo-bnf_clap35-300x103.png 300w\" sizes=\"auto, (max-width: 600px) 100vw, 600px\" \/><\/a><p id=\"caption-attachment-5094\" class=\"wp-caption-text\">Affiche de l&#8217;exposition Fran\u00e7ois Ier \u00e0 la BnF \u00a9 Clap35<\/p><\/div>\n<p>Cette exposition propose une mise en perspective de la l\u00e9gende de Fran\u00e7ois Ier\u00a0: roi guerrier, roi tr\u00e8s chr\u00e9tien, po\u00e8te, prince m\u00e9c\u00e8ne favorisant les arts et les lettres. Elle revient sur le r\u00e8gne du roi mythique de la Renaissance et sur son image rayonnante.<\/p>\n<div id=\"attachment_5095\" style=\"width: 610px\" class=\"wp-caption aligncenter\"><a href=\"https:\/\/www.sitem.fr\/wp-content\/uploads\/2015\/04\/tableau-francoisIer_clap35.png\"><img loading=\"lazy\" decoding=\"async\" aria-describedby=\"caption-attachment-5095\" class=\"size-full wp-image-5095\" src=\"https:\/\/www.sitem.fr\/wp-content\/uploads\/2015\/04\/tableau-francoisIer_clap35.png\" alt=\"Tableau repr\u00e9sentant Fran\u00e7ois Ier \u00a9 Clap35\" width=\"600\" height=\"452\" srcset=\"https:\/\/www.sitem.fr\/wp-content\/uploads\/2015\/04\/tableau-francoisIer_clap35.png 600w, https:\/\/www.sitem.fr\/wp-content\/uploads\/2015\/04\/tableau-francoisIer_clap35-300x226.png 300w, https:\/\/www.sitem.fr\/wp-content\/uploads\/2015\/04\/tableau-francoisIer_clap35-80x60.png 80w\" sizes=\"auto, (max-width: 600px) 100vw, 600px\" \/><\/a><p id=\"caption-attachment-5095\" class=\"wp-caption-text\">Tableau repr\u00e9sentant Fran\u00e7ois Ier \u00a9 Clap35<\/p><\/div>\n<p>Le film d\u2019introduction r\u00e9alis\u00e9 par <strong>Clap35<\/strong> met en valeur l\u2019image tr\u00e8s st\u00e9r\u00e9otyp\u00e9e et fabriqu\u00e9e d\u2019un roi dont on conna\u00eet finalement tr\u00e8s peu de portraits contemporains. Ce film r\u00e9v\u00e8le les sources d\u2019inspiration des repr\u00e9sentations de Fran\u00e7ois Ier au cours des si\u00e8cles. Tableaux, illustrations des manuels scolaires ont pris pour r\u00e9f\u00e9rence l\u2019image du Roi fa\u00e7onn\u00e9e \u00e0 partir des chefs d\u2019\u0153uvre de Clouet et Titien. Le film est r\u00e9alis\u00e9 gr\u00e2ce \u00e0 une animation subtile des tableaux mettant en valeur le sujet, sans brouiller la lecture de l\u2019\u0153uvre.<\/p>\n<div id=\"attachment_5096\" style=\"width: 610px\" class=\"wp-caption aligncenter\"><a href=\"https:\/\/www.sitem.fr\/wp-content\/uploads\/2015\/04\/tableau-expo-bnf_clap35.png\"><img loading=\"lazy\" decoding=\"async\" aria-describedby=\"caption-attachment-5096\" class=\"size-full wp-image-5096\" src=\"https:\/\/www.sitem.fr\/wp-content\/uploads\/2015\/04\/tableau-expo-bnf_clap35.png\" alt=\"Tableau de Fran\u00e7ois Ier, image d'un h\u00e9ros \u00a9 Clap35\" width=\"600\" height=\"452\" srcset=\"https:\/\/www.sitem.fr\/wp-content\/uploads\/2015\/04\/tableau-expo-bnf_clap35.png 600w, https:\/\/www.sitem.fr\/wp-content\/uploads\/2015\/04\/tableau-expo-bnf_clap35-584x440.png 584w, https:\/\/www.sitem.fr\/wp-content\/uploads\/2015\/04\/tableau-expo-bnf_clap35-300x226.png 300w, https:\/\/www.sitem.fr\/wp-content\/uploads\/2015\/04\/tableau-expo-bnf_clap35-80x60.png 80w\" sizes=\"auto, (max-width: 600px) 100vw, 600px\" \/><\/a><p id=\"caption-attachment-5096\" class=\"wp-caption-text\">Tableau de Fran\u00e7ois Ier, image d&#8217;un h\u00e9ros \u00a9 Clap35<\/p><\/div>\n<p>Le titre du film \u00ab\u00a0Connaissez-vous Fran\u00e7ois Ier\u00a0?\u00a0\u00bb est une accroche pour le visiteur, l\u2019invitant \u00e0 d\u00e9couvrir l\u2019exposition qui va suivre, dessinant l\u2019image embl\u00e9matique du monarque, d\u2019abord traditionnelle, puis prince de la Renaissance se pr\u00e9sentant dans une d\u00e9marche renouvel\u00e9e du pouvoir.<\/p>\n<p>Ma\u00eetrise d&#8217;ouvrage : Biblioth\u00e8que Nationale de France<br \/>\nProduction\u00a0: Clap35<\/p>\n<p><a href=\"http:\/\/www.clap35.com\/com\/\" target=\"_blank\">www.clap35.com<\/a><\/p>\n<p><strong>Consultez la Fiche Annuaire de CLAP35 : <\/strong><br \/>\n<a href=\"http:\/\/www.museumexperts.com\/annuaire\/prestataire\/2241\" target=\"_blank\">www.museumexperts.com\/annuaire\/prestataire\/2241<\/a><\/p>\n","protected":false},"excerpt":{"rendered":"Clap35 r\u00e9alise le film d\u2019introduction pour l\u2019exposition de la Biblioth\u00e8que Nationale de France \u00ab\u00a0Fran\u00e7ois Ier, pouvoir et image \u00bb pr\u00e9sent\u00e9e sur le site Fran\u00e7ois Mitterrand du 24 mars au 21 juin 2015. Cette exposition propose une mise en perspective de la l\u00e9gende de Fran\u00e7ois Ier\u00a0: roi guerrier, roi tr\u00e8s chr\u00e9tien, po\u00e8te, prince m\u00e9c\u00e8ne favorisant les&#8230; <br><a class=\"readm\" href=\"https:\/\/www.sitem.fr\/en\/clap35-realise-film-introduction-exposition-francois-ier-bnf\/\">Read more<\/a>","protected":false},"author":2,"featured_media":5096,"comment_status":"open","ping_status":"open","sticky":false,"template":"","format":"standard","meta":{"_acf_changed":false,"footnotes":""},"categories":[137,149,1],"tags":[318,242],"class_list":["post-5092","post","type-post","status-publish","format-standard","has-post-thumbnail","hentry","category-audiovisuel-multimedia","category-interactivite-2","category-non-classifiee","tag-bnf","tag-clap35"],"acf":[],"_links":{"self":[{"href":"https:\/\/www.sitem.fr\/en\/wp-json\/wp\/v2\/posts\/5092","targetHints":{"allow":["GET"]}}],"collection":[{"href":"https:\/\/www.sitem.fr\/en\/wp-json\/wp\/v2\/posts"}],"about":[{"href":"https:\/\/www.sitem.fr\/en\/wp-json\/wp\/v2\/types\/post"}],"author":[{"embeddable":true,"href":"https:\/\/www.sitem.fr\/en\/wp-json\/wp\/v2\/users\/2"}],"replies":[{"embeddable":true,"href":"https:\/\/www.sitem.fr\/en\/wp-json\/wp\/v2\/comments?post=5092"}],"version-history":[{"count":4,"href":"https:\/\/www.sitem.fr\/en\/wp-json\/wp\/v2\/posts\/5092\/revisions"}],"predecessor-version":[{"id":5191,"href":"https:\/\/www.sitem.fr\/en\/wp-json\/wp\/v2\/posts\/5092\/revisions\/5191"}],"wp:featuredmedia":[{"embeddable":true,"href":"https:\/\/www.sitem.fr\/en\/wp-json\/wp\/v2\/media\/5096"}],"wp:attachment":[{"href":"https:\/\/www.sitem.fr\/en\/wp-json\/wp\/v2\/media?parent=5092"}],"wp:term":[{"taxonomy":"category","embeddable":true,"href":"https:\/\/www.sitem.fr\/en\/wp-json\/wp\/v2\/categories?post=5092"},{"taxonomy":"post_tag","embeddable":true,"href":"https:\/\/www.sitem.fr\/en\/wp-json\/wp\/v2\/tags?post=5092"}],"curies":[{"name":"wp","href":"https:\/\/api.w.org\/{rel}","templated":true}]}}