{"id":5144,"date":"2015-04-29T15:08:33","date_gmt":"2015-04-29T13:08:33","guid":{"rendered":"https:\/\/www.sitem.fr\/?p=5144"},"modified":"2015-05-27T16:36:38","modified_gmt":"2015-05-27T14:36:38","slug":"exposition-terre-acier-casino-arras-exhibit-group","status":"publish","type":"post","link":"https:\/\/www.sitem.fr\/en\/exposition-terre-acier-casino-arras-exhibit-group\/","title":{"rendered":"L\u2019exposition \u00ab De Terre et d\u2019Acier \u00bb au Casino d\u2019Arras avec Exhibit Group"},"content":{"rendered":"<p>L&#8217;exposition \u00ab De Terre et d\u2019Acier \u00bb pr\u00e9sent\u00e9e au Casino d\u2019Arras du 9 avril au 23 ao\u00fbt 2015 marque l&#8217;aboutissement d&#8217;un travail et d&#8217;une r\u00e9flexion de 20 ans sur la pertinence des vestiges arch\u00e9ologiques de la Grande Guerre. Pour la premi\u00e8re fois donc, on expose plus de 300 objets retrouv\u00e9s sur le front de 14-18 en parall\u00e8le de nombreux t\u00e9moignages du conflit. Loin d&#8217;\u00eatre fig\u00e9e, cette exposition dont la sc\u00e9nographie est sign\u00e9e Fr\u00e9d\u00e9ric Beauclair a \u00e9t\u00e9 pens\u00e9e pour tous les publics d\u00e8s la primaire et se d\u00e9placera dans diff\u00e9rentes r\u00e9gions sous le label de la Mission centenaire 14-18.<\/p>\n<div id=\"attachment_5147\" style=\"width: 610px\" class=\"wp-caption aligncenter\"><a href=\"https:\/\/www.sitem.fr\/wp-content\/uploads\/2015\/04\/expo-arras_exhibit.jpg\"><img loading=\"lazy\" decoding=\"async\" aria-describedby=\"caption-attachment-5147\" class=\"size-full wp-image-5147\" src=\"https:\/\/www.sitem.fr\/wp-content\/uploads\/2015\/04\/expo-arras_exhibit.jpg\" alt=\"Sc\u00e9nographie de l'exposition De Terre et d'Acier \u00a9 Fr\u00e9d\u00e9ric Beauclair\" width=\"600\" height=\"450\" srcset=\"https:\/\/www.sitem.fr\/wp-content\/uploads\/2015\/04\/expo-arras_exhibit.jpg 600w, https:\/\/www.sitem.fr\/wp-content\/uploads\/2015\/04\/expo-arras_exhibit-587x440.jpg 587w, https:\/\/www.sitem.fr\/wp-content\/uploads\/2015\/04\/expo-arras_exhibit-300x225.jpg 300w, https:\/\/www.sitem.fr\/wp-content\/uploads\/2015\/04\/expo-arras_exhibit-80x60.jpg 80w\" sizes=\"auto, (max-width: 600px) 100vw, 600px\" \/><\/a><p id=\"caption-attachment-5147\" class=\"wp-caption-text\">Sc\u00e9nographie de l&#8217;exposition De Terre et d&#8217;Acier \u00a9 Fr\u00e9d\u00e9ric Beauclair<\/p><\/div>\n<p><strong>Exhibit Group<\/strong> a particip\u00e9 au projet de cette exposition et a fourni plusieurs impressions n\u00e9cessaires \u00e0 la sc\u00e9nographie. Parmi les produits <strong>Exhibit Group<\/strong> utilis\u00e9s, on notera l&#8217;<a href=\"http:\/\/www.exhibitgroup.fr\/artist-light-200-280g-m1\" target=\"_blank\">Artist Light<\/a> imprim\u00e9 sur une <a href=\"http:\/\/www.exhibitgroup.fr\/groupe\/locaux-nice\/vutek-gs-5000r\" target=\"_blank\">machine GS5000R<\/a> et du <a href=\"http:\/\/www.exhibitgroup.fr\/voile-fin-50g-m1\" target=\"_blank\">voile fin<\/a> imprim\u00e9 en sublimation avec finition fourreau ferm\u00e9 en bas pour chaine de plomb pour donner un aspect ondulant au d\u00e9cor. La <a href=\"http:\/\/www.exhibitgroup.fr\/groupe\/locaux-paris\/rdc-swissqprint-nyala\" target=\"_blank\">machine SwissQprint<\/a> (qui imprime le blanc) a quant \u00e0 elle \u00e9t\u00e9 sollicit\u00e9e pour les cartels de l\u2019exposition. L&#8217;astuce <strong>Exhibit Group<\/strong> est de proposer du PVC de couleur (gris pour cette exposition) afin d\u2019\u00e9viter l\u2019\u00e9paisseur blanche d\u2019un PVC classique inadapt\u00e9e dans ce contexte.<\/p>\n<p>Sc\u00e9nographie par F. Beauclair.<br \/>\nImpression par EG.<\/p>\n<p><a href=\"http:\/\/www.exhibitgroup.fr\/\" target=\"_blank\">www.exhibitgroup.fr<\/a><\/p>\n<p><strong>Consultez la Fiche Annuaire de EXHIBIT GROUP : <\/strong><br \/>\n<a href=\"http:\/\/www.museumexperts.com\/annuaire\/prestataire\/3472\" target=\"_blank\">www.museumexperts.com\/annuaire\/prestataire\/3472<\/a><\/p>\n","protected":false},"excerpt":{"rendered":"L&#8217;exposition \u00ab De Terre et d\u2019Acier \u00bb pr\u00e9sent\u00e9e au Casino d\u2019Arras du 9 avril au 23 ao\u00fbt 2015 marque l&#8217;aboutissement d&#8217;un travail et d&#8217;une r\u00e9flexion de 20 ans sur la pertinence des vestiges arch\u00e9ologiques de la Grande Guerre. Pour la premi\u00e8re fois donc, on expose plus de 300 objets retrouv\u00e9s sur le front de 14-18&#8230; <br><a class=\"readm\" href=\"https:\/\/www.sitem.fr\/en\/exposition-terre-acier-casino-arras-exhibit-group\/\">Read more<\/a>","protected":false},"author":2,"featured_media":5147,"comment_status":"open","ping_status":"open","sticky":false,"template":"","format":"standard","meta":{"_acf_changed":false,"footnotes":""},"categories":[220,1],"tags":[243],"class_list":["post-5144","post","type-post","status-publish","format-standard","has-post-thumbnail","hentry","category-impression","category-non-classifiee","tag-exhibit-group"],"acf":[],"_links":{"self":[{"href":"https:\/\/www.sitem.fr\/en\/wp-json\/wp\/v2\/posts\/5144","targetHints":{"allow":["GET"]}}],"collection":[{"href":"https:\/\/www.sitem.fr\/en\/wp-json\/wp\/v2\/posts"}],"about":[{"href":"https:\/\/www.sitem.fr\/en\/wp-json\/wp\/v2\/types\/post"}],"author":[{"embeddable":true,"href":"https:\/\/www.sitem.fr\/en\/wp-json\/wp\/v2\/users\/2"}],"replies":[{"embeddable":true,"href":"https:\/\/www.sitem.fr\/en\/wp-json\/wp\/v2\/comments?post=5144"}],"version-history":[{"count":4,"href":"https:\/\/www.sitem.fr\/en\/wp-json\/wp\/v2\/posts\/5144\/revisions"}],"predecessor-version":[{"id":5271,"href":"https:\/\/www.sitem.fr\/en\/wp-json\/wp\/v2\/posts\/5144\/revisions\/5271"}],"wp:featuredmedia":[{"embeddable":true,"href":"https:\/\/www.sitem.fr\/en\/wp-json\/wp\/v2\/media\/5147"}],"wp:attachment":[{"href":"https:\/\/www.sitem.fr\/en\/wp-json\/wp\/v2\/media?parent=5144"}],"wp:term":[{"taxonomy":"category","embeddable":true,"href":"https:\/\/www.sitem.fr\/en\/wp-json\/wp\/v2\/categories?post=5144"},{"taxonomy":"post_tag","embeddable":true,"href":"https:\/\/www.sitem.fr\/en\/wp-json\/wp\/v2\/tags?post=5144"}],"curies":[{"name":"wp","href":"https:\/\/api.w.org\/{rel}","templated":true}]}}