{"id":534,"date":"2013-02-28T11:20:22","date_gmt":"2013-02-28T10:20:22","guid":{"rendered":"https:\/\/www.sitem.fr\/?p=534"},"modified":"2018-10-08T17:20:24","modified_gmt":"2018-10-08T15:20:24","slug":"ducaroy-grange-est-sollicite-par-le-cmn-pour-expo-soufflot","status":"publish","type":"post","link":"https:\/\/www.sitem.fr\/en\/ducaroy-grange-est-sollicite-par-le-cmn-pour-expo-soufflot\/","title":{"rendered":"Ducaroy Grange est sollicit\u00e9 par le Centre des Monuments Nationaux pour l&#8217;exposition &#8220;Jacques Germain Soufflot&#8221;."},"content":{"rendered":"<p style=\"text-align: left;\"><a href=\"https:\/\/www.sitem.fr\/wp-content\/uploads\/2013\/07\/DucaroyGrange_logo.png\"><img loading=\"lazy\" decoding=\"async\" class=\"size-full wp-image-535 aligncenter\" alt=\"DucaroyGrange_logo\" src=\"https:\/\/www.sitem.fr\/wp-content\/uploads\/2013\/07\/DucaroyGrange_logo.png\" width=\"250\" height=\"149\" \/><\/a>Organis\u00e9e \u00e0 Paris, la r\u00e9trospective de ce grand architecte du XVIIIe si\u00e8cle se d\u00e9roulera au Panth\u00e9on, l&#8217;un des plus prestigieux \u00e9difices qu&#8217;il ait construit, o\u00f9 il repose depuis 1829.<br \/>\nDucaroy Grange a \u00e9t\u00e9 sollicit\u00e9 pour la r\u00e9alisation de la maquette d&#8217;un b\u00e2timent \u00e9difi\u00e9 par Soufflot, l&#8217;H\u00f4tel de Marigny, aujourd&#8217;hui disparu.<\/p>\n<p>C\u00e9l\u00e9brant le tricentenaire de la naissance de Soufflot, cette exposition sera ouverte au public de septembre \u00e0 novembre 2013.<\/p>\n<p>D\u00e9couvrez le nouveau site Internet de Ducaroy Grange :<br \/>\n<a href=\"http:\/\/www.ducaroy-grange.com\" target=\"_blank\">www.ducaroy-grange.com<\/a><\/p>\n<p><a href=\"http:\/\/www.monuments-nationaux.fr\/\" target=\"_blank\">www.monuments-nationaux.fr<\/a><\/p>\n<p><strong>Consultez la Fiche Annuaire de DUCAROY GRANGE : <\/strong><br \/>\nwww.museumexperts.com\/annuaire\/prestataire\/907<\/p>\n","protected":false},"excerpt":{"rendered":"Organis\u00e9e \u00e0 Paris, la r\u00e9trospective de ce grand architecte du XVIIIe si\u00e8cle se d\u00e9roulera au Panth\u00e9on, l&#8217;un des plus prestigieux \u00e9difices qu&#8217;il ait construit, o\u00f9 il repose depuis 1829. Ducaroy Grange a \u00e9t\u00e9 sollicit\u00e9 pour la r\u00e9alisation de la maquette d&#8217;un b\u00e2timent \u00e9difi\u00e9 par Soufflot, l&#8217;H\u00f4tel de Marigny, aujourd&#8217;hui disparu. C\u00e9l\u00e9brant le tricentenaire de la&#8230; <br><a class=\"readm\" href=\"https:\/\/www.sitem.fr\/en\/ducaroy-grange-est-sollicite-par-le-cmn-pour-expo-soufflot\/\">Read more<\/a>","protected":false},"author":2,"featured_media":0,"comment_status":"open","ping_status":"open","sticky":false,"template":"","format":"standard","meta":{"_acf_changed":false,"footnotes":""},"categories":[1],"tags":[99,75,160,174],"class_list":["post-534","post","type-post","status-publish","format-standard","hentry","category-non-classifiee","tag-centre-des-monuments-nationaux","tag-ducaroy-grange","tag-maquette-darchitecture","tag-soufflot"],"acf":[],"_links":{"self":[{"href":"https:\/\/www.sitem.fr\/en\/wp-json\/wp\/v2\/posts\/534","targetHints":{"allow":["GET"]}}],"collection":[{"href":"https:\/\/www.sitem.fr\/en\/wp-json\/wp\/v2\/posts"}],"about":[{"href":"https:\/\/www.sitem.fr\/en\/wp-json\/wp\/v2\/types\/post"}],"author":[{"embeddable":true,"href":"https:\/\/www.sitem.fr\/en\/wp-json\/wp\/v2\/users\/2"}],"replies":[{"embeddable":true,"href":"https:\/\/www.sitem.fr\/en\/wp-json\/wp\/v2\/comments?post=534"}],"version-history":[{"count":7,"href":"https:\/\/www.sitem.fr\/en\/wp-json\/wp\/v2\/posts\/534\/revisions"}],"predecessor-version":[{"id":10656,"href":"https:\/\/www.sitem.fr\/en\/wp-json\/wp\/v2\/posts\/534\/revisions\/10656"}],"wp:attachment":[{"href":"https:\/\/www.sitem.fr\/en\/wp-json\/wp\/v2\/media?parent=534"}],"wp:term":[{"taxonomy":"category","embeddable":true,"href":"https:\/\/www.sitem.fr\/en\/wp-json\/wp\/v2\/categories?post=534"},{"taxonomy":"post_tag","embeddable":true,"href":"https:\/\/www.sitem.fr\/en\/wp-json\/wp\/v2\/tags?post=534"}],"curies":[{"name":"wp","href":"https:\/\/api.w.org\/{rel}","templated":true}]}}