{"id":5365,"date":"2015-06-26T10:05:21","date_gmt":"2015-06-26T08:05:21","guid":{"rendered":"https:\/\/www.sitem.fr\/?p=5365"},"modified":"2018-10-08T17:22:07","modified_gmt":"2018-10-08T15:22:07","slug":"films-didactiques-ouvrage-ferte-cent-millions-pixels","status":"publish","type":"post","link":"https:\/\/www.sitem.fr\/en\/films-didactiques-ouvrage-ferte-cent-millions-pixels\/","title":{"rendered":"Des films didactiques sur l&#8217;ouvrage de la Fert\u00e9 avec Cent Millions de Pixels"},"content":{"rendered":"<p>L&#8217;ouvrage de la Fert\u00e9 est l&#8217;un des forts qui constitua la Ligne Maginot, ce r\u00e9seau de fortifications long de plus de 700 km. De violents combats ont eu lieu sur ce site au printemps 1940 lors de l&#8217;invasion de la France par l&#8217;arm\u00e9e allemande. Depuis 1949, le \u00ab Comit\u00e9 du Souvenir des D\u00e9fenseurs de Villy-La Fert\u00e9 \u00bb, compos\u00e9 de b\u00e9n\u00e9voles et passionn\u00e9s, veille \u00e0 la sauvegarde et \u00e0 l&#8217;am\u00e9nagement de ce patrimoine. Hommage aux disparus, reconstitutions historiques ainsi que des parcours de visite permettent aux visiteurs de conna\u00eetre et revivre l&#8217;histoire de ce fort.<\/p>\n<div id=\"attachment_5367\" style=\"width: 610px\" class=\"wp-caption aligncenter\"><a href=\"https:\/\/www.sitem.fr\/wp-content\/uploads\/2015\/06\/Film-LaFerte_CMP.jpg\"><img loading=\"lazy\" decoding=\"async\" aria-describedby=\"caption-attachment-5367\" class=\"size-full wp-image-5367\" src=\"https:\/\/www.sitem.fr\/wp-content\/uploads\/2015\/06\/Film-LaFerte_CMP.jpg\" alt=\"D\u00e9tails des syst\u00e8mes techniques de l'ouvrage \u00a9 Cent Millions de Pixels\" width=\"600\" height=\"338\" srcset=\"https:\/\/www.sitem.fr\/wp-content\/uploads\/2015\/06\/Film-LaFerte_CMP.jpg 600w, https:\/\/www.sitem.fr\/wp-content\/uploads\/2015\/06\/Film-LaFerte_CMP-300x169.jpg 300w\" sizes=\"auto, (max-width: 600px) 100vw, 600px\" \/><\/a><p id=\"caption-attachment-5367\" class=\"wp-caption-text\">D\u00e9tails des syst\u00e8mes techniques de l&#8217;ouvrage \u00a9 Cent Millions de Pixels<\/p><\/div>\n<p>Ce site patrimonial a r\u00e9cemment ouvert sa maison d\u2019accueil pour la revalorisation de l&#8217;ouvrage de la Fert\u00e9. A cette occasion, <strong>Cent Millions de Pixels<\/strong> a con\u00e7u et produit 3 films didactiques en partenariat avec la soci\u00e9t\u00e9 Dr\u00f4le de Trame. Ces films permettent chacun \u00e0 leur tour de comprendre la construction de l\u2019ouvrage, ses \u00e9quipements techniques internes et ses \u00e9quipements d\u00e9fensifs. L&#8217;ouvrage de Fert\u00e9 est, en effet, constitu\u00e9 de deux blocs reli\u00e9s par une galerie \u00e0 25 m\u00e8tres de profondeur. Ces films \u00e9clairent donc le visiteur sur ces espaces souterrains complexes avant et\/ou apr\u00e8s la visite.<\/p>\n<div id=\"attachment_5368\" style=\"width: 610px\" class=\"wp-caption aligncenter\"><a href=\"https:\/\/www.sitem.fr\/wp-content\/uploads\/2015\/06\/LaFerte_CMP.jpg\"><img loading=\"lazy\" decoding=\"async\" aria-describedby=\"caption-attachment-5368\" class=\"size-full wp-image-5368\" src=\"https:\/\/www.sitem.fr\/wp-content\/uploads\/2015\/06\/LaFerte_CMP.jpg\" alt=\"D\u00e9couverte de l'\u00e9quipage de l'ouvrage \u00a9 Cent Millions de Pixels\" width=\"600\" height=\"338\" srcset=\"https:\/\/www.sitem.fr\/wp-content\/uploads\/2015\/06\/LaFerte_CMP.jpg 600w, https:\/\/www.sitem.fr\/wp-content\/uploads\/2015\/06\/LaFerte_CMP-300x169.jpg 300w\" sizes=\"auto, (max-width: 600px) 100vw, 600px\" \/><\/a><p id=\"caption-attachment-5368\" class=\"wp-caption-text\">D\u00e9couverte de l&#8217;\u00e9quipage de l&#8217;ouvrage \u00a9 Cent Millions de Pixels<\/p><\/div>\n<p><a href=\"http:\/\/www.centmillionsdepixels.com\/\" target=\"_blank\">www.centmillionsdepixels.com<\/a><\/p>\n<p><strong>Consultez la Fiche Annuaire de CENT MILLIONS DE PIXELS : <\/strong><br \/>\nwww.museumexperts.com\/annuaire\/prestataire\/4849<\/p>\n","protected":false},"excerpt":{"rendered":"L&#8217;ouvrage de la Fert\u00e9 est l&#8217;un des forts qui constitua la Ligne Maginot, ce r\u00e9seau de fortifications long de plus de 700 km. De violents combats ont eu lieu sur ce site au printemps 1940 lors de l&#8217;invasion de la France par l&#8217;arm\u00e9e allemande. Depuis 1949, le \u00ab Comit\u00e9 du Souvenir des D\u00e9fenseurs de Villy-La&#8230; <br><a class=\"readm\" href=\"https:\/\/www.sitem.fr\/en\/films-didactiques-ouvrage-ferte-cent-millions-pixels\/\">Read more<\/a>","protected":false},"author":2,"featured_media":5368,"comment_status":"open","ping_status":"open","sticky":false,"template":"","format":"standard","meta":{"_acf_changed":false,"footnotes":""},"categories":[137,1],"tags":[249],"class_list":["post-5365","post","type-post","status-publish","format-standard","has-post-thumbnail","hentry","category-audiovisuel-multimedia","category-non-classifiee","tag-cent-millions-de-pixels"],"acf":[],"_links":{"self":[{"href":"https:\/\/www.sitem.fr\/en\/wp-json\/wp\/v2\/posts\/5365","targetHints":{"allow":["GET"]}}],"collection":[{"href":"https:\/\/www.sitem.fr\/en\/wp-json\/wp\/v2\/posts"}],"about":[{"href":"https:\/\/www.sitem.fr\/en\/wp-json\/wp\/v2\/types\/post"}],"author":[{"embeddable":true,"href":"https:\/\/www.sitem.fr\/en\/wp-json\/wp\/v2\/users\/2"}],"replies":[{"embeddable":true,"href":"https:\/\/www.sitem.fr\/en\/wp-json\/wp\/v2\/comments?post=5365"}],"version-history":[{"count":4,"href":"https:\/\/www.sitem.fr\/en\/wp-json\/wp\/v2\/posts\/5365\/revisions"}],"predecessor-version":[{"id":10752,"href":"https:\/\/www.sitem.fr\/en\/wp-json\/wp\/v2\/posts\/5365\/revisions\/10752"}],"wp:featuredmedia":[{"embeddable":true,"href":"https:\/\/www.sitem.fr\/en\/wp-json\/wp\/v2\/media\/5368"}],"wp:attachment":[{"href":"https:\/\/www.sitem.fr\/en\/wp-json\/wp\/v2\/media?parent=5365"}],"wp:term":[{"taxonomy":"category","embeddable":true,"href":"https:\/\/www.sitem.fr\/en\/wp-json\/wp\/v2\/categories?post=5365"},{"taxonomy":"post_tag","embeddable":true,"href":"https:\/\/www.sitem.fr\/en\/wp-json\/wp\/v2\/tags?post=5365"}],"curies":[{"name":"wp","href":"https:\/\/api.w.org\/{rel}","templated":true}]}}