{"id":538,"date":"2013-02-28T11:40:29","date_gmt":"2013-02-28T10:40:29","guid":{"rendered":"https:\/\/www.sitem.fr\/?p=538"},"modified":"2018-10-08T17:20:32","modified_gmt":"2018-10-08T15:20:32","slug":"le-show-controleur-id-al-pour-la-matrice","status":"publish","type":"post","link":"https:\/\/www.sitem.fr\/en\/le-show-controleur-id-al-pour-la-matrice\/","title":{"rendered":"Le show contr\u00f4leur ID-AL pour une exp\u00e9rience sensorielle, visuelle et auditive de &#8220;La Matrice&#8221;."},"content":{"rendered":"<p><a href=\"https:\/\/www.sitem.fr\/wp-content\/uploads\/2013\/07\/WavesSystem_LaMatrice_Fevrier2013.jpg\"><img loading=\"lazy\" decoding=\"async\" class=\"alignleft size-full wp-image-539\" alt=\"WavesSystem_LaMatrice_Fevrier2013\" src=\"https:\/\/www.sitem.fr\/wp-content\/uploads\/2013\/07\/WavesSystem_LaMatrice_Fevrier2013.jpg\" width=\"260\" height=\"188\" \/><\/a>&#8220;La Chambre&#8221; est un projet de l&#8217;artiste plasticienne suisse Isabelle Roy, en partenariat avec l&#8217;H\u00f4pital Sainte-Anne, le Centre d&#8217;\u00c9tude de l&#8217;Expression et la Maison Rouge \u00e0 Paris. Il se focalise sur la fronti\u00e8re poreuse qui s\u00e9pare le r\u00e9el de l&#8217;imaginaire.<\/p>\n<p>Le psychisme y est incarn\u00e9 par trois chambres, trois espaces \u00e0 la fois compl\u00e9mentaires et individuels pour tenter d&#8217;expliciter trois \u00e9tats de l&#8217;appareil psychique :<br \/>\nla chambre de l&#8217;intime, la chambre des fantasmes et la chambre des r\u00eaves.<\/p>\n<p>&#8220;La Matrice&#8221; est le pr\u00e9ambule de ces trois chambres, repr\u00e9sentant la gestation. C&#8217;est un espace circulaire d&#8217;environ 4 m\u00e8tres de diam\u00e8tre. Sa forme et sa texture s&#8217;apparentent \u00e0 un cocon blanc et son ambiance lumineuse est celle d&#8217;un soir de pleine lune dans un paysage enneig\u00e9. Au centre, une femme allong\u00e9e sur le sol est v\u00eatue d&#8217;une tr\u00e8s longue robe blanche faite de centaines de modules de boules de coton surmont\u00e9es de fleurs de cristal. Des fils de fibre optique tress\u00e9s dans la mati\u00e8re de la robe illuminent toute sa surface par intermittence. Le dispositif h\u00e9berge un show contr\u00f4leur EventPlayer ID-AL et deux lecteurs audio et vid\u00e9o autonomes et interactifs, Flash MpxHD ID-AL (distribu\u00e9s par Waves System), pour l&#8217;\u00e9clairage et la vid\u00e9o (Sylvie Petit), et la diffusion des enveloppes sonores (R\u00e9mi Stengel \/ Comptoir des Ondes).<br \/>\n&#8220;La matrice&#8221; a \u00e9t\u00e9 inaugur\u00e9e le 24 janvier 2013 au Mus\u00e9e Singer-Polignac, dans l&#8217;enceinte de l&#8217;H\u00f4pital Sainte-Anne \u00e0 Paris, o\u00f9 l&#8217;exposition sera visible jusqu&#8217;au 7 mars 2013.<\/p>\n<p>www.wsystem.com<br \/>\nwww.id-al.com<\/p>\n<p><strong>Consultez la Fiche Annuaire de WAVES SYSTEM : <\/strong><br \/>\nwww.museumexperts.com\/annuaire\/prestataire\/3309<\/p>\n","protected":false},"excerpt":{"rendered":"&#8220;La Chambre&#8221; est un projet de l&#8217;artiste plasticienne suisse Isabelle Roy, en partenariat avec l&#8217;H\u00f4pital Sainte-Anne, le Centre d&#8217;\u00c9tude de l&#8217;Expression et la Maison Rouge \u00e0 Paris. Il se focalise sur la fronti\u00e8re poreuse qui s\u00e9pare le r\u00e9el de l&#8217;imaginaire. Le psychisme y est incarn\u00e9 par trois chambres, trois espaces \u00e0 la fois compl\u00e9mentaires et&#8230; <br><a class=\"readm\" href=\"https:\/\/www.sitem.fr\/en\/le-show-controleur-id-al-pour-la-matrice\/\">Read more<\/a>","protected":false},"author":2,"featured_media":0,"comment_status":"open","ping_status":"open","sticky":false,"template":"","format":"standard","meta":{"_acf_changed":false,"footnotes":""},"categories":[137,149],"tags":[82,83,33,81],"class_list":["post-538","post","type-post","status-publish","format-standard","hentry","category-audiovisuel-multimedia","category-interactivite-2","tag-id-al","tag-lecteur-interactif","tag-multimedia","tag-waves-system"],"acf":[],"_links":{"self":[{"href":"https:\/\/www.sitem.fr\/en\/wp-json\/wp\/v2\/posts\/538","targetHints":{"allow":["GET"]}}],"collection":[{"href":"https:\/\/www.sitem.fr\/en\/wp-json\/wp\/v2\/posts"}],"about":[{"href":"https:\/\/www.sitem.fr\/en\/wp-json\/wp\/v2\/types\/post"}],"author":[{"embeddable":true,"href":"https:\/\/www.sitem.fr\/en\/wp-json\/wp\/v2\/users\/2"}],"replies":[{"embeddable":true,"href":"https:\/\/www.sitem.fr\/en\/wp-json\/wp\/v2\/comments?post=538"}],"version-history":[{"count":10,"href":"https:\/\/www.sitem.fr\/en\/wp-json\/wp\/v2\/posts\/538\/revisions"}],"predecessor-version":[{"id":10668,"href":"https:\/\/www.sitem.fr\/en\/wp-json\/wp\/v2\/posts\/538\/revisions\/10668"}],"wp:attachment":[{"href":"https:\/\/www.sitem.fr\/en\/wp-json\/wp\/v2\/media?parent=538"}],"wp:term":[{"taxonomy":"category","embeddable":true,"href":"https:\/\/www.sitem.fr\/en\/wp-json\/wp\/v2\/categories?post=538"},{"taxonomy":"post_tag","embeddable":true,"href":"https:\/\/www.sitem.fr\/en\/wp-json\/wp\/v2\/tags?post=538"}],"curies":[{"name":"wp","href":"https:\/\/api.w.org\/{rel}","templated":true}]}}