{"id":578,"date":"2013-03-28T10:30:05","date_gmt":"2013-03-28T09:30:05","guid":{"rendered":"https:\/\/www.sitem.fr\/?p=578"},"modified":"2018-10-08T17:20:43","modified_gmt":"2018-10-08T15:20:43","slug":"promuseum-equipe-lespace-accueil-et-boutique-de-la-maison-jean-monnet","status":"publish","type":"post","link":"https:\/\/www.sitem.fr\/en\/promuseum-equipe-lespace-accueil-et-boutique-de-la-maison-jean-monnet\/","title":{"rendered":"Promuseum \u00e9quipe l\u2019espace accueil et boutique de la Maison Jean Monnet."},"content":{"rendered":"<p><a href=\"https:\/\/www.sitem.fr\/wp-content\/uploads\/2013\/08\/Promuseum_MaisonJeanMonnet_mars2013.jpg\"><img loading=\"lazy\" decoding=\"async\" class=\"alignleft size-full wp-image-579\" alt=\"Promuseum_MaisonJeanMonnet_mars2013\" src=\"https:\/\/www.sitem.fr\/wp-content\/uploads\/2013\/08\/Promuseum_MaisonJeanMonnet_mars2013.jpg\" width=\"260\" height=\"173\" \/><\/a>Promuseum a r\u00e9cemment collabor\u00e9 au r\u00e9am\u00e9nagement et \u00e0 la modernisation de l\u2019espace accueil et boutique de la Maison Jean Monnet, situ\u00e9e \u00e0 Bazoches-sur- Guyonne (Yvelines). Cet espace est destin\u00e9 \u00e0 l\u2019accueil des visiteurs, \u00e0 l\u2019exposition et \u00e0 la vente de produits d\u00e9riv\u00e9s.<br \/>\nLe mobilier, en m\u00e9lamin\u00e9 bross\u00e9 de coloris gris anthracite, a \u00e9t\u00e9 enti\u00e8rement fabriqu\u00e9 sur mesure par Promuseum.<br \/>\nLa conception du mobilier n\u00e9cessitait une adaptation aux contraintes techniques du lieu, tout en conservant l\u2019authenticit\u00e9.<br \/>\n&nbsp;<\/p>\n<p>Une banque d\u2019accueil sur mesure a \u00e9t\u00e9 install\u00e9e, avec une double fonction : accueillir et vendre. Deux meubles de rangement ont \u00e9galement \u00e9t\u00e9 con\u00e7us et install\u00e9s pour la pr\u00e9sentation d&#8217;objets et le stockage. Une vitrine d\u2019exposition avec des \u00e9tag\u00e8res sur cr\u00e9maill\u00e8res a \u00e9t\u00e9 pr\u00e9vue pour les produits les plus fragiles. Un meuble avec t\u00e9l\u00e9vision int\u00e9gr\u00e9e permet la diffusion de supports vid\u00e9o (films, reportages).<\/p>\n<p>La Maison est un lieu charg\u00e9 d\u2019histoire. Jean Monnet y a v\u00e9cu plus de 30 ans. En 1982, elle est acquise par le Parlement Europ\u00e9en et devient patrimoine commun des Europ\u00e9ens. Depuis 2000, une salle multim\u00e9dia accueille chaque ann\u00e9e de nombreuses conf\u00e9rences sur l\u2019histoire et l\u2019actualit\u00e9 europ\u00e9ennes.<\/p>\n<p>Promuseum, sp\u00e9cialis\u00e9 dans les am\u00e9nagements d&#8217;espaces accueil et d&#8217;espaces d&#8217;expositions, vous conseille \u00e9galement sur la mise aux normes des acc\u00e8s PMR pr\u00e9vue en 2014.<br \/>\n<a href=\"http:\/\/www.promuseum.fr\/actualites.php\" target=\"_blank\">http:\/\/www.promuseum.fr\/actualites.php<\/a><br \/>\n<a href=\"http:\/\/www.ajmonnet.eu\/\" target=\"_blank\">www.ajmonnet.eu<\/a><\/p>\n<p><strong>Consultez la Fiche Annuaire de PROMUSEUM<\/strong><br \/>\nwww.museumexperts.com\/annuaire\/prestataire\/2018<\/p>\n","protected":false},"excerpt":{"rendered":"Promuseum a r\u00e9cemment collabor\u00e9 au r\u00e9am\u00e9nagement et \u00e0 la modernisation de l\u2019espace accueil et boutique de la Maison Jean Monnet, situ\u00e9e \u00e0 Bazoches-sur- Guyonne (Yvelines). Cet espace est destin\u00e9 \u00e0 l\u2019accueil des visiteurs, \u00e0 l\u2019exposition et \u00e0 la vente de produits d\u00e9riv\u00e9s. Le mobilier, en m\u00e9lamin\u00e9 bross\u00e9 de coloris gris anthracite, a \u00e9t\u00e9 enti\u00e8rement fabriqu\u00e9&#8230; <br><a class=\"readm\" href=\"https:\/\/www.sitem.fr\/en\/promuseum-equipe-lespace-accueil-et-boutique-de-la-maison-jean-monnet\/\">Read more<\/a>","protected":false},"author":2,"featured_media":0,"comment_status":"open","ping_status":"open","sticky":false,"template":"","format":"standard","meta":{"_acf_changed":false,"footnotes":""},"categories":[138,144,156],"tags":[168,68,61],"class_list":["post-578","post","type-post","status-publish","format-standard","hentry","category-boutiques","category-mobilier","category-vitrines","tag-boutique-de-musee","tag-mobilier-dexposition","tag-promuseum"],"acf":[],"_links":{"self":[{"href":"https:\/\/www.sitem.fr\/en\/wp-json\/wp\/v2\/posts\/578","targetHints":{"allow":["GET"]}}],"collection":[{"href":"https:\/\/www.sitem.fr\/en\/wp-json\/wp\/v2\/posts"}],"about":[{"href":"https:\/\/www.sitem.fr\/en\/wp-json\/wp\/v2\/types\/post"}],"author":[{"embeddable":true,"href":"https:\/\/www.sitem.fr\/en\/wp-json\/wp\/v2\/users\/2"}],"replies":[{"embeddable":true,"href":"https:\/\/www.sitem.fr\/en\/wp-json\/wp\/v2\/comments?post=578"}],"version-history":[{"count":7,"href":"https:\/\/www.sitem.fr\/en\/wp-json\/wp\/v2\/posts\/578\/revisions"}],"predecessor-version":[{"id":10686,"href":"https:\/\/www.sitem.fr\/en\/wp-json\/wp\/v2\/posts\/578\/revisions\/10686"}],"wp:attachment":[{"href":"https:\/\/www.sitem.fr\/en\/wp-json\/wp\/v2\/media?parent=578"}],"wp:term":[{"taxonomy":"category","embeddable":true,"href":"https:\/\/www.sitem.fr\/en\/wp-json\/wp\/v2\/categories?post=578"},{"taxonomy":"post_tag","embeddable":true,"href":"https:\/\/www.sitem.fr\/en\/wp-json\/wp\/v2\/tags?post=578"}],"curies":[{"name":"wp","href":"https:\/\/api.w.org\/{rel}","templated":true}]}}