{"id":638,"date":"2013-04-25T10:20:17","date_gmt":"2013-04-25T08:20:17","guid":{"rendered":"https:\/\/www.sitem.fr\/?p=638"},"modified":"2018-10-08T17:22:28","modified_gmt":"2018-10-08T15:22:28","slug":"tkgeo-equipe-la-nouvelle-expo-des-archives-nationales","status":"publish","type":"post","link":"https:\/\/www.sitem.fr\/en\/tkgeo-equipe-la-nouvelle-expo-des-archives-nationales\/","title":{"rendered":"TKGeo \u00e9quipe la nouvelle exposition des Archives Nationales."},"content":{"rendered":"<p><a href=\"https:\/\/www.sitem.fr\/wp-content\/uploads\/2013\/08\/TKGEO_AFF-LePouvoirEnActes_AVRIL2013.png\"><img loading=\"lazy\" decoding=\"async\" class=\"alignleft size-full wp-image-639\" src=\"https:\/\/www.sitem.fr\/wp-content\/uploads\/2013\/08\/TKGEO_AFF-LePouvoirEnActes_AVRIL2013.png\" alt=\"TKGEO_AFF-LePouvoirEnActes_AVRIL2013\" width=\"262\" height=\"189\" \/><\/a>Pour la deuxi\u00e8me ann\u00e9e cons\u00e9cutive, les Archives Nationales s&#8217;\u00e9quipent de haut-parleurs directionnels Flatphone\u00ae de TKGeo afin de sonoriser efficacement une partie des contenus multim\u00e9dia de l&#8217;exposition &#8220;Le pouvoir en actes. Fonder, dire, montrer, contrefaire l&#8217;autorit\u00e9&#8221;, jusqu&#8217;au 24 juin 2013.<\/p>\n<p>&nbsp;<\/p>\n<p>&nbsp;<\/p>\n<p><a href=\"https:\/\/www.sitem.fr\/wp-content\/uploads\/2013\/08\/TKGeo_LePouvoirEnActes_avril2013.jpg\"><img loading=\"lazy\" decoding=\"async\" class=\"alignleft size-full wp-image-640\" src=\"https:\/\/www.sitem.fr\/wp-content\/uploads\/2013\/08\/TKGeo_LePouvoirEnActes_avril2013.jpg\" alt=\"TKGeo_LePouvoirEnActes_avril2013\" width=\"262\" height=\"196\" srcset=\"https:\/\/www.sitem.fr\/wp-content\/uploads\/2013\/08\/TKGeo_LePouvoirEnActes_avril2013.jpg 262w, https:\/\/www.sitem.fr\/wp-content\/uploads\/2013\/08\/TKGeo_LePouvoirEnActes_avril2013-80x60.jpg 80w\" sizes=\"auto, (max-width: 262px) 100vw, 262px\" \/><\/a>Souhaitant r\u00e9utiliser l&#8217;\u00e9quipement d&#8217;une exposition \u00e0 l&#8217;autre, les commanditaires ont choisi les Flatphone\u00ae de TKGeo, alliant qualit\u00e9 de rendu et efficacit\u00e9, id\u00e9ales pour leur robustesse et leur simplicit\u00e9 de mise en \u0153uvre.<\/p>\n<p><a href=\"http:\/\/www.tkgeo.com\" target=\"_blank\">www.tkgeo.com<\/a><br \/>\n<a href=\"http:\/\/www.flatphone.fr\" target=\"_blank\">www.flatphone.fr<\/a><br \/>\nwww.archives-nationales.culture.gouv.fr<\/p>\n<p><em>Graphisme de communication et de m\u00e9diation de l&#8217;exposition : agence Point de Fuite.<\/em><\/p>\n<p><strong>Consultez la Fiche Annuaire de TKGEO<\/strong><br \/>\nwww.museumexperts.com\/annuaire\/prestataire\/3021<\/p>\n","protected":false},"excerpt":{"rendered":"Pour la deuxi\u00e8me ann\u00e9e cons\u00e9cutive, les Archives Nationales s&#8217;\u00e9quipent de haut-parleurs directionnels Flatphone\u00ae de TKGeo afin de sonoriser efficacement une partie des contenus multim\u00e9dia de l&#8217;exposition &#8220;Le pouvoir en actes. Fonder, dire, montrer, contrefaire l&#8217;autorit\u00e9&#8221;, jusqu&#8217;au 24 juin 2013. &nbsp; &nbsp; Souhaitant r\u00e9utiliser l&#8217;\u00e9quipement d&#8217;une exposition \u00e0 l&#8217;autre, les commanditaires ont choisi les Flatphone\u00ae de&#8230; <br><a class=\"readm\" href=\"https:\/\/www.sitem.fr\/en\/tkgeo-equipe-la-nouvelle-expo-des-archives-nationales\/\">Read more<\/a>","protected":false},"author":2,"featured_media":0,"comment_status":"open","ping_status":"open","sticky":false,"template":"","format":"standard","meta":{"_acf_changed":false,"footnotes":""},"categories":[154],"tags":[38,36],"class_list":["post-638","post","type-post","status-publish","format-standard","hentry","category-son-2","tag-flatphone","tag-tkgeo"],"acf":[],"_links":{"self":[{"href":"https:\/\/www.sitem.fr\/en\/wp-json\/wp\/v2\/posts\/638","targetHints":{"allow":["GET"]}}],"collection":[{"href":"https:\/\/www.sitem.fr\/en\/wp-json\/wp\/v2\/posts"}],"about":[{"href":"https:\/\/www.sitem.fr\/en\/wp-json\/wp\/v2\/types\/post"}],"author":[{"embeddable":true,"href":"https:\/\/www.sitem.fr\/en\/wp-json\/wp\/v2\/users\/2"}],"replies":[{"embeddable":true,"href":"https:\/\/www.sitem.fr\/en\/wp-json\/wp\/v2\/comments?post=638"}],"version-history":[{"count":17,"href":"https:\/\/www.sitem.fr\/en\/wp-json\/wp\/v2\/posts\/638\/revisions"}],"predecessor-version":[{"id":10789,"href":"https:\/\/www.sitem.fr\/en\/wp-json\/wp\/v2\/posts\/638\/revisions\/10789"}],"wp:attachment":[{"href":"https:\/\/www.sitem.fr\/en\/wp-json\/wp\/v2\/media?parent=638"}],"wp:term":[{"taxonomy":"category","embeddable":true,"href":"https:\/\/www.sitem.fr\/en\/wp-json\/wp\/v2\/categories?post=638"},{"taxonomy":"post_tag","embeddable":true,"href":"https:\/\/www.sitem.fr\/en\/wp-json\/wp\/v2\/tags?post=638"}],"curies":[{"name":"wp","href":"https:\/\/api.w.org\/{rel}","templated":true}]}}