{"id":6872,"date":"2016-05-31T21:42:50","date_gmt":"2016-05-31T19:42:50","guid":{"rendered":"https:\/\/www.sitem.fr\/?p=6872"},"modified":"2016-06-01T09:39:21","modified_gmt":"2016-06-01T07:39:21","slug":"exhibit-group-parmi-nous-exposition-urbaine-amiens","status":"publish","type":"post","link":"https:\/\/www.sitem.fr\/en\/exhibit-group-parmi-nous-exposition-urbaine-amiens\/","title":{"rendered":"Exhibit Group contribue \u00e0 &#8220;Parmi nous&#8221;, l&#8217;exposition urbaine permanente d&#8217;Amiens"},"content":{"rendered":"<p style=\"text-align: justify;\">Depuis le 23 avril et jusqu&#8217;au 18 novembre 2016, le visiteur qui parcourt les rues d&#8217;Amiens aura la surprise et le plaisir de d\u00e9couvrir 25 grandes affiches sur les murs de la ville.<\/p>\n<div id=\"attachment_6873\" style=\"width: 506px\" class=\"wp-caption aligncenter\"><a href=\"https:\/\/www.sitem.fr\/wp-content\/uploads\/2016\/05\/Exhibit-Group_mai-2016_2.jpg\"><img loading=\"lazy\" decoding=\"async\" aria-describedby=\"caption-attachment-6873\" class=\" wp-image-6873\" src=\"https:\/\/www.sitem.fr\/wp-content\/uploads\/2016\/05\/Exhibit-Group_mai-2016_2.jpg\" alt=\"&quot;Parmi nous&quot;, Amiens. Direction artistique et r\u00e9alisation : Lucie Lom\" width=\"496\" height=\"334\" \/><\/a><p id=\"caption-attachment-6873\" class=\"wp-caption-text\">&#8220;Parmi nous&#8221;, Amiens. Direction artistique et r\u00e9alisation : Lucie Lom<\/p><\/div>\n<p style=\"text-align: justify;\">A l&#8217;occasion des comm\u00e9morations du centenaire de la Grande Guerre, Amiens a en effet souhait\u00e9 rendre hommage aux soldats et civils touch\u00e9s par celle qui devait \u00eatre la &#8220;der des der&#8221;.<\/p>\n<p style=\"text-align: justify;\">Les personnages qui figurent sur les visuels en papier sont issus de photographies d&#8217;archives et repr\u00e9sentent les 25 nations engag\u00e9es pour la bataille de la Somme.<\/p>\n<p style=\"text-align: justify;\">Les visuels imprim\u00e9s en papier dos bleu 120g pour un total de 420m2, ont \u00e9t\u00e9 r\u00e9alis\u00e9s par <strong>Exhibit Group<\/strong> sur une sc\u00e9nographie orchestr\u00e9e par Lucie Lom.<\/p>\n<div id=\"attachment_6875\" style=\"width: 506px\" class=\"wp-caption aligncenter\"><a href=\"https:\/\/www.sitem.fr\/wp-content\/uploads\/2016\/05\/Exhibit-Group_mai-2016_3.jpg\"><img loading=\"lazy\" decoding=\"async\" aria-describedby=\"caption-attachment-6875\" class=\" wp-image-6875\" src=\"https:\/\/www.sitem.fr\/wp-content\/uploads\/2016\/05\/Exhibit-Group_mai-2016_3.jpg\" alt=\"&quot;Parmi nous&quot;, Amiens. Direction artistique et r\u00e9alisation : Lucie Lom\" width=\"496\" height=\"334\" \/><\/a><p id=\"caption-attachment-6875\" class=\"wp-caption-text\">&#8220;Parmi nous&#8221;, Amiens. Direction artistique et r\u00e9alisation : Lucie Lom<\/p><\/div>\n<p style=\"text-align: justify;\">Les affiches ont \u00e9t\u00e9 livr\u00e9es \u00e0 Amiens pour \u00eatre encoll\u00e9es par les \u00e9quipes sc\u00e9nographiques directement sur les fa\u00e7ades des immeubles. Des panneaux en aluminium dibond 3mm \u00e9galement imprim\u00e9s et livr\u00e9s par le sp\u00e9cialiste de la signal\u00e9tique, Exhibit Group, viennent compl\u00e9ter ce dispositif.<\/p>\n<div id=\"attachment_6876\" style=\"width: 506px\" class=\"wp-caption aligncenter\"><a href=\"https:\/\/www.sitem.fr\/wp-content\/uploads\/2016\/05\/Exhibit-Group_mai-2016_1.jpg\"><img loading=\"lazy\" decoding=\"async\" aria-describedby=\"caption-attachment-6876\" class=\" wp-image-6876\" src=\"https:\/\/www.sitem.fr\/wp-content\/uploads\/2016\/05\/Exhibit-Group_mai-2016_1.jpg\" alt=\"&quot;Parmi nous&quot;, Amiens. Direction artistique et r\u00e9alisation : Lucie Lom\" width=\"496\" height=\"334\" \/><\/a><p id=\"caption-attachment-6876\" class=\"wp-caption-text\">&#8220;Parmi nous&#8221;, Amiens. Direction artistique et r\u00e9alisation : Lucie Lom<\/p><\/div>\n<p style=\"text-align: justify;\">En faisant corps avec les asp\u00e9rit\u00e9s des fa\u00e7ades, ces trompe-l&#8217;oeil proposent une immersion dans l&#8217;histoire et une approche vivante de la ville.<\/p>\n<p style=\"text-align: justify;\"><a href=\"http:\/\/www.exhibitgroup.fr\" target=\"_blank\">www.exhibitgroup.fr<\/a><\/p>\n<p style=\"text-align: justify;\"><strong>Consultez la <a href=\"http:\/\/www.museumexperts.com\/nos_services\/annuaire\/prestataire\/2559\" target=\"_blank\">Fiche Annuaire<\/a> de EXHIBIT GROUP<\/strong><\/p>\n","protected":false},"excerpt":{"rendered":"Depuis le 23 avril et jusqu&#8217;au 18 novembre 2016, le visiteur qui parcourt les rues d&#8217;Amiens aura la surprise et le plaisir de d\u00e9couvrir 25 grandes affiches sur les murs de la ville. A l&#8217;occasion des comm\u00e9morations du centenaire de la Grande Guerre, Amiens a en effet souhait\u00e9 rendre hommage aux soldats et civils touch\u00e9s&#8230; <br><a class=\"readm\" href=\"https:\/\/www.sitem.fr\/en\/exhibit-group-parmi-nous-exposition-urbaine-amiens\/\">Read more<\/a>","protected":false},"author":2,"featured_media":6874,"comment_status":"open","ping_status":"open","sticky":false,"template":"","format":"standard","meta":{"_acf_changed":false,"footnotes":""},"categories":[220,1],"tags":[447,243],"class_list":["post-6872","post","type-post","status-publish","format-standard","has-post-thumbnail","hentry","category-impression","category-non-classifiee","tag-amiens","tag-exhibit-group"],"acf":[],"_links":{"self":[{"href":"https:\/\/www.sitem.fr\/en\/wp-json\/wp\/v2\/posts\/6872","targetHints":{"allow":["GET"]}}],"collection":[{"href":"https:\/\/www.sitem.fr\/en\/wp-json\/wp\/v2\/posts"}],"about":[{"href":"https:\/\/www.sitem.fr\/en\/wp-json\/wp\/v2\/types\/post"}],"author":[{"embeddable":true,"href":"https:\/\/www.sitem.fr\/en\/wp-json\/wp\/v2\/users\/2"}],"replies":[{"embeddable":true,"href":"https:\/\/www.sitem.fr\/en\/wp-json\/wp\/v2\/comments?post=6872"}],"version-history":[{"count":3,"href":"https:\/\/www.sitem.fr\/en\/wp-json\/wp\/v2\/posts\/6872\/revisions"}],"predecessor-version":[{"id":6917,"href":"https:\/\/www.sitem.fr\/en\/wp-json\/wp\/v2\/posts\/6872\/revisions\/6917"}],"wp:featuredmedia":[{"embeddable":true,"href":"https:\/\/www.sitem.fr\/en\/wp-json\/wp\/v2\/media\/6874"}],"wp:attachment":[{"href":"https:\/\/www.sitem.fr\/en\/wp-json\/wp\/v2\/media?parent=6872"}],"wp:term":[{"taxonomy":"category","embeddable":true,"href":"https:\/\/www.sitem.fr\/en\/wp-json\/wp\/v2\/categories?post=6872"},{"taxonomy":"post_tag","embeddable":true,"href":"https:\/\/www.sitem.fr\/en\/wp-json\/wp\/v2\/tags?post=6872"}],"curies":[{"name":"wp","href":"https:\/\/api.w.org\/{rel}","templated":true}]}}