{"id":7031,"date":"2016-06-29T18:54:07","date_gmt":"2016-06-29T16:54:07","guid":{"rendered":"https:\/\/www.sitem.fr\/?p=7031"},"modified":"2018-10-08T17:26:10","modified_gmt":"2018-10-08T15:26:10","slug":"kascen-exposition-musee-international-parfumerie-grasse","status":"publish","type":"post","link":"https:\/\/www.sitem.fr\/en\/kascen-exposition-musee-international-parfumerie-grasse\/","title":{"rendered":"Kascen signe la sc\u00e9nographie de la nouvelle exposition temporaire du Mus\u00e9e international de la Parfumerie \u00e0 Grasse"},"content":{"rendered":"<div id=\"attachment_7033\" style=\"width: 312px\" class=\"wp-caption alignright\"><a href=\"https:\/\/www.sitem.fr\/wp-content\/uploads\/2016\/06\/Kascen-juin-2016-2.jpeg\"><img loading=\"lazy\" decoding=\"async\" aria-describedby=\"caption-attachment-7033\" class=\" wp-image-7033\" src=\"https:\/\/www.sitem.fr\/wp-content\/uploads\/2016\/06\/Kascen-juin-2016-2.jpeg\" alt=\"&quot;De la Belle \u00c9poque aux Ann\u00e9es folles\u201d, Mus\u00e9e international de la Parfumerie \u00e0 Grasse. Cr\u00e9dits : Kascen\" width=\"302\" height=\"399\" \/><\/a><p id=\"caption-attachment-7033\" class=\"wp-caption-text\">&#8220;De la Belle \u00c9poque aux Ann\u00e9es folles\u201d, Mus\u00e9e international de la Parfumerie \u00e0 Grasse. Cr\u00e9dits : Kascen<\/p><\/div>\n<p style=\"text-align: justify;\">\u00c0 l\u2019occasion de sa nouvelle exposition temporaire \u201cDe la Belle \u00c9poque aux Ann\u00e9es folles\u201d, le Mus\u00e9e international de la Parfumerie \u00e0 Grasse (Alpes maritimes, France) a confi\u00e9 \u00e0 <strong>Kascen<\/strong>, pour la seconde ann\u00e9e cons\u00e9cutive, la conception et la r\u00e9alisation de la sc\u00e9nographie de ce temps fort estival.<\/p>\n<p style=\"text-align: justify;\">Autour d\u2019une magnifique collection de mobiliers, objets de design, \u0153uvres picturales et graphiques issue de l\u2019Art nouveau et l\u2019Art d\u00e9co, l\u2019\u00e9quipe de Kascen a d\u00e9ploy\u00e9 une sc\u00e9nographie organique et stylis\u00e9e qui offre la part belle aux tr\u00e9sors des grands ma\u00eetres du tournant du 20e si\u00e8cle.<\/p>\n<div id=\"attachment_7034\" style=\"width: 311px\" class=\"wp-caption alignright\"><a href=\"https:\/\/www.sitem.fr\/wp-content\/uploads\/2016\/06\/Kascen-juin-2016-3.jpeg\"><img loading=\"lazy\" decoding=\"async\" aria-describedby=\"caption-attachment-7034\" class=\" wp-image-7034\" src=\"https:\/\/www.sitem.fr\/wp-content\/uploads\/2016\/06\/Kascen-juin-2016-3.jpeg\" alt=\"&quot;De la Belle \u00c9poque aux Ann\u00e9es folles\u201d, Mus\u00e9e international de la Parfumerie \u00e0 Grasse. Cr\u00e9dits : Kascen\" width=\"301\" height=\"228\" \/><\/a><p id=\"caption-attachment-7034\" class=\"wp-caption-text\">&#8220;De la Belle \u00c9poque aux Ann\u00e9es folles\u201d, Mus\u00e9e international de la Parfumerie \u00e0 Grasse. Cr\u00e9dits : Kascen<\/p><\/div>\n<p style=\"text-align: justify;\">Ouvert tous les jours du 11 juin au 30 septembre de 10h \u00e0 19h.<\/p>\n<p style=\"text-align: justify;\"><a href=\"http:\/\/www.kascen.com\/\" target=\"_blank\">www.kascen.com<\/a><\/p>\n<p style=\"text-align: justify;\"><strong>Consultez la <a href=\"http:\/\/www.museumexperts.com\/nos_services\/annuaire\/prestataire\/3772\" target=\"_blank\">Fiche Annuaire<\/a> de l&#8217;agence KASCEN<\/strong><\/p>\n","protected":false},"excerpt":{"rendered":"\u00c0 l\u2019occasion de sa nouvelle exposition temporaire \u201cDe la Belle \u00c9poque aux Ann\u00e9es folles\u201d, le Mus\u00e9e international de la Parfumerie \u00e0 Grasse (Alpes maritimes, France) a confi\u00e9 \u00e0 Kascen, pour la seconde ann\u00e9e cons\u00e9cutive, la conception et la r\u00e9alisation de la sc\u00e9nographie de ce temps fort estival. Autour d\u2019une magnifique collection de mobiliers, objets de&#8230; <br><a class=\"readm\" href=\"https:\/\/www.sitem.fr\/en\/kascen-exposition-musee-international-parfumerie-grasse\/\">Read more<\/a>","protected":false},"author":2,"featured_media":7032,"comment_status":"open","ping_status":"open","sticky":false,"template":"","format":"standard","meta":{"_acf_changed":false,"footnotes":""},"categories":[1],"tags":[31,378],"class_list":["post-7031","post","type-post","status-publish","format-standard","has-post-thumbnail","hentry","category-non-classifiee","tag-kascen","tag-musee-international-de-la-parfumerie"],"acf":[],"_links":{"self":[{"href":"https:\/\/www.sitem.fr\/en\/wp-json\/wp\/v2\/posts\/7031","targetHints":{"allow":["GET"]}}],"collection":[{"href":"https:\/\/www.sitem.fr\/en\/wp-json\/wp\/v2\/posts"}],"about":[{"href":"https:\/\/www.sitem.fr\/en\/wp-json\/wp\/v2\/types\/post"}],"author":[{"embeddable":true,"href":"https:\/\/www.sitem.fr\/en\/wp-json\/wp\/v2\/users\/2"}],"replies":[{"embeddable":true,"href":"https:\/\/www.sitem.fr\/en\/wp-json\/wp\/v2\/comments?post=7031"}],"version-history":[{"count":7,"href":"https:\/\/www.sitem.fr\/en\/wp-json\/wp\/v2\/posts\/7031\/revisions"}],"predecessor-version":[{"id":10904,"href":"https:\/\/www.sitem.fr\/en\/wp-json\/wp\/v2\/posts\/7031\/revisions\/10904"}],"wp:featuredmedia":[{"embeddable":true,"href":"https:\/\/www.sitem.fr\/en\/wp-json\/wp\/v2\/media\/7032"}],"wp:attachment":[{"href":"https:\/\/www.sitem.fr\/en\/wp-json\/wp\/v2\/media?parent=7031"}],"wp:term":[{"taxonomy":"category","embeddable":true,"href":"https:\/\/www.sitem.fr\/en\/wp-json\/wp\/v2\/categories?post=7031"},{"taxonomy":"post_tag","embeddable":true,"href":"https:\/\/www.sitem.fr\/en\/wp-json\/wp\/v2\/tags?post=7031"}],"curies":[{"name":"wp","href":"https:\/\/api.w.org\/{rel}","templated":true}]}}