{"id":7085,"date":"2016-06-29T18:44:40","date_gmt":"2016-06-29T16:44:40","guid":{"rendered":"https:\/\/www.sitem.fr\/?p=7085"},"modified":"2016-06-30T23:54:21","modified_gmt":"2016-06-30T21:54:21","slug":"exhibit-group-galerie-carrosses-chateau-de-versailles","status":"publish","type":"post","link":"https:\/\/www.sitem.fr\/en\/exhibit-group-galerie-carrosses-chateau-de-versailles\/","title":{"rendered":"Exhibit Group pour le Ch\u00e2teau de Versailles"},"content":{"rendered":"<p style=\"text-align: justify;\">La Galerie des Carrosses, situ\u00e9e dans la Grande Ecurie du roi du Ch\u00e2teau de Versailles, a r\u00e9-ouvert le 10 mai dernier apr\u00e8s avoir \u00e9t\u00e9 enti\u00e8rement repens\u00e9e. La mus\u00e9ographie accorde une grande importance \u00e0 l&#8217;\u00e9clairage, qui magnifie les carrosses en bois et en bronze dor\u00e9 tout en mettant en valeur l&#8217;architecture de la Galerie.<\/p>\n<p style=\"text-align: justify;\">C&#8217;est dans ce cadre qu&#8217;<strong>Exhibit Group<\/strong> a \u00e9t\u00e9 missionn\u00e9 par le Ch\u00e2teau de Versailles par l&#8217;interm\u00e9diaire du sc\u00e9nographe Fr\u00e9d\u00e9ric Beauclair avec qui travaille r\u00e9guli\u00e8rement le sp\u00e9cialiste de la signal\u00e9tique, de l&#8217;affichage et de l&#8217;am\u00e9nagement.<br \/>\nLes \u00e9quipes d&#8217;<strong>Exhibit Group<\/strong> ont ainsi fabriqu\u00e9 puis install\u00e9 des d\u00e9cors en tissu <em>Artist Light<\/em> pour habiller des caissons lumineux ainsi qu&#8217;un d\u00e9cor qui devait r\u00e9pondre \u00e0 la contrainte de ne laisser voir aucun raccord, une sp\u00e9cificit\u00e9 propre aux solutions lumineuses.<\/p>\n<div id=\"attachment_7147\" style=\"width: 510px\" class=\"wp-caption aligncenter\"><a href=\"https:\/\/www.sitem.fr\/wp-content\/uploads\/2016\/06\/Exhibit-Group-juin-2016-2.jpeg\"><img loading=\"lazy\" decoding=\"async\" aria-describedby=\"caption-attachment-7147\" class=\" wp-image-7147\" src=\"https:\/\/www.sitem.fr\/wp-content\/uploads\/2016\/06\/Exhibit-Group-juin-2016-2.jpeg\" alt=\"Galerie des Carrosses, Grande Ecurie du roi du Ch\u00e2teau de Versailles. Cr\u00e9dits : Exhibit Group\" width=\"500\" height=\"378\" \/><\/a><p id=\"caption-attachment-7147\" class=\"wp-caption-text\">Galerie des Carrosses, Grande Ecurie du roi du Ch\u00e2teau de Versailles. Cr\u00e9dits : Exhibit Group<\/p><\/div>\n<p style=\"text-align: justify;\"><strong>Exhibit Group<\/strong> a donc fourni et pos\u00e9 un d\u00e9cor en coton 280g d&#8217;un seul morceau de 750x760cm (sur une laize de 8 m\u00e8tres), r\u00e9alis\u00e9 en une mati\u00e8re sp\u00e9cifique imprimable.<\/p>\n<div id=\"attachment_7148\" style=\"width: 422px\" class=\"wp-caption aligncenter\"><a href=\"https:\/\/www.sitem.fr\/wp-content\/uploads\/2016\/06\/Exhibit-Group-juin-2016-3.jpeg\"><img loading=\"lazy\" decoding=\"async\" aria-describedby=\"caption-attachment-7148\" class=\" wp-image-7148\" src=\"https:\/\/www.sitem.fr\/wp-content\/uploads\/2016\/06\/Exhibit-Group-juin-2016-3.jpeg\" alt=\"Galerie des Carrosses, Grande Ecurie du roi du Ch\u00e2teau de Versailles. Cr\u00e9dits : Exhibit Group\" width=\"412\" height=\"547\" \/><\/a><p id=\"caption-attachment-7148\" class=\"wp-caption-text\">Galerie des Carrosses, Grande Ecurie du roi du Ch\u00e2teau de Versailles. Cr\u00e9dits : Exhibit Group<\/p><\/div>\n<p style=\"text-align: justify;\">L\u2019impression grand format d\u00e9passe ses limites chaque jour !<\/p>\n<p style=\"text-align: justify;\"><a href=\"http:\/\/www.exhibitgroup.fr\/\" target=\"_blank\">www.exhibitgroup.fr<\/a><\/p>\n<p style=\"text-align: justify;\"><strong>Consultez la <a href=\"http:\/\/www.museumexperts.com\/nos_services\/annuaire\/prestataire\/2559\" target=\"_blank\">Fiche Annuaire<\/a> de EXHIBIT GROUP<\/strong><\/p>\n","protected":false},"excerpt":{"rendered":"La Galerie des Carrosses, situ\u00e9e dans la Grande Ecurie du roi du Ch\u00e2teau de Versailles, a r\u00e9-ouvert le 10 mai dernier apr\u00e8s avoir \u00e9t\u00e9 enti\u00e8rement repens\u00e9e. La mus\u00e9ographie accorde une grande importance \u00e0 l&#8217;\u00e9clairage, qui magnifie les carrosses en bois et en bronze dor\u00e9 tout en mettant en valeur l&#8217;architecture de la Galerie. C&#8217;est dans&#8230; <br><a class=\"readm\" href=\"https:\/\/www.sitem.fr\/en\/exhibit-group-galerie-carrosses-chateau-de-versailles\/\">Read more<\/a>","protected":false},"author":2,"featured_media":7146,"comment_status":"open","ping_status":"open","sticky":false,"template":"","format":"standard","meta":{"_acf_changed":false,"footnotes":""},"categories":[142,1],"tags":[243],"class_list":["post-7085","post","type-post","status-publish","format-standard","has-post-thumbnail","hentry","category-agencement","category-non-classifiee","tag-exhibit-group"],"acf":[],"_links":{"self":[{"href":"https:\/\/www.sitem.fr\/en\/wp-json\/wp\/v2\/posts\/7085","targetHints":{"allow":["GET"]}}],"collection":[{"href":"https:\/\/www.sitem.fr\/en\/wp-json\/wp\/v2\/posts"}],"about":[{"href":"https:\/\/www.sitem.fr\/en\/wp-json\/wp\/v2\/types\/post"}],"author":[{"embeddable":true,"href":"https:\/\/www.sitem.fr\/en\/wp-json\/wp\/v2\/users\/2"}],"replies":[{"embeddable":true,"href":"https:\/\/www.sitem.fr\/en\/wp-json\/wp\/v2\/comments?post=7085"}],"version-history":[{"count":3,"href":"https:\/\/www.sitem.fr\/en\/wp-json\/wp\/v2\/posts\/7085\/revisions"}],"predecessor-version":[{"id":7149,"href":"https:\/\/www.sitem.fr\/en\/wp-json\/wp\/v2\/posts\/7085\/revisions\/7149"}],"wp:featuredmedia":[{"embeddable":true,"href":"https:\/\/www.sitem.fr\/en\/wp-json\/wp\/v2\/media\/7146"}],"wp:attachment":[{"href":"https:\/\/www.sitem.fr\/en\/wp-json\/wp\/v2\/media?parent=7085"}],"wp:term":[{"taxonomy":"category","embeddable":true,"href":"https:\/\/www.sitem.fr\/en\/wp-json\/wp\/v2\/categories?post=7085"},{"taxonomy":"post_tag","embeddable":true,"href":"https:\/\/www.sitem.fr\/en\/wp-json\/wp\/v2\/tags?post=7085"}],"curies":[{"name":"wp","href":"https:\/\/api.w.org\/{rel}","templated":true}]}}