{"id":7087,"date":"2016-06-29T18:58:09","date_gmt":"2016-06-29T16:58:09","guid":{"rendered":"https:\/\/www.sitem.fr\/?p=7087"},"modified":"2016-06-30T23:31:44","modified_gmt":"2016-06-30T21:31:44","slug":"life-design-sonorisation-chateau-clos-luce","status":"publish","type":"post","link":"https:\/\/www.sitem.fr\/en\/life-design-sonorisation-chateau-clos-luce\/","title":{"rendered":"Life Design Sonore : sonorisation d\u2019un nouvel espace au Ch\u00e2teau du Clos Luc\u00e9"},"content":{"rendered":"<p style=\"text-align: justify;\">Au c\u0153ur d\u2019un parc de 7 hectares du Val de Loire, le <a href=\"http:\/\/vinci-closluce.com\/fr\/\" target=\"_blank\">Ch\u00e2teau du Clos Luc\u00e9<\/a> est enti\u00e8rement consacr\u00e9 \u00e0 l\u2019univers de L\u00e9onard de Vinci.<\/p>\n<p style=\"text-align: justify;\">Depuis mi-juin, trois nouvelles salles du monument historique sont ouvertes au public, permettant de d\u00e9couvrir un atelier, une biblioth\u00e8que et un boudoir dans lesquelles l\u2019artiste aurait pu \u00e9voluer pendant les quelques ann\u00e9es de son s\u00e9jour au Ch\u00e2teau. Un travail de mise en sc\u00e8ne a \u00e9t\u00e9 r\u00e9alis\u00e9 pour faire naviguer le visiteur dans ces espaces, tout en le guidant \u00e0 l\u2019aide d\u2019une bande son.<\/p>\n<p style=\"text-align: justify;\"><a href=\"https:\/\/www.sitem.fr\/wp-content\/uploads\/2016\/06\/\u00ac\u00a9-ChaA\u0303C\u0327teau-du-Clos-LuceA\u0303A\u030a.jpeg\"><img loading=\"lazy\" decoding=\"async\" class=\"aligncenter size-full wp-image-7088\" src=\"https:\/\/www.sitem.fr\/wp-content\/uploads\/2016\/06\/\u00ac\u00a9-ChaA\u0303C\u0327teau-du-Clos-LuceA\u0303A\u030a.jpeg\" alt=\"Ch\u00e2teau du Clos Luc\u00e9\" width=\"800\" height=\"562\" srcset=\"https:\/\/www.sitem.fr\/wp-content\/uploads\/2016\/06\/\u00ac\u00a9-ChaA\u0303C\u0327teau-du-Clos-LuceA\u0303A\u030a.jpeg 800w, https:\/\/www.sitem.fr\/wp-content\/uploads\/2016\/06\/\u00ac\u00a9-ChaA\u0303C\u0327teau-du-Clos-LuceA\u0303A\u030a-600x422.jpeg 600w, https:\/\/www.sitem.fr\/wp-content\/uploads\/2016\/06\/\u00ac\u00a9-ChaA\u0303C\u0327teau-du-Clos-LuceA\u0303A\u030a-300x211.jpeg 300w, https:\/\/www.sitem.fr\/wp-content\/uploads\/2016\/06\/\u00ac\u00a9-ChaA\u0303C\u0327teau-du-Clos-LuceA\u0303A\u030a-768x540.jpeg 768w\" sizes=\"auto, (max-width: 800px) 100vw, 800px\" \/><\/a><\/p>\n<p style=\"text-align: justify;\">L\u2019\u00e9quipe de <strong>Life Design Sonore<\/strong> (Alain Richon et Simon Cacheux) est intervenue sur l\u2019am\u00e9nagement sonore des lieux, afin de mettre en valeur le travail du sc\u00e9nographe Jean Baptiste Pontecorvo. La cr\u00e9ation sonore mettant en sc\u00e8ne la voix de L\u00e9onard de Vinci, v\u00e9ritable guide pour le public, s\u2019appuie sur le mobilier et le d\u00e9cor des nouvelles salles.<\/p>\n<p style=\"text-align: justify;\">L\u2019expertise apport\u00e9e par <strong>Life Design Sonore<\/strong> sur la mise en espace du son (gr\u00e2ce \u00e0 six points de diffusion) et l\u2019int\u00e9gration de vibreurs au sein m\u00eame de la sc\u00e9nographie, permettent au Ch\u00e2teau du Clos Luc\u00e9 de proposer aux nombreux visiteurs une v\u00e9ritable immersion dans l\u2019univers de L\u00e9onard de Vinci.<\/p>\n<p style=\"text-align: justify;\"><em>Cr\u00e9dits photographiques : Ch\u00e2teau du Clos Luc\u00e9, L\u00e9onard de Serres.<\/em><\/p>\n<p style=\"text-align: justify;\"><a href=\"http:\/\/www.lifeds.fr\/\" target=\"_blank\">www.lifeds.fr<\/a><\/p>\n<p style=\"text-align: justify;\"><strong>Consultez la <a href=\"http:\/\/www.museumexperts.com\/nos_services\/annuaire\/prestataire\/4248\" target=\"_blank\">Fiche Annuaire<\/a> de LIFE DESIGN SONORE<\/strong><\/p>\n","protected":false},"excerpt":{"rendered":"Au c\u0153ur d\u2019un parc de 7 hectares du Val de Loire, le Ch\u00e2teau du Clos Luc\u00e9 est enti\u00e8rement consacr\u00e9 \u00e0 l\u2019univers de L\u00e9onard de Vinci. Depuis mi-juin, trois nouvelles salles du monument historique sont ouvertes au public, permettant de d\u00e9couvrir un atelier, une biblioth\u00e8que et un boudoir dans lesquelles l\u2019artiste aurait pu \u00e9voluer pendant les&#8230; <br><a class=\"readm\" href=\"https:\/\/www.sitem.fr\/en\/life-design-sonorisation-chateau-clos-luce\/\">Read more<\/a>","protected":false},"author":2,"featured_media":7089,"comment_status":"open","ping_status":"open","sticky":false,"template":"","format":"standard","meta":{"_acf_changed":false,"footnotes":""},"categories":[1,154],"tags":[325],"class_list":["post-7087","post","type-post","status-publish","format-standard","has-post-thumbnail","hentry","category-non-classifiee","category-son-2","tag-life-design-sonore"],"acf":[],"_links":{"self":[{"href":"https:\/\/www.sitem.fr\/en\/wp-json\/wp\/v2\/posts\/7087","targetHints":{"allow":["GET"]}}],"collection":[{"href":"https:\/\/www.sitem.fr\/en\/wp-json\/wp\/v2\/posts"}],"about":[{"href":"https:\/\/www.sitem.fr\/en\/wp-json\/wp\/v2\/types\/post"}],"author":[{"embeddable":true,"href":"https:\/\/www.sitem.fr\/en\/wp-json\/wp\/v2\/users\/2"}],"replies":[{"embeddable":true,"href":"https:\/\/www.sitem.fr\/en\/wp-json\/wp\/v2\/comments?post=7087"}],"version-history":[{"count":3,"href":"https:\/\/www.sitem.fr\/en\/wp-json\/wp\/v2\/posts\/7087\/revisions"}],"predecessor-version":[{"id":7144,"href":"https:\/\/www.sitem.fr\/en\/wp-json\/wp\/v2\/posts\/7087\/revisions\/7144"}],"wp:featuredmedia":[{"embeddable":true,"href":"https:\/\/www.sitem.fr\/en\/wp-json\/wp\/v2\/media\/7089"}],"wp:attachment":[{"href":"https:\/\/www.sitem.fr\/en\/wp-json\/wp\/v2\/media?parent=7087"}],"wp:term":[{"taxonomy":"category","embeddable":true,"href":"https:\/\/www.sitem.fr\/en\/wp-json\/wp\/v2\/categories?post=7087"},{"taxonomy":"post_tag","embeddable":true,"href":"https:\/\/www.sitem.fr\/en\/wp-json\/wp\/v2\/tags?post=7087"}],"curies":[{"name":"wp","href":"https:\/\/api.w.org\/{rel}","templated":true}]}}