{"id":7219,"date":"2016-08-29T11:37:05","date_gmt":"2016-08-29T09:37:05","guid":{"rendered":"https:\/\/www.sitem.fr\/?p=7219"},"modified":"2016-09-06T14:33:48","modified_gmt":"2016-09-06T12:33:48","slug":"maq2-amenagement-divine-fromagerie","status":"publish","type":"post","link":"https:\/\/www.sitem.fr\/en\/maq2-amenagement-divine-fromagerie\/","title":{"rendered":"Maq2 contribue \u00e0 l&#8217;am\u00e9nagement de La Divine Fromagerie"},"content":{"rendered":"<p style=\"text-align: justify;\"><strong>Maq2<\/strong>, agence sp\u00e9cialis\u00e9e dans l&#8217;agencement d&#8217;espaces sc\u00e9nographi\u00e9s a contribu\u00e9 fin juin \u00e0 l&#8217;am\u00e9nagement de La Divine Fromagerie \u00e0 Illoud (Haute-Marne), un espace d&#8217;exposition d\u00e9di\u00e9 \u00e0 la marque Caprice des Dieux.<\/p>\n<p style=\"text-align: justify;\">L&#8217;inauguration du lieu co\u00efncidait avec les 60 ans d&#8217;existence de la fromagerie Bon Grain et de son produit embl\u00e9matique, le Caprice des Dieux.<\/p>\n<p style=\"text-align: justify;\"><strong>Maq2<\/strong> a r\u00e9alis\u00e9 une carte relief et des manipes interactives et a \u00e9galement install\u00e9 une vache taille r\u00e9elle avec un dispositif pour pouvoir la traire ainsi qu&#8217;un d\u00e9cor avec une 2CV camionnette d&#8217;\u00e9poque.<\/p>\n<div id=\"attachment_7218\" style=\"width: 650px\" class=\"wp-caption aligncenter\"><a href=\"https:\/\/www.sitem.fr\/wp-content\/uploads\/2016\/07\/Maq2-juillet2016-2.jpeg\"><img loading=\"lazy\" decoding=\"async\" aria-describedby=\"caption-attachment-7218\" class=\"size-full wp-image-7218\" src=\"https:\/\/www.sitem.fr\/wp-content\/uploads\/2016\/07\/Maq2-juillet2016-2.jpeg\" alt=\"La Divine Fromagerie, Illoud. Cr\u00e9dits : Maq2\" width=\"640\" height=\"480\" srcset=\"https:\/\/www.sitem.fr\/wp-content\/uploads\/2016\/07\/Maq2-juillet2016-2.jpeg 640w, https:\/\/www.sitem.fr\/wp-content\/uploads\/2016\/07\/Maq2-juillet2016-2-600x450.jpeg 600w, https:\/\/www.sitem.fr\/wp-content\/uploads\/2016\/07\/Maq2-juillet2016-2-300x225.jpeg 300w, https:\/\/www.sitem.fr\/wp-content\/uploads\/2016\/07\/Maq2-juillet2016-2-80x60.jpeg 80w\" sizes=\"auto, (max-width: 640px) 100vw, 640px\" \/><\/a><p id=\"caption-attachment-7218\" class=\"wp-caption-text\">La Divine Fromagerie, Illoud. Cr\u00e9dits : Maq2<\/p><\/div>\n<div id=\"attachment_7217\" style=\"width: 490px\" class=\"wp-caption aligncenter\"><a href=\"https:\/\/www.sitem.fr\/wp-content\/uploads\/2016\/07\/Maq2-juillet2016-1.jpeg\"><img loading=\"lazy\" decoding=\"async\" aria-describedby=\"caption-attachment-7217\" class=\"size-full wp-image-7217\" src=\"https:\/\/www.sitem.fr\/wp-content\/uploads\/2016\/07\/Maq2-juillet2016-1.jpeg\" alt=\"La Divine Fromagerie, Illoud. Cr\u00e9dits : Maq2\" width=\"480\" height=\"640\" srcset=\"https:\/\/www.sitem.fr\/wp-content\/uploads\/2016\/07\/Maq2-juillet2016-1.jpeg 480w, https:\/\/www.sitem.fr\/wp-content\/uploads\/2016\/07\/Maq2-juillet2016-1-330x440.jpeg 330w, https:\/\/www.sitem.fr\/wp-content\/uploads\/2016\/07\/Maq2-juillet2016-1-225x300.jpeg 225w\" sizes=\"auto, (max-width: 480px) 100vw, 480px\" \/><\/a><p id=\"caption-attachment-7217\" class=\"wp-caption-text\">La Divine Fromagerie, Illoud. Cr\u00e9dits : Maq2<\/p><\/div>\n<p style=\"text-align: justify;\"><a href=\"hhttp:\/\/www.maq2.com\/\" target=\"_blank\">www.maq2.com<\/a><\/p>\n<p style=\"text-align: justify;\"><strong>Consultez la <a href=\"http:\/\/www.museumexperts.com\/nos_services\/annuaire\/prestataire\/1410\" target=\"_blank\">Fiche Annuaire<\/a> de MAQ2<\/strong><\/p>\n","protected":false},"excerpt":{"rendered":"Maq2, agence sp\u00e9cialis\u00e9e dans l&#8217;agencement d&#8217;espaces sc\u00e9nographi\u00e9s a contribu\u00e9 fin juin \u00e0 l&#8217;am\u00e9nagement de La Divine Fromagerie \u00e0 Illoud (Haute-Marne), un espace d&#8217;exposition d\u00e9di\u00e9 \u00e0 la marque Caprice des Dieux. L&#8217;inauguration du lieu co\u00efncidait avec les 60 ans d&#8217;existence de la fromagerie Bon Grain et de son produit embl\u00e9matique, le Caprice des Dieux. Maq2 a&#8230; <br><a class=\"readm\" href=\"https:\/\/www.sitem.fr\/en\/maq2-amenagement-divine-fromagerie\/\">Read more<\/a>","protected":false},"author":2,"featured_media":7217,"comment_status":"open","ping_status":"open","sticky":false,"template":"","format":"standard","meta":{"_acf_changed":false,"footnotes":""},"categories":[1],"tags":[339],"class_list":["post-7219","post","type-post","status-publish","format-standard","has-post-thumbnail","hentry","category-non-classifiee","tag-maq-2"],"acf":[],"_links":{"self":[{"href":"https:\/\/www.sitem.fr\/en\/wp-json\/wp\/v2\/posts\/7219","targetHints":{"allow":["GET"]}}],"collection":[{"href":"https:\/\/www.sitem.fr\/en\/wp-json\/wp\/v2\/posts"}],"about":[{"href":"https:\/\/www.sitem.fr\/en\/wp-json\/wp\/v2\/types\/post"}],"author":[{"embeddable":true,"href":"https:\/\/www.sitem.fr\/en\/wp-json\/wp\/v2\/users\/2"}],"replies":[{"embeddable":true,"href":"https:\/\/www.sitem.fr\/en\/wp-json\/wp\/v2\/comments?post=7219"}],"version-history":[{"count":1,"href":"https:\/\/www.sitem.fr\/en\/wp-json\/wp\/v2\/posts\/7219\/revisions"}],"predecessor-version":[{"id":7220,"href":"https:\/\/www.sitem.fr\/en\/wp-json\/wp\/v2\/posts\/7219\/revisions\/7220"}],"wp:featuredmedia":[{"embeddable":true,"href":"https:\/\/www.sitem.fr\/en\/wp-json\/wp\/v2\/media\/7217"}],"wp:attachment":[{"href":"https:\/\/www.sitem.fr\/en\/wp-json\/wp\/v2\/media?parent=7219"}],"wp:term":[{"taxonomy":"category","embeddable":true,"href":"https:\/\/www.sitem.fr\/en\/wp-json\/wp\/v2\/categories?post=7219"},{"taxonomy":"post_tag","embeddable":true,"href":"https:\/\/www.sitem.fr\/en\/wp-json\/wp\/v2\/tags?post=7219"}],"curies":[{"name":"wp","href":"https:\/\/api.w.org\/{rel}","templated":true}]}}