{"id":7235,"date":"2016-08-29T11:34:44","date_gmt":"2016-08-29T09:34:44","guid":{"rendered":"https:\/\/www.sitem.fr\/?p=7235"},"modified":"2016-09-06T14:26:27","modified_gmt":"2016-09-06T12:26:27","slug":"skinsoft-centre-regional-lettres-midi-pyrenees","status":"publish","type":"post","link":"https:\/\/www.sitem.fr\/en\/skinsoft-centre-regional-lettres-midi-pyrenees\/","title":{"rendered":"SKINsoft choisi par le Centre R\u00e9gional des Lettres des Midi-Pyr\u00e9n\u00e9es"},"content":{"rendered":"<p style=\"text-align: justify;\"><strong>SKINsoft<\/strong> a \u00e9t\u00e9 choisi par le <a href=\"http:\/\/www.crl-midipyrenees.fr\/\" target=\"_blank\">Centre R\u00e9gional des Lettres des Midi-Pyr\u00e9n\u00e9es<\/a>, pour la gestion et la publication dans un portail num\u00e9rique contemporain de son patrimoine \u00e9crit, graphique et sonore.<\/p>\n<p style=\"text-align: justify;\"><a href=\"https:\/\/www.sitem.fr\/wp-content\/uploads\/2016\/09\/IMAGECRL1.jpg\"><img loading=\"lazy\" decoding=\"async\" class=\"aligncenter size-full wp-image-7238\" src=\"https:\/\/www.sitem.fr\/wp-content\/uploads\/2016\/09\/IMAGECRL1.jpg\" alt=\"SKINsoft-aout-2016\" width=\"800\" height=\"374\" srcset=\"https:\/\/www.sitem.fr\/wp-content\/uploads\/2016\/09\/IMAGECRL1.jpg 800w, https:\/\/www.sitem.fr\/wp-content\/uploads\/2016\/09\/IMAGECRL1-600x281.jpg 600w, https:\/\/www.sitem.fr\/wp-content\/uploads\/2016\/09\/IMAGECRL1-680x318.jpg 680w, https:\/\/www.sitem.fr\/wp-content\/uploads\/2016\/09\/IMAGECRL1-768x359.jpg 768w, https:\/\/www.sitem.fr\/wp-content\/uploads\/2016\/09\/IMAGECRL1-300x140.jpg 300w\" sizes=\"auto, (max-width: 800px) 100vw, 800px\" \/><\/a><em>Outil commun partag\u00e9<\/em>, un tout nouveau portail num\u00e9rique va \u00eatre mis en place afin de valoriser le patrimoine\u00a0 \u00e9crit, graphique et sonore de la r\u00e9gion Midi-Pyr\u00e9n\u00e9es et permettre la publication en ligne du fonds documentaire par tous les partenaires du r\u00e9seau du Centre R\u00e9gional des Lettres.<\/p>\n<p style=\"text-align: justify;\">Et ce via divers outils\u00a0: mise en ligne de fonds num\u00e9ris\u00e9s, moissonnage d&#8217;entrep\u00f4ts OAI, exposition de documents pour mise \u00e0 disposition aupr\u00e8s d&#8217;autres partenaires&#8230; pour un portail muni de nombreuses fonctionnalit\u00e9s de recherche, visualisation, g\u00e9olocalisation de documents, le tout dans des interfaces design, ergonomiques et intuitives r\u00e9alis\u00e9es par le studio de l\u2019Agence Priv\u00e9e.<\/p>\n<p style=\"text-align: justify;\"><a href=\"http:\/\/www.skinsoft.fr\/\">www.skinsoft.fr<\/a><\/p>\n<p style=\"text-align: justify;\"><strong>Consultez la <a href=\"http:\/\/www.museumexperts.com\/nos_services\/annuaire\/prestataire\/2463\" target=\"_blank\">Fiche Annuaire<\/a> de SKINsoft<\/strong><\/p>\n","protected":false},"excerpt":{"rendered":"SKINsoft a \u00e9t\u00e9 choisi par le Centre R\u00e9gional des Lettres des Midi-Pyr\u00e9n\u00e9es, pour la gestion et la publication dans un portail num\u00e9rique contemporain de son patrimoine \u00e9crit, graphique et sonore. Outil commun partag\u00e9, un tout nouveau portail num\u00e9rique va \u00eatre mis en place afin de valoriser le patrimoine\u00a0 \u00e9crit, graphique et sonore de la r\u00e9gion&#8230; <br><a class=\"readm\" href=\"https:\/\/www.sitem.fr\/en\/skinsoft-centre-regional-lettres-midi-pyrenees\/\">Read more<\/a>","protected":false},"author":2,"featured_media":7238,"comment_status":"open","ping_status":"open","sticky":false,"template":"","format":"standard","meta":{"_acf_changed":false,"footnotes":""},"categories":[147],"tags":[428],"class_list":["post-7235","post","type-post","status-publish","format-standard","has-post-thumbnail","hentry","category-gestion-informatisee-des-collections-2","tag-skinsoft"],"acf":[],"_links":{"self":[{"href":"https:\/\/www.sitem.fr\/en\/wp-json\/wp\/v2\/posts\/7235","targetHints":{"allow":["GET"]}}],"collection":[{"href":"https:\/\/www.sitem.fr\/en\/wp-json\/wp\/v2\/posts"}],"about":[{"href":"https:\/\/www.sitem.fr\/en\/wp-json\/wp\/v2\/types\/post"}],"author":[{"embeddable":true,"href":"https:\/\/www.sitem.fr\/en\/wp-json\/wp\/v2\/users\/2"}],"replies":[{"embeddable":true,"href":"https:\/\/www.sitem.fr\/en\/wp-json\/wp\/v2\/comments?post=7235"}],"version-history":[{"count":1,"href":"https:\/\/www.sitem.fr\/en\/wp-json\/wp\/v2\/posts\/7235\/revisions"}],"predecessor-version":[{"id":7239,"href":"https:\/\/www.sitem.fr\/en\/wp-json\/wp\/v2\/posts\/7235\/revisions\/7239"}],"wp:featuredmedia":[{"embeddable":true,"href":"https:\/\/www.sitem.fr\/en\/wp-json\/wp\/v2\/media\/7238"}],"wp:attachment":[{"href":"https:\/\/www.sitem.fr\/en\/wp-json\/wp\/v2\/media?parent=7235"}],"wp:term":[{"taxonomy":"category","embeddable":true,"href":"https:\/\/www.sitem.fr\/en\/wp-json\/wp\/v2\/categories?post=7235"},{"taxonomy":"post_tag","embeddable":true,"href":"https:\/\/www.sitem.fr\/en\/wp-json\/wp\/v2\/tags?post=7235"}],"curies":[{"name":"wp","href":"https:\/\/api.w.org\/{rel}","templated":true}]}}